{"id":4373,"date":"2011-10-26T19:48:04","date_gmt":"2011-10-26T18:48:04","guid":{"rendered":"http:\/\/www.prolocodeliceto.it\/zeroweb\/?p=4373"},"modified":"2011-10-27T18:37:36","modified_gmt":"2011-10-27T17:37:36","slug":"workshop-la-sfida-della-governance-nelle-politiche-ambientali","status":"publish","type":"post","link":"http:\/\/www.prolocodeliceto.it\/zeroweb\/?p=4373","title":{"rendered":"WORKSHOP: La Sfida della Governance nelle Politiche Ambientali"},"content":{"rendered":"<p>COMUNICATO STAMPA<\/p>\n<p>(CON PREGHIERA DI DIFFUSIONE)<\/p>\n<p>WORKSHOP : \u201cLA SFIDA DELLA GOVERNANCE NELLE POLITICHE AMBIENTALI\u201d<\/p>\n<p>Si terr\u00e0 Sabato 29 ottobre, dalle ore 9.00 alle 18.00, presso l\u2019Auditorium del Liceo Scientifico Statale \u201cA. Volta\u201d (via Martiri di Via Fani, 1 Foggia) il 3 ^ incontro previsto\u00a0 nel ciclo di workshop \u201cAmbiente, Energia &amp; Sviluppo: nuove frontiere per la Sostenibilit\u00e0 Ambientale\u201d, organizzati da A.FO.RI.S. \u2013 Impresa Sociale nell\u2019ambito del Master Quality Management. Sistemi di gestione integrata: Ambiente, Qualit\u00e0, Sicurezza e Responsabilit\u00e0 Sociale d\u2019Impresa, approvato dalla Provincia di Foggia con D.D. Settore Politiche del Lavoro del 22\/12\/2010 n. 4092, pubblicato sul BURP n. 194 del 30\/12\/2010.\u00a0<\/p>\n<p>L\u2019appuntamento, concepito quale momento di riflessione ed approfondimento delle problematiche legate alle politiche di governance, prevede i contributi dell\u2019 Assessore alle Attivit\u00e0 Produttive della Provincia di Foggia dott. Pasquale Pazienza e della dott.ssa Rosita Bortone, Presidente di UNAIS Societ\u00e0 Cooperativa.<\/p>\n<p>Particolarmente atteso l\u2019intervento del dott. Vincenzo Lauriola, socio-economista \u2013ambientale, etnologo e ricercatore dell\u2019INPA (Istituto Nazionale di Ricerche dell\u2019Amazzonia) organo pubblico federale del Ministero di Scienza e Tecnologia del governo brasiliano con sede a Manaus, in virt\u00f9 delle sue attivit\u00e0 di ricerca su temi socio ed etnoambientali, incentrate su realt\u00e0, dinamiche ed interessi delle popolazioni locali amazzoniche, principalmente indigene.<\/p>\n<p>La partecipazione al seminario \u00e8 gratuita ma a numero chiuso, pertanto \u00e8 obbligatoria la prenotazione compilando l\u2019apposito form scaricabile dal sito <a href=\"http:\/\/www.aforis.it\/\">www.aforis.it<\/a>.<\/p>\n<p>Alla fine dei lavori \u00e8 previsto il rilascio dell\u2019attestato di partecipazione.<\/p>\n<p>Si coglie l\u2019occasione per comunicare che, a causa di sopraggiunte necessit\u00e0, sono state apportate delle variazioni alle date dei workshop. Si prega, pertanto di prendere visione del programma aggiornato in allegato.<\/p>\n<p><a href=\"http:\/\/www.prolocodeliceto.it\/zeroweb\/wp-content\/uploads\/workshop_programma_rev011.pdf\">workshop_programma_rev01<\/a><\/p>\n<p>INFO E PRENOTAZIONI \u00a0 dott.ssa Rossella Di Toro A.FO.RI.S. &#8211; Impresa Sociale Sede Operativa Via Fraccacreta, 68 &#8211; 71121 Foggia Tel. +39.0881.633019 begin_of_the_skype_highlighting\u00a0\u00a0\u00a0\u00a0\u00a0\u00a0\u00a0\u00a0\u00a0\u00a0\u00a0\u00a0+39.0881.633019\u00a0\u00a0\u00a0\u00a0&amp;n! bsp;\u00a0end_of_the_skype_highlighting\u00a0 Fax +39.0881.687652 E-mail: comunicazione@aforis.it <a href=\"http:\/\/www.aforis.it\/\">www.aforis.it<\/a><\/p>\n","protected":false},"excerpt":{"rendered":"<p>COMUNICATO STAMPA (CON PREGHIERA DI DIFFUSIONE) WORKSHOP : \u201cLA SFIDA DELLA GOVERNANCE NELLE POLITICHE AMBIENTALI\u201d Si terr\u00e0 Sabato 29 ottobre, dalle ore 9.00 alle 18.00, presso l\u2019Auditorium del Liceo Scientifico Statale \u201cA. Volta\u201d (via Martiri di Via Fani, 1 Foggia) il 3 ^ incontro previsto\u00a0 nel ciclo di workshop \u201cAmbiente, Energia &amp; Sviluppo: nuove frontiere [&hellip;]<\/p>\n","protected":false},"author":29,"featured_media":0,"comment_status":"open","ping_status":"open","sticky":false,"template":"","format":"standard","meta":[],"categories":[7],"tags":[],"_links":{"self":[{"href":"http:\/\/www.prolocodeliceto.it\/zeroweb\/index.php?rest_route=\/wp\/v2\/posts\/4373"}],"collection":[{"href":"http:\/\/www.prolocodeliceto.it\/zeroweb\/index.php?rest_route=\/wp\/v2\/posts"}],"about":[{"href":"http:\/\/www.prolocodeliceto.it\/zeroweb\/index.php?rest_route=\/wp\/v2\/types\/post"}],"author":[{"embeddable":true,"href":"http:\/\/www.prolocodeliceto.it\/zeroweb\/index.php?rest_route=\/wp\/v2\/users\/29"}],"replies":[{"embeddable":true,"href":"http:\/\/www.prolocodeliceto.it\/zeroweb\/index.php?rest_route=%2Fwp%2Fv2%2Fcomments&post=4373"}],"version-history":[{"count":4,"href":"http:\/\/www.prolocodeliceto.it\/zeroweb\/index.php?rest_route=\/wp\/v2\/posts\/4373\/revisions"}],"predecessor-version":[{"id":4389,"href":"http:\/\/www.prolocodeliceto.it\/zeroweb\/index.php?rest_route=\/wp\/v2\/posts\/4373\/revisions\/4389"}],"wp:attachment":[{"href":"http:\/\/www.prolocodeliceto.it\/zeroweb\/index.php?rest_route=%2Fwp%2Fv2%2Fmedia&parent=4373"}],"wp:term":[{"taxonomy":"category","embeddable":true,"href":"http:\/\/www.prolocodeliceto.it\/zeroweb\/index.php?rest_route=%2Fwp%2Fv2%2Fcategories&post=4373"},{"taxonomy":"post_tag","embeddable":true,"href":"http:\/\/www.prolocodeliceto.it\/zeroweb\/index.php?rest_route=%2Fwp%2Fv2%2Ftags&post=4373"}],"curies":[{"name":"wp","href":"https:\/\/api.w.org\/{rel}","templated":true}]}}