{"id":3527,"date":"2011-06-06T11:25:31","date_gmt":"2011-06-06T10:25:31","guid":{"rendered":"http:\/\/www.prolocodeliceto.it\/zeroweb\/?p=3527"},"modified":"2011-06-07T20:09:47","modified_gmt":"2011-06-07T19:09:47","slug":"presentazione-ufficiale-organo-restaurato","status":"publish","type":"post","link":"http:\/\/www.prolocodeliceto.it\/zeroweb\/?p=3527","title":{"rendered":"PRESENTAZIONE UFFICIALE ORGANO RESTAURATO"},"content":{"rendered":"<p><strong>La Festa di S. Antonio<\/strong><\/p>\n<p><strong>Il culmine nella presentazione ufficiale del restaurato organo<\/strong><\/p>\n<p><strong>\u00a0<\/strong><\/p>\n<p>La Festa di S. Antonio, che ha visto l\u2019inizio del suo programma religioso mercoled\u00ec 31 maggio, culminer\u00e0 sabato 11 e domenica 12 giugno quando vi sar\u00e0 la presentazione ufficiale \u201cdell\u2019organo a canne di S. Antonio\u201d che dopo troppi anni di silenzio ritrover\u00e0 la sua voce per emozionare quanti vorranno ascoltare le sue melodie. L\u2019organo a canne dell\u2019organanro Domenico Antonio Rossi fu costruito a Napoli nell\u2019anno 1775, probabilmente su commissione di Niccol\u00f2 Miroballo, marchese di Deliceto dal 1768 al 1776.<\/p>\n<p>Il prospetto \u00e8 quello tipico dell\u2019organaria napoletana, con tre campate di sette-cinque-sette canne disposte a cuspide. Lo strumento ha una tastiera di 45 tasti (dal Do1 al do5) e una pedaliera, del tipo \u201ca leggio\u201d, costantemente unita alla tastiera, di 9 tasti (Do1-do2 con ottava corta). I registri sono sette, azionati da comandi metallici a pomello, disposti su due file a destra della tastiera:<\/p>\n<p>Voce umana [dal do3] Principale [8\u2019]<\/p>\n<p>Flauto in XII [dal fa#1] Ottava<\/p>\n<p>Decimaquinta<\/p>\n<p>Decimanona<\/p>\n<p>Vigesimaseconda<\/p>\n<p>Tirapieno<\/p>\n<p>La pressione dell\u2019aria, come da pesi originali, \u00e8 di 51 mm in colonna d\u2019acqua; il diapason corista \u00e8 412 Hz a 16\u00b0. L\u2019organo, collocato sulla cantoria della chiesa, nel luogo dove si trovava originariamente, \u00e8 stato restaurato da Antonino Puglia e consegnato agli inizi del mese di giugno 2011.<\/p>\n<p>Durante il concerto inaugurale suoneranno: <strong>FRANCESCO DI LERNIA<\/strong> (\u00e8 considerato uno dei personaggi pi\u00f9 rappresentativi del panorama organistico italiano \u2013 vedi biografia nel programma di sala) &#8211; <strong>MARIO IEFFA<\/strong> (Nonostante la sua giovane et\u00e0 ha maturato una grande esperienza musicale, avendo al suo attivo pi\u00f9 di cinquecento concerti \u00a0\u2013 vedi biografia nel programma di sala) &#8211; <strong>DANIELE MIATTO<\/strong> (Collabora con importanti orchestre nazionali con alcune delle quali ha partecipato<\/p>\n<p>alla realizzazione di colonne sonore per film scritte da E. Morricone, ed altri &#8211; vedi biografia nel programma di sala).<\/p>\n<p>Per le due date in programma \u00e8 prevista un\u2019affluenza massiccia non solo da parte di numerosi fedeli ma anche da parte di autorit\u00e0 civili e religiose che non vorranno perdere un evento unico per l\u2019intera Regione essendo l\u2019organo uno dei pochi esistenti in tutto il Sud Italia.<\/p>\n<p><strong>\u00a0<\/strong><\/p>\n<p><strong>PROGRAMMA DELLA FESTA<\/strong><\/p>\n<p><strong>\u00a0<\/strong><\/p>\n<p><strong>dal 31 Maggio al 12 Giugno: TREDICINA<\/strong><\/p>\n<p>ore 17.15: Rosario<\/p>\n<p>ore 18.30: S. Messa * &#8211; <em>celebrano i Sacerdoti Vocazionalisti del Santuario di Valleverde<\/em><\/p>\n<p><em>\u00a0<\/em><\/p>\n<p><em>* Disponibile Servizio Navetta che, partendo da C.so Margherita (nei pressi della Chiesa dell<\/em><em>\u02bcAnnunziata) alle ore 17.45, <\/em><em>porter\u00e0 i fedeli, impossibilitati ad arrivare a piedi, presso la Chiesa di S. Antonio (con esclusione del marted\u00ec).<\/em><\/p>\n<p><em>\u00a0<\/em><\/p>\n<p><em>\u00a0\u00a0\u00a0\u00a0\u00a0\u00a0\u00a0\u00a0\u00a0\u00a0\u00a0\u00a0\u00a0\u00a0\u00a0\u00a0\u00a0\u00a0\u00a0\u00a0\u00a0\u00a0\u00a0\u00a0\u00a0\u00a0\u00a0\u00a0\u00a0\u00a0\u00a0 <\/em><\/p>\n<p><strong>sabato 11 e domenica 12 Giugno: PRESENTAZIONE UFFICIALE DEL RESTAURATO ORGANO E CONCERTO INAUGURALE<\/strong><\/p>\n<p>ore 21.00: con la partecipazione di: <strong>FRANCESCO DI LERNIA<\/strong> (organo) &#8211; <strong>MARIO IEFFA<\/strong> (violino) &#8211; <strong>DANIELE MIATTO<\/strong> (violoncello)<\/p>\n<p><strong>luned\u00ec 13 Giugno: FESTA DI S. ANTONIO<\/strong><\/p>\n<p>ore 08.00: Santa Messa<\/p>\n<p>ore 10.00: Santa Messa<\/p>\n<p>ore 18.30: Processione per le vie del paese<\/p>\n<p>ore 19.30: S. Messa<\/p>\n<p>ore 22.00: Spettacolo pirotecnico a cura della<\/p>\n<p>ditta \u201cPiro Daunia s.r.l. San Severo FG<\/p>\n<p><a href=\"http:\/\/www.prolocodeliceto.it\/zeroweb\/wp-content\/uploads\/programma-di-sala.pdf\">programma di sala<\/a><\/p>\n","protected":false},"excerpt":{"rendered":"<p>La Festa di S. Antonio Il culmine nella presentazione ufficiale del restaurato organo \u00a0 La Festa di S. Antonio, che ha visto l\u2019inizio del suo programma religioso mercoled\u00ec 31 maggio, culminer\u00e0 sabato 11 e domenica 12 giugno quando vi sar\u00e0 la presentazione ufficiale \u201cdell\u2019organo a canne di S. Antonio\u201d che dopo troppi anni di silenzio [&hellip;]<\/p>\n","protected":false},"author":29,"featured_media":0,"comment_status":"open","ping_status":"open","sticky":false,"template":"","format":"standard","meta":[],"categories":[7],"tags":[],"_links":{"self":[{"href":"http:\/\/www.prolocodeliceto.it\/zeroweb\/index.php?rest_route=\/wp\/v2\/posts\/3527"}],"collection":[{"href":"http:\/\/www.prolocodeliceto.it\/zeroweb\/index.php?rest_route=\/wp\/v2\/posts"}],"about":[{"href":"http:\/\/www.prolocodeliceto.it\/zeroweb\/index.php?rest_route=\/wp\/v2\/types\/post"}],"author":[{"embeddable":true,"href":"http:\/\/www.prolocodeliceto.it\/zeroweb\/index.php?rest_route=\/wp\/v2\/users\/29"}],"replies":[{"embeddable":true,"href":"http:\/\/www.prolocodeliceto.it\/zeroweb\/index.php?rest_route=%2Fwp%2Fv2%2Fcomments&post=3527"}],"version-history":[{"count":3,"href":"http:\/\/www.prolocodeliceto.it\/zeroweb\/index.php?rest_route=\/wp\/v2\/posts\/3527\/revisions"}],"predecessor-version":[{"id":3537,"href":"http:\/\/www.prolocodeliceto.it\/zeroweb\/index.php?rest_route=\/wp\/v2\/posts\/3527\/revisions\/3537"}],"wp:attachment":[{"href":"http:\/\/www.prolocodeliceto.it\/zeroweb\/index.php?rest_route=%2Fwp%2Fv2%2Fmedia&parent=3527"}],"wp:term":[{"taxonomy":"category","embeddable":true,"href":"http:\/\/www.prolocodeliceto.it\/zeroweb\/index.php?rest_route=%2Fwp%2Fv2%2Fcategories&post=3527"},{"taxonomy":"post_tag","embeddable":true,"href":"http:\/\/www.prolocodeliceto.it\/zeroweb\/index.php?rest_route=%2Fwp%2Fv2%2Ftags&post=3527"}],"curies":[{"name":"wp","href":"https:\/\/api.w.org\/{rel}","templated":true}]}}