{"id":3506,"date":"2011-05-26T21:19:06","date_gmt":"2011-05-26T20:19:06","guid":{"rendered":"http:\/\/www.prolocodeliceto.it\/zeroweb\/?p=3506"},"modified":"2011-05-31T20:21:08","modified_gmt":"2011-05-31T19:21:08","slug":"restauro-dellorgano-di-s-antonio-portato-a-termine","status":"publish","type":"post","link":"http:\/\/www.prolocodeliceto.it\/zeroweb\/?p=3506","title":{"rendered":"RESTAURO DELL&#8217;ORGANO DI S. ANTONIO PORTATO A TERMINE"},"content":{"rendered":"<p><strong>L\u2019organo di S. Antonio<\/strong><\/p>\n<p><a href=\"http:\/\/www.prolocodeliceto.it\/zeroweb\/wp-content\/uploads\/scelta-1.jpg\"><img decoding=\"async\" loading=\"lazy\" class=\"alignnone size-thumbnail wp-image-3505\" title=\"scelta-1\" src=\"http:\/\/www.prolocodeliceto.it\/zeroweb\/wp-content\/uploads\/scelta-1-150x150.jpg\" alt=\"\" width=\"150\" height=\"150\" \/><\/a><\/p>\n<p><strong>Restauro portato a termine!<\/strong><\/p>\n<p>A distanza di poco pi\u00f9 di un anno dalla presentazione del progetto alla comunit\u00e0 delicetana e al mondo culturale, il <strong>restauro dell\u2019organo storico Domenico Antonio Rossi 1775<\/strong>, conservato nella Chiesa di S. Antonio, \u00e8 stato finalmente portato a termine.<\/p>\n<p>Gli ultimi interventi di accordatura avranno luogo nella prima decade del mese di maggio p.v. e saranno ancora una volta curati dall\u2019organaro <strong>Antonino Puglia<\/strong> di Chiavenna (Sondrio), che ormai costituisce una presenza frequente e affezionata per Deliceto. Torna, cos\u00ec, a far risuonare la sua voce uno strumento risalente a quasi due secoli e mezzo fa, costruito da quello che era ritenuto uno dei migliori esponenti della tradizione organaria napoletana, destinatario di committenze importanti, tra cui quelle della stessa casa reale.<\/p>\n<p>Gi\u00e0 dalle prime prove l\u2019antico organo ha rivelato il suo straordinario temperamento, temperamento recuperato dal restauratore con un intelligente e scrupoloso lavoro filologico, corroborato da riscontri su strumenti coevi ed analoghi, tra cui uno dello stesso costruttore Rossi, anteriore di solo qualche anno a quello delicetano, conservato nella Chiesa Confraternita dell\u2019Immacolata a Fontanarosa (AV).<\/p>\n<p>Sar\u00e0 un\u2019intensa emozione per tutti coloro che amano l\u2019arte riascoltare questo organo, dopo un silenzio durato un tempo insopportabile, nel corso del <strong>concerto inaugurale, previsto per l\u201911 \u2013 12 giugno<\/strong> p.v., in concomitanza con la ricorrenza delle festivit\u00e0 in onore di S. Antonio. Ancora pi\u00f9 emozionante sar\u00e0 ascoltarlo, poi, nello svolgimento della funzione originaria per cui fu commissionato, a sostegno del culto e della preghiera, un servizio che ci si augura duri il pi\u00f9 a lungo possibile, ancora per qualche secolo.<\/p>\n<p><strong>Raffaele Ieffa<\/strong><\/p>\n<p><strong>Al fine di raccogliere un\u2019ultima parte della somma occorrente per il restauro e per la valorizzazione dello strumento restaurato, si invitano coloro che ancora non hanno contribuito a fare la propria offerta (per questo scopo basta contattare qualche membro del Comitato o della Confraternita <\/strong><\/p>\n","protected":false},"excerpt":{"rendered":"<p>L\u2019organo di S. Antonio Restauro portato a termine! A distanza di poco pi\u00f9 di un anno dalla presentazione del progetto alla comunit\u00e0 delicetana e al mondo culturale, il restauro dell\u2019organo storico Domenico Antonio Rossi 1775, conservato nella Chiesa di S. Antonio, \u00e8 stato finalmente portato a termine. Gli ultimi interventi di accordatura avranno luogo nella [&hellip;]<\/p>\n","protected":false},"author":29,"featured_media":0,"comment_status":"open","ping_status":"open","sticky":false,"template":"","format":"standard","meta":[],"categories":[7],"tags":[],"_links":{"self":[{"href":"http:\/\/www.prolocodeliceto.it\/zeroweb\/index.php?rest_route=\/wp\/v2\/posts\/3506"}],"collection":[{"href":"http:\/\/www.prolocodeliceto.it\/zeroweb\/index.php?rest_route=\/wp\/v2\/posts"}],"about":[{"href":"http:\/\/www.prolocodeliceto.it\/zeroweb\/index.php?rest_route=\/wp\/v2\/types\/post"}],"author":[{"embeddable":true,"href":"http:\/\/www.prolocodeliceto.it\/zeroweb\/index.php?rest_route=\/wp\/v2\/users\/29"}],"replies":[{"embeddable":true,"href":"http:\/\/www.prolocodeliceto.it\/zeroweb\/index.php?rest_route=%2Fwp%2Fv2%2Fcomments&post=3506"}],"version-history":[{"count":2,"href":"http:\/\/www.prolocodeliceto.it\/zeroweb\/index.php?rest_route=\/wp\/v2\/posts\/3506\/revisions"}],"predecessor-version":[{"id":3508,"href":"http:\/\/www.prolocodeliceto.it\/zeroweb\/index.php?rest_route=\/wp\/v2\/posts\/3506\/revisions\/3508"}],"wp:attachment":[{"href":"http:\/\/www.prolocodeliceto.it\/zeroweb\/index.php?rest_route=%2Fwp%2Fv2%2Fmedia&parent=3506"}],"wp:term":[{"taxonomy":"category","embeddable":true,"href":"http:\/\/www.prolocodeliceto.it\/zeroweb\/index.php?rest_route=%2Fwp%2Fv2%2Fcategories&post=3506"},{"taxonomy":"post_tag","embeddable":true,"href":"http:\/\/www.prolocodeliceto.it\/zeroweb\/index.php?rest_route=%2Fwp%2Fv2%2Ftags&post=3506"}],"curies":[{"name":"wp","href":"https:\/\/api.w.org\/{rel}","templated":true}]}}