{"id":28955,"date":"2023-11-21T08:03:39","date_gmt":"2023-11-21T07:03:39","guid":{"rendered":"http:\/\/www.prolocodeliceto.it\/zeroweb\/?p=28955"},"modified":"2023-11-21T08:14:28","modified_gmt":"2023-11-21T07:14:28","slug":"festa-di-san-francesco-antonio-fasani-padre-maestro-2023","status":"publish","type":"post","link":"http:\/\/www.prolocodeliceto.it\/zeroweb\/?p=28955","title":{"rendered":"FESTA DI SAN FRANCESCO ANTONIO FASANI (Padre Maestro) 2023"},"content":{"rendered":"\n<figure class=\"is-layout-flex wp-block-gallery-1 wp-block-gallery has-nested-images columns-default is-cropped\">\n<figure class=\"wp-block-image\"><img decoding=\"async\" src=\"blob:http:\/\/www.prolocodeliceto.it\/84c03a49-8650-4330-b447-406608f54733\" alt=\"\"\/><\/figure>\n<\/figure>\n\n\n\n<figure class=\"wp-block-image size-full\"><a href=\"http:\/\/www.prolocodeliceto.it\/zeroweb\/wp-content\/uploads\/manifesto-festa-1.jpeg\"><img decoding=\"async\" loading=\"lazy\" width=\"422\" height=\"597\" src=\"http:\/\/www.prolocodeliceto.it\/zeroweb\/wp-content\/uploads\/manifesto-festa-1.jpeg\" alt=\"\" class=\"wp-image-28962\" srcset=\"http:\/\/www.prolocodeliceto.it\/zeroweb\/wp-content\/uploads\/manifesto-festa-1.jpeg 422w, http:\/\/www.prolocodeliceto.it\/zeroweb\/wp-content\/uploads\/manifesto-festa-1-212x300.jpeg 212w\" sizes=\"(max-width: 422px) 100vw, 422px\" \/><\/a><\/figure>\n\n\n\n<p><\/p>\n\n\n\n<p>\u201cSeguire i santi, nostri fratelli pi\u00f9 grandi, significa andare dietro a Cristo, che ci ha<\/p>\n\n\n\n<p>promesso il Paradiso se faremo la nostra parte, se porteremo la nostra croce<\/p>\n\n\n\n<p>quotidiana, se vivremo bene la nostra vita cristiana, familiare e sociale. Guardiamo e<\/p>\n\n\n\n<p>seguiamo i nostri santi, per non perderci sulle strade sbagliate del mondo, dove<\/p>\n\n\n\n<p>sembrano regnare la guerra, la discordia, le bombe&#8230;\u201d.<\/p>\n\n\n\n<p>Con queste parole, il rettore della Basilica-Santuario \u201cS. Francesco Antonio Fasani\u201d,<\/p>\n\n\n\n<p>fra Andrei Ficau, invita tutti i lucerini e tutta la diocesi a partecipare alla novena e alla festa del Padre Maestro.<\/p>\n\n\n\n<p>La dieci giorni in preparazione alla festa \u00e8 cominciata domenica 19 novembre,<\/p>\n\n\n\n<p>quando, tutte le Confraternite della diocesi Lucera-Troia, hanno omaggiato il loro<\/p>\n\n\n\n<p>patrono con una solenne celebrazione eucaristica, presieduta dal proprio Delegato<\/p>\n\n\n\n<p>vescovile, don Modesto De Girolamo.<\/p>\n\n\n\n<p>Dal 20 al 28 novembre le nove parrocchie lucerine si stanno alternando<\/p>\n\n\n\n<p>nell\u2019animazione della santa messa delle ore 18,30, guidate dal proprio parroco.<\/p>\n\n\n\n<p>Ogni sera, dopo la messa, i cori parrocchiali eseguono un concerto-preghiera<\/p>\n\n\n\n<p>con canti e letture tratte dagli scritti del Fasani, al termine del quale \u00e8 possibile visitare la<\/p>\n\n\n\n<p>cella del Padre Maestro. Il tutto \u00e8 seguito da un momento di agape fraterna.<\/p>\n\n\n\n<p>Marted\u00ec 28 novembre, alle ore 19,15, si terr\u00e0 la paraliturgia del Transito<\/p>\n\n\n\n<p>di San Francesco Antonio Fasani, presieduta dal ministro provinciale dei frati minori<\/p>\n\n\n\n<p>conventuali di Puglia, fra Daniele Maiorano.<\/p>\n\n\n\n<p>Un momento di preghiera, quello del transito, molto suggestivo, durante il quale<\/p>\n\n\n\n<p>verranno ripercorsi gli ultimi giorni della vita terrena del santo, attraverso letture,<\/p>\n\n\n\n<p>salmi e canti. Il 29 novembre, festa di san Francesco Antonio Fasani, al mattino le sante messe<\/p>\n\n\n\n<p>delle ore 10,00 e 11,30 vedranno la partecipazione degli studenti di ogni ordine e<\/p>\n\n\n\n<p>grado, che frequentano le scuole della citt\u00e0 di Lucera. Alle ore 18,00, la Solenne Concelebrazione Eucaristica sar\u00e0 officiata da mons. Giuseppe Giuliano,  vescovo della diocesi Lucera-Troia e animata dal coro femminile della Basilica, diretto da Lucia D\u2019Apollonio. Durante la messa, il sindaco di Lucera, avv. Giuseppe Pitta accender\u00e0 la lampada votiva che arde perennemente dinanzi all\u2019urna del Padre Maestro.<\/p>\n\n\n\n<p>Al termine della celebrazione eucaristica vi sar\u00e0 la tradizionale Processione, che quest\u2019anno vedr\u00e0 due novit\u00e0: non sar\u00e0 la statua del santo, ma saranno le reliquie del Fasani (contenute in un\u2019urna conservata presso il museo diocesano), ad attraversare le strade del centro di Lucera; il percorso, poi, \u00e8 stato abbreviato: da Piazza Tribunali, attraverso Via Di Giovine, Via Bovio e Piazza Nocelli, giunger\u00e0 in Piazza Duomo e di qua in Piazza Salandra e Via Tenente Schiavone per arrivare in Piazza del Carmine<\/p>\n\n\n\n<p>e, per via S. Lucia, raggiungere Via S. Francesco A. Fasani ed immettersi in Via Torretta presso la Casa Natale del nostro Santo. Di l\u00ec la processione rientrer\u00e0 attraverso Via dei Giardini in Piazza Tribunali e infine nella Basilica-Santuario.<\/p>\n\n\n\n<p>La Banda citta di Roseto Valfortore diretta dal maestro Sabatino Matteo<\/p>\n\n\n\n<p>, con la partecipazione della soprano<\/p>\n\n\n\n<p>Anna Maria Festa,dedicher\u00e0 un omaggio musicale al Padre Maestro all\u2019interno della Basilica.<\/p>\n\n\n\n<p>La solenne celebrazione eucaristica del 29 novembre sar\u00e0 trasmessa in diretta<\/p>\n\n\n\n<p>Facebook sulle pagine della Basilica-Santuario, di Studio9tv e Lucerabynight, oltre che sui 98.00 FM di<\/p>\n\n\n\n<p>Radio Kolbe Melfi , il cui Direttore, fra Giuseppe Cappello<\/p>\n\n\n\n<p>OFMConv, \u00e8 sempre disponibile ad accogliere il Padre Maestro sulle proprie frequenze pugliesi, lucane e campane.<\/p>\n\n\n\n<p>Si ringrazia l\u2019artista Gianni Mentana per aver donato il quadro dedicato a S. Francesco Antonio Fasani, divenuto l\u2019effige ufficiale per la Festa 2023. Si ringraziano infine le aziende, i cittadini, i devoti e quanti hanno contribuito e contribuiranno per la buona riuscita dei festeggiamenti in onore di S. Francesco<\/p>\n\n\n\n<p>Antonio Fasani, compatrono della citt\u00e0 di Lucera.<\/p>\n\n\n\n<p>La comunit\u00e0 francescana di Lucera<\/p>\n\n\n\n<p>\u200b<\/p>\n\n\n\n<p><canvas width=\"794\" height=\"1123\">Al termine della processione la banda musicale\u201cCitt\u00e0 di Roseto Valfortore\u201d<\/canvas>,<\/p>\n\n\n\n<figure class=\"is-layout-flex wp-block-gallery-3 wp-block-gallery has-nested-images columns-default is-cropped\"><\/figure>\n\n\n\n<figure class=\"is-layout-flex wp-block-gallery-5 wp-block-gallery has-nested-images columns-default is-cropped\"><\/figure>\n\n\n\n<pre class=\"wp-block-preformatted\"><\/pre>\n","protected":false},"excerpt":{"rendered":"<p>\u201cSeguire i santi, nostri fratelli pi\u00f9 grandi, significa andare dietro a Cristo, che ci ha promesso il Paradiso se faremo la nostra parte, se porteremo la nostra croce quotidiana, se vivremo bene la nostra vita cristiana, familiare e sociale. Guardiamo e seguiamo i nostri santi, per non perderci sulle strade sbagliate del mondo, dove sembrano [&hellip;]<\/p>\n","protected":false},"author":29,"featured_media":28962,"comment_status":"closed","ping_status":"closed","sticky":false,"template":"","format":"standard","meta":[],"categories":[7,86,88,87],"tags":[],"_links":{"self":[{"href":"http:\/\/www.prolocodeliceto.it\/zeroweb\/index.php?rest_route=\/wp\/v2\/posts\/28955"}],"collection":[{"href":"http:\/\/www.prolocodeliceto.it\/zeroweb\/index.php?rest_route=\/wp\/v2\/posts"}],"about":[{"href":"http:\/\/www.prolocodeliceto.it\/zeroweb\/index.php?rest_route=\/wp\/v2\/types\/post"}],"author":[{"embeddable":true,"href":"http:\/\/www.prolocodeliceto.it\/zeroweb\/index.php?rest_route=\/wp\/v2\/users\/29"}],"replies":[{"embeddable":true,"href":"http:\/\/www.prolocodeliceto.it\/zeroweb\/index.php?rest_route=%2Fwp%2Fv2%2Fcomments&post=28955"}],"version-history":[{"count":5,"href":"http:\/\/www.prolocodeliceto.it\/zeroweb\/index.php?rest_route=\/wp\/v2\/posts\/28955\/revisions"}],"predecessor-version":[{"id":28965,"href":"http:\/\/www.prolocodeliceto.it\/zeroweb\/index.php?rest_route=\/wp\/v2\/posts\/28955\/revisions\/28965"}],"wp:featuredmedia":[{"embeddable":true,"href":"http:\/\/www.prolocodeliceto.it\/zeroweb\/index.php?rest_route=\/wp\/v2\/media\/28962"}],"wp:attachment":[{"href":"http:\/\/www.prolocodeliceto.it\/zeroweb\/index.php?rest_route=%2Fwp%2Fv2%2Fmedia&parent=28955"}],"wp:term":[{"taxonomy":"category","embeddable":true,"href":"http:\/\/www.prolocodeliceto.it\/zeroweb\/index.php?rest_route=%2Fwp%2Fv2%2Fcategories&post=28955"},{"taxonomy":"post_tag","embeddable":true,"href":"http:\/\/www.prolocodeliceto.it\/zeroweb\/index.php?rest_route=%2Fwp%2Fv2%2Ftags&post=28955"}],"curies":[{"name":"wp","href":"https:\/\/api.w.org\/{rel}","templated":true}]}}