{"id":26305,"date":"2021-03-21T11:27:33","date_gmt":"2021-03-21T10:27:33","guid":{"rendered":"http:\/\/www.prolocodeliceto.it\/zeroweb\/?p=26305"},"modified":"2021-03-24T21:54:51","modified_gmt":"2021-03-24T20:54:51","slug":"e-venuto-a-mancare-allaffetto-dei-suoi-cari-in-teramo-il-prof-domenico-di-taranto-gia-preside-scuola-media-deliceto-e-socio-fondatore-e-primo-presidente-pro-loco-deliceto-il-comitato","status":"publish","type":"post","link":"http:\/\/www.prolocodeliceto.it\/zeroweb\/?p=26305","title":{"rendered":"\u00c8  VENUTO  A MANCARE  ALL&#8217;AFFETTO  DEI  SUOI  CARI  IN TERAMO IL PROF. DOMENICO  DI  TARANTO,  GI\u00c0  PRESIDE SCUOLA  MEDIA DELICETO \u00c8  SOCIO FONDATORE E PRIMO PRESIDENTE PRO LOCO DELICETO. IL COMITATO  E LA REDAZIONE  DEL TG WEB FORMULANO SENTITE CONDOGLIANZE ALLA FAMIGLIA"},"content":{"rendered":"<p><a href=\"http:\/\/www.prolocodeliceto.it\/zeroweb\/wp-content\/uploads\/20210321_112154.jpg\"><img decoding=\"async\" loading=\"lazy\" class=\"alignleft size-medium wp-image-26306\" src=\"http:\/\/www.prolocodeliceto.it\/zeroweb\/wp-content\/uploads\/20210321_112154-280x300.jpg\" alt=\"\" width=\"280\" height=\"300\" srcset=\"http:\/\/www.prolocodeliceto.it\/zeroweb\/wp-content\/uploads\/20210321_112154-280x300.jpg 280w, http:\/\/www.prolocodeliceto.it\/zeroweb\/wp-content\/uploads\/20210321_112154-768x822.jpg 768w, http:\/\/www.prolocodeliceto.it\/zeroweb\/wp-content\/uploads\/20210321_112154-956x1024.jpg 956w\" sizes=\"(max-width: 280px) 100vw, 280px\" \/><\/a><\/p>\n","protected":false},"excerpt":{"rendered":"","protected":false},"author":29,"featured_media":26306,"comment_status":"closed","ping_status":"closed","sticky":false,"template":"","format":"standard","meta":[],"categories":[7,86],"tags":[],"_links":{"self":[{"href":"http:\/\/www.prolocodeliceto.it\/zeroweb\/index.php?rest_route=\/wp\/v2\/posts\/26305"}],"collection":[{"href":"http:\/\/www.prolocodeliceto.it\/zeroweb\/index.php?rest_route=\/wp\/v2\/posts"}],"about":[{"href":"http:\/\/www.prolocodeliceto.it\/zeroweb\/index.php?rest_route=\/wp\/v2\/types\/post"}],"author":[{"embeddable":true,"href":"http:\/\/www.prolocodeliceto.it\/zeroweb\/index.php?rest_route=\/wp\/v2\/users\/29"}],"replies":[{"embeddable":true,"href":"http:\/\/www.prolocodeliceto.it\/zeroweb\/index.php?rest_route=%2Fwp%2Fv2%2Fcomments&post=26305"}],"version-history":[{"count":1,"href":"http:\/\/www.prolocodeliceto.it\/zeroweb\/index.php?rest_route=\/wp\/v2\/posts\/26305\/revisions"}],"predecessor-version":[{"id":26307,"href":"http:\/\/www.prolocodeliceto.it\/zeroweb\/index.php?rest_route=\/wp\/v2\/posts\/26305\/revisions\/26307"}],"wp:featuredmedia":[{"embeddable":true,"href":"http:\/\/www.prolocodeliceto.it\/zeroweb\/index.php?rest_route=\/wp\/v2\/media\/26306"}],"wp:attachment":[{"href":"http:\/\/www.prolocodeliceto.it\/zeroweb\/index.php?rest_route=%2Fwp%2Fv2%2Fmedia&parent=26305"}],"wp:term":[{"taxonomy":"category","embeddable":true,"href":"http:\/\/www.prolocodeliceto.it\/zeroweb\/index.php?rest_route=%2Fwp%2Fv2%2Fcategories&post=26305"},{"taxonomy":"post_tag","embeddable":true,"href":"http:\/\/www.prolocodeliceto.it\/zeroweb\/index.php?rest_route=%2Fwp%2Fv2%2Ftags&post=26305"}],"curies":[{"name":"wp","href":"https:\/\/api.w.org\/{rel}","templated":true}]}}