{"id":26298,"date":"2021-03-20T22:41:40","date_gmt":"2021-03-20T21:41:40","guid":{"rendered":"http:\/\/www.prolocodeliceto.it\/zeroweb\/?p=26298"},"modified":"2021-03-20T22:43:32","modified_gmt":"2021-03-20T21:43:32","slug":"diorama-di-pasqua","status":"publish","type":"post","link":"http:\/\/www.prolocodeliceto.it\/zeroweb\/?p=26298","title":{"rendered":"DIORAMI  PASQUALI"},"content":{"rendered":"<p><a href=\"http:\/\/www.prolocodeliceto.it\/zeroweb\/wp-content\/uploads\/cena.jpg\"><img decoding=\"async\" loading=\"lazy\" class=\"alignleft size-medium wp-image-26299\" src=\"http:\/\/www.prolocodeliceto.it\/zeroweb\/wp-content\/uploads\/cena-300x225.jpg\" alt=\"\" width=\"300\" height=\"225\" srcset=\"http:\/\/www.prolocodeliceto.it\/zeroweb\/wp-content\/uploads\/cena-300x225.jpg 300w, http:\/\/www.prolocodeliceto.it\/zeroweb\/wp-content\/uploads\/cena-768x576.jpg 768w, http:\/\/www.prolocodeliceto.it\/zeroweb\/wp-content\/uploads\/cena-1024x768.jpg 1024w, http:\/\/www.prolocodeliceto.it\/zeroweb\/wp-content\/uploads\/cena-86x64.jpg 86w\" sizes=\"(max-width: 300px) 100vw, 300px\" \/><\/a><a href=\"http:\/\/www.prolocodeliceto.it\/zeroweb\/wp-content\/uploads\/pilato.jpg\"><img decoding=\"async\" loading=\"lazy\" class=\"alignleft size-medium wp-image-26300\" src=\"http:\/\/www.prolocodeliceto.it\/zeroweb\/wp-content\/uploads\/pilato-300x225.jpg\" alt=\"\" width=\"300\" height=\"225\" srcset=\"http:\/\/www.prolocodeliceto.it\/zeroweb\/wp-content\/uploads\/pilato-300x225.jpg 300w, http:\/\/www.prolocodeliceto.it\/zeroweb\/wp-content\/uploads\/pilato-768x576.jpg 768w, http:\/\/www.prolocodeliceto.it\/zeroweb\/wp-content\/uploads\/pilato-1024x768.jpg 1024w, http:\/\/www.prolocodeliceto.it\/zeroweb\/wp-content\/uploads\/pilato-86x64.jpg 86w\" sizes=\"(max-width: 300px) 100vw, 300px\" \/><\/a><\/p>\n<p>&nbsp;<\/p>\n<p>&nbsp;<\/p>\n<p>&nbsp;<\/p>\n<p>&nbsp;<\/p>\n<p>&nbsp;<\/p>\n<p>&nbsp;<\/p>\n<p>Con l\u2019avvicinarsi della Pasqua, l\u2019Associazione Italiana Amici del presepe, sede di Candela &#8211; Sant\u2019 Agata di Puglia, per il secondo anno consecutivo non potr\u00e0 organizzare, causa il periodo pandemico, la mostra dei diorami Pasquali, raffiguranti le storie evangeliche della Passione, Morte e Resurrezione di Ges\u00f9.<\/p>\n<p>Il presidente Savino Freda con i soci hanno deciso di far vivere la settimana Santa cercando di dare un segno tangibile della ricorrenza, mantenendo viva, attraverso l\u2019arte presepiale, la Santa Pasqua, cercando di trasmettere un messaggio di fede e di speranza, con l\u2019auspicio di un ritorno al piu\u2019 presto alla normalit\u00e0 quotidiana.<\/p>\n<p>A tal proposito, si \u00e8 voluto coinvolgere le diverse attivit\u00e0 commerciali del comune di Candela presenti nel centro cittadino, collocando all\u2019interno di ciascuna di esse un apposito diorama pasquale, realizzando, di fatto, una mostra itinerante, alla visione di tutti i concittadini.<\/p>\n<p>Tali diorami esposti sono realizzati dai soci della sede e, per l\u2019occasione, si ringrazia le attivit\u00e0 commerciali che hanno collaborato per la realizzazione di tale evento, fornendo la propria disponibilit\u00e0.<\/p>\n<p>L\u2019obiettivo di questa iniziativa\u00a0 \u00e8 quello di non perdere la fede e la speranza, anche in un momento cos\u00ec difficile, affinch\u00e8 la luce che permea il cammino di noi cristiani possa risplendere nei nostri cuori anche attraverso l\u2019arte presepiale<\/p>\n<p>&nbsp;<\/p>\n","protected":false},"excerpt":{"rendered":"<p>&nbsp; &nbsp; &nbsp; &nbsp; &nbsp; &nbsp; Con l\u2019avvicinarsi della Pasqua, l\u2019Associazione Italiana Amici del presepe, sede di Candela &#8211; Sant\u2019 Agata di Puglia, per il secondo anno consecutivo non potr\u00e0 organizzare, causa il periodo pandemico, la mostra dei diorami Pasquali, raffiguranti le storie evangeliche della Passione, Morte e Resurrezione di Ges\u00f9. Il presidente Savino Freda [&hellip;]<\/p>\n","protected":false},"author":29,"featured_media":26299,"comment_status":"closed","ping_status":"closed","sticky":false,"template":"","format":"standard","meta":[],"categories":[7,86,88],"tags":[],"_links":{"self":[{"href":"http:\/\/www.prolocodeliceto.it\/zeroweb\/index.php?rest_route=\/wp\/v2\/posts\/26298"}],"collection":[{"href":"http:\/\/www.prolocodeliceto.it\/zeroweb\/index.php?rest_route=\/wp\/v2\/posts"}],"about":[{"href":"http:\/\/www.prolocodeliceto.it\/zeroweb\/index.php?rest_route=\/wp\/v2\/types\/post"}],"author":[{"embeddable":true,"href":"http:\/\/www.prolocodeliceto.it\/zeroweb\/index.php?rest_route=\/wp\/v2\/users\/29"}],"replies":[{"embeddable":true,"href":"http:\/\/www.prolocodeliceto.it\/zeroweb\/index.php?rest_route=%2Fwp%2Fv2%2Fcomments&post=26298"}],"version-history":[{"count":3,"href":"http:\/\/www.prolocodeliceto.it\/zeroweb\/index.php?rest_route=\/wp\/v2\/posts\/26298\/revisions"}],"predecessor-version":[{"id":26303,"href":"http:\/\/www.prolocodeliceto.it\/zeroweb\/index.php?rest_route=\/wp\/v2\/posts\/26298\/revisions\/26303"}],"wp:featuredmedia":[{"embeddable":true,"href":"http:\/\/www.prolocodeliceto.it\/zeroweb\/index.php?rest_route=\/wp\/v2\/media\/26299"}],"wp:attachment":[{"href":"http:\/\/www.prolocodeliceto.it\/zeroweb\/index.php?rest_route=%2Fwp%2Fv2%2Fmedia&parent=26298"}],"wp:term":[{"taxonomy":"category","embeddable":true,"href":"http:\/\/www.prolocodeliceto.it\/zeroweb\/index.php?rest_route=%2Fwp%2Fv2%2Fcategories&post=26298"},{"taxonomy":"post_tag","embeddable":true,"href":"http:\/\/www.prolocodeliceto.it\/zeroweb\/index.php?rest_route=%2Fwp%2Fv2%2Ftags&post=26298"}],"curies":[{"name":"wp","href":"https:\/\/api.w.org\/{rel}","templated":true}]}}