{"id":26285,"date":"2021-03-19T22:20:11","date_gmt":"2021-03-19T21:20:11","guid":{"rendered":"http:\/\/www.prolocodeliceto.it\/zeroweb\/?p=26285"},"modified":"2021-03-19T22:29:49","modified_gmt":"2021-03-19T21:29:49","slug":"carpino-folk-festival","status":"publish","type":"post","link":"http:\/\/www.prolocodeliceto.it\/zeroweb\/?p=26285","title":{"rendered":"&#8220;Un Viaggio sentimentale nella Montagna del Sole&#8221;"},"content":{"rendered":"<div class=\"kvgmc6g5_mr_css_attr cxmmr5t8_mr_css_attr oygrvhab_mr_css_attr hcukyx3x_mr_css_attr c1et5uql_mr_css_attr ii04i59q_mr_css_attr\">\n<div><a href=\"http:\/\/www.prolocodeliceto.it\/zeroweb\/wp-content\/uploads\/credit_ph_kataklisma.jpg\"><img decoding=\"async\" loading=\"lazy\" class=\"size-medium wp-image-26286\" src=\"http:\/\/www.prolocodeliceto.it\/zeroweb\/wp-content\/uploads\/credit_ph_kataklisma-300x300.jpg\" alt=\"\" width=\"300\" height=\"300\" srcset=\"http:\/\/www.prolocodeliceto.it\/zeroweb\/wp-content\/uploads\/credit_ph_kataklisma-300x300.jpg 300w, http:\/\/www.prolocodeliceto.it\/zeroweb\/wp-content\/uploads\/credit_ph_kataklisma-150x150.jpg 150w, http:\/\/www.prolocodeliceto.it\/zeroweb\/wp-content\/uploads\/credit_ph_kataklisma-768x768.jpg 768w, http:\/\/www.prolocodeliceto.it\/zeroweb\/wp-content\/uploads\/credit_ph_kataklisma-1024x1024.jpg 1024w, http:\/\/www.prolocodeliceto.it\/zeroweb\/wp-content\/uploads\/credit_ph_kataklisma.jpg 1080w\" sizes=\"(max-width: 300px) 100vw, 300px\" \/>\u00a0<\/a><a href=\"http:\/\/www.prolocodeliceto.it\/zeroweb\/wp-content\/uploads\/credit_ph_luca_sansone.jpg\"><img decoding=\"async\" loading=\"lazy\" class=\"alignleft size-medium wp-image-26289\" src=\"http:\/\/www.prolocodeliceto.it\/zeroweb\/wp-content\/uploads\/credit_ph_luca_sansone-300x300.jpg\" alt=\"\" width=\"300\" height=\"300\" srcset=\"http:\/\/www.prolocodeliceto.it\/zeroweb\/wp-content\/uploads\/credit_ph_luca_sansone-300x300.jpg 300w, http:\/\/www.prolocodeliceto.it\/zeroweb\/wp-content\/uploads\/credit_ph_luca_sansone-150x150.jpg 150w, http:\/\/www.prolocodeliceto.it\/zeroweb\/wp-content\/uploads\/credit_ph_luca_sansone-768x768.jpg 768w, http:\/\/www.prolocodeliceto.it\/zeroweb\/wp-content\/uploads\/credit_ph_luca_sansone-1024x1024.jpg 1024w, http:\/\/www.prolocodeliceto.it\/zeroweb\/wp-content\/uploads\/credit_ph_luca_sansone.jpg 1080w\" sizes=\"(max-width: 300px) 100vw, 300px\" \/><\/a><a href=\"http:\/\/www.prolocodeliceto.it\/zeroweb\/wp-content\/uploads\/crediti_ph_skaikrasha.jpg\"><img decoding=\"async\" loading=\"lazy\" class=\"alignleft size-medium wp-image-26290\" src=\"http:\/\/www.prolocodeliceto.it\/zeroweb\/wp-content\/uploads\/crediti_ph_skaikrasha-300x250.jpg\" alt=\"\" width=\"300\" height=\"250\" srcset=\"http:\/\/www.prolocodeliceto.it\/zeroweb\/wp-content\/uploads\/crediti_ph_skaikrasha-300x250.jpg 300w, http:\/\/www.prolocodeliceto.it\/zeroweb\/wp-content\/uploads\/crediti_ph_skaikrasha-768x640.jpg 768w, http:\/\/www.prolocodeliceto.it\/zeroweb\/wp-content\/uploads\/crediti_ph_skaikrasha-1024x853.jpg 1024w, http:\/\/www.prolocodeliceto.it\/zeroweb\/wp-content\/uploads\/crediti_ph_skaikrasha.jpg 1080w\" sizes=\"(max-width: 300px) 100vw, 300px\" \/><\/a><\/div>\n<p><strong>20 MARZO 2021 dalle ore 18.00 in diretta streaming<\/strong><\/p>\n<div dir=\"auto\">\n<p><strong>FIORISCI PRIMAVERA<\/strong><\/p>\n<div dir=\"auto\"><em><strong>&#8220;Un Viaggio sentimentale nella Montagna del Sole&#8221;<\/strong><\/em><\/div>\n<\/div>\n<p>Il rito\u200b all\u2019equinozio di primavera per allinearsi alle antiche tradizioni e alle energie dell&#8217;astro d&#8217;orato accecante che sovrasta la montagna del Gargano<\/p>\n<\/div>\n<div>\u200b<\/div>\n<div class=\"kvgmc6g5_mr_css_attr cxmmr5t8_mr_css_attr oygrvhab_mr_css_attr hcukyx3x_mr_css_attr c1et5uql_mr_css_attr ii04i59q_mr_css_attr\"><strong>COMUNICATO STAMPA con preghiera di diffusione<\/strong><br \/>\n<strong><em>Gargano, li 19\/03\/2021<\/em><br \/>\n<\/strong><em>Dal tavoliere, il Gargano si presenta come un&#8217;enorme massiccio che al piano mostra una parete rugosa e glabra, quasi senz&#8217;anima. Ma se si supera quella parete e si percorre la terra che man mano si svela, come un miracolo appare la grande variet\u00e0 d&#8217;aspetti che questo piccolo promontorio racchiude. Perch\u00e9 in soli 2150 kmq circa di superficie, esso presenta cento volti: i laghi pi\u00f9 azzurri, le foreste pi\u00f9 lussureggianti, gli agrumeti pi\u00f9 odorosi, le pinete pi\u00f9 pittoresche, le spiagge pi\u00f9 assolate, i monumenti pi\u00f9 originali, i santuari pi\u00f9 famosi, le caverne pi\u00f9 profonde e sorprendenti. Su quest&#8217;isola-monte, che le genti del Tavoliere di Puglia chiamano LA MONTAGNA DEL SOLE perch\u00e9 dalle sue creste vedono apparire ogni mattina l&#8217;astro d&#8217;orato, l&#8217;uomo ha dimorato da tempo immemorabile, forse da prima che si congiungesse con il continente.<\/em>Nel giorno dell\u2019equinozio di Primavera, quando l&#8217;astro d&#8217;orato protagonista della nostra montagna si trover\u00e0 nella posizione perpendicolare alla linea dell&#8217;equatore, il Carpino Folk Festival realizzer\u00e0 un viaggio sentimentale lungo tutto il promontorio del Gargano per agitare le anime pi\u00f9 irrequiete e quindi immaginare il proprio futuro senza inseguire snaturanti vie di mezzo.L\u2019occasione sar\u00e0 quella di raccontate in tutti i sensi i paesi del Gargano secondo il percorso tracciato nella sua erudita monografia dallo scrittore e giornalista Giuseppe D\u2019Addetta nel 1955.FIORISCI PRIMAVERA -\u200b VIAGGIO SENTIMENTALE NELLA MONTAGNA DEL SOLE ci permetter\u00e0 di raccontare il territorio nelle sue sfaccettature pi\u00f9 preziose, dalle forme del paesaggio rurale alle pratiche della pastorizia, dalle commistioni tra archeologia e natura racchiuse nel Parco Nazionale del Gargano, al sincretismo tra religiosit\u00e0 e antiche pratiche del notevole interesse antropologico.Le rinomate varie forme di tarantella, ma anche i cunti, i canti monodici e i canti polivocali sacri e profani, le ninne-nanne, i drandla e i lamenti funebri si alterneranno a letture, documenti inediti e racconti locali diretti da Luciano Castelluccia, ventennale direttore artistico del Carpino Folk Festival, e Domenico Sergio Antonacci, straordinario conoscitore della propria terra.<strong>La tradizione musicale di Carpino, le voci delle donne di Ischitella, le confraternite di Vico del Gargano, il misticismo di San Nicandro, le musiche e i canti di San Giovanni Rotondo e Monte Sant\u2019Angelo, le tradizioni popolari di Mattinata, San Marco in Lamis e Apricena<\/strong>\u00a0e altre ancora faranno parte di questo straordinario viaggio in cui non mancheranno momenti di sensibilizzazione ai significati culturali di cui sono portatori gli ultimi testimoni, la condivisione di documenti e testimonianze e il coinvolgimento degli artisti della riproposta.<\/p>\n<p>La serata vedr\u00e0 inoltre l\u2019intervento di registi, attori, musicisti, ma anche di poeti e accademici garganici, in particolare saranno portatori di valori e tradizioni dell\u2019isola-monte il professore e ricercatore in campo demoantropologico\u00a0<strong>Vito Carrassi<\/strong>, la ricercatrice e scrittrice\u00a0<strong>Grazia Galante<\/strong>, il regista\u00a0<strong>Christian Palladino<\/strong>, lo scrittore e linguista\u00a0<strong>Francesco Granatiero<\/strong>, il poeta\u00a0<strong>Giuseppe Mazzamurro<\/strong>, l\u2019autrice\u00a0<strong>Elena Ruzza<\/strong>, l\u2019attore\u00a0<strong>Orazio Caputo<\/strong>\u00a0ed ancora lo storico\u00a0<strong>Matteo Vocale<\/strong>, l&#8217;imprenditrice, Assessore alla Cultura e Vicesindaco del Comune di Vieste\u00a0<strong>Rossella Falcone<\/strong>, il ricercatore e musicista\u00a0<strong>Angelo Frascaria,\u00a0<\/strong>il musicista<strong>\u00a0Pio Gravina,\u00a0<\/strong>la studiosa di storia garganica\u00a0<strong>Teresa Maria Rauzino<\/strong>, il musicista e compositore\u00a0<strong>Umberto Sangiovanni<\/strong>, lo scrittore e musicista\u00a0<strong>Contegreco<\/strong>, il regista\u00a0<strong>Giuseppe Sansonna<\/strong>\u00a0e la cantante\u00a0<strong>Roberta Palumbo<\/strong>.<\/p>\n<p>Il progetto nasce da un&#8217;idea di Luciano Castelluccia e dell\u2019Associazione Culturale Carpino Folk Festival ed \u00e8 realizzata grazie alla collaborazione e al supporto del Teatro Pubblico Pugliese e della Regione Puglia.<\/p>\n<p>Data la zona rossa e, quindi il perdurare del distanziamento sociale e la chiusura dei luoghi della cultura e dello spettacolo, FIORISCI PRIMAVERA si svolger\u00e0 in digitale sulla pagina ufficiale del Carpino Folk Festival su Facebook, sperimentando le nuove modalit\u00e0 di erogazione dei contenuti, di gestione dell\u2019interazione, di coinvolgimento del pubblico e utilizzando i linguaggi e le forme di espressione consentite al tempo del COVID-19.<\/p>\n<p>Tutti, col proprio smartphone, potranno accedere alla visione senza muoversi dalla propria abitazione e senza spostamenti, semplicemente collegandosi alla pagina facebook del Carpino Folk Festival.<br \/>\n<a href=\"https:\/\/www.facebook.com\/CarpinoFolkFestivalUfficiale\" target=\"_blank\" rel=\"noopener noreferrer\">https:\/\/www.facebook.com\/CarpinoFolkFestivalUfficiale<\/a>Direzione Artistica: Luciano Castelluccia<\/p>\n<p>Ufficio Stampa Carpino Folk Festival<br \/>\ntel:\u00a0<a href=\"tel:+393931753151\">393 175 3151<\/a>\u00a0&#8211; Domenico Sergio Antonacci<br \/>\nemail:\u00a0<a href=\"mailto:segreteria@carpinofolkfestival.com\" target=\"_blank\" rel=\"noopener noreferrer\">segreteria@carpinofolkfestival.com<\/a>\u00a0&#8211; Alessandro Sinigagliese<\/p>\n<\/div>\n<div>\u200b<\/div>\n<div class=\"kvgmc6g5_mr_css_attr cxmmr5t8_mr_css_attr oygrvhab_mr_css_attr hcukyx3x_mr_css_attr c1et5uql_mr_css_attr ii04i59q_mr_css_attr\">\n<p>&#8212;&#8212;&#8212;&#8212;&#8212;&#8212;&#8212;&#8212;&#8212;&#8212;&#8212;<\/p>\n<p><strong>PROGRAMMA<\/strong><\/p>\n<p><strong>FIORISCI PRIMAVERA in diretta streaming sulla pagina ufficiale del Carpino Folk Festival<\/strong><br \/>\n<strong>&#8220;Viaggio sentimentale nella Montagna del Sole&#8221;<\/strong><br \/>\n<strong>SABATO 20 MARZO 2021 dalle ore 18.00<\/strong><\/p>\n<p><strong>Anteprima<\/strong><br \/>\n<em>con Umberto Sangiovanni<\/em><\/p>\n<p><strong>Introduzione al viaggio<\/strong><br \/>\n<em>con Rocco D\u2019Antuono e Alessandro Sinigagliese<\/em><\/p>\n<p><strong>Apricena, la porta del Gargano<\/strong><br \/>\n<em>con Contegreco<\/em><\/p>\n<p><strong>L\u2019aura mistica di San Nicandro<\/strong><br \/>\n<em>con Matteo Vocale<\/em><\/p>\n<p><strong>Arrivo sulla Montagna<\/strong><br \/>\n<em>con Angelo Frascaria<\/em><\/p>\n<p><strong>L\u2019anfiteatro del Varano, Uria<\/strong><br \/>\n<em>con Vito Carrassi<\/em><\/p>\n<p><strong>Carpino, la primavera<\/strong><br \/>\n<em>con Orazio Caputo<\/em><\/p>\n<p><strong>La tradizione di Carpino: La Montagna del Sole<\/strong><br \/>\n<em>con Rocco Cozzola, Mike Maccarone, Pio Gravina<\/em><\/p>\n<p><strong>Ischitella, balcone dell\u2019Adriatico<\/strong><br \/>\n<em>con Elena Ruzza<\/em><\/p>\n<p><strong>La tradizione delle Cantatrici di Ischitella: La Montagna del Sole<\/strong><br \/>\n<em>con le cantatrici di Ischitella<\/em><\/p>\n<p><strong>Rodi Garganico<\/strong><br \/>\n<em>Con Teresa Maria Rauzino<\/em><\/p>\n<p><strong>Vico del Gargano, paesaggio di storie<\/strong><br \/>\n<em>con Francesco Saggese<\/em><\/p>\n<p><strong>La tradizione delle Confraternite: La Montagna del Sole<\/strong><br \/>\n<em>con le Confraternite di Vico del Gargano<\/em><\/p>\n<p><strong>Fuori Binario<\/strong><br \/>\n<em>con Giuseppe Sansonna<\/em><\/p>\n<p><strong>San Marco in Lamis, la terra nel piatto<\/strong><br \/>\n<em>con Grazia Galante<\/em><\/p>\n<p><strong>San Giovanni Rotondo, paese dei miracoli<\/strong><br \/>\n<em>con Christian Palladino<\/em><\/p>\n<p><strong>La tradizione di San Giovanni Rotondo: La Montagna del Sole<\/strong><br \/>\n<em>con i Cantori di San Giovanni Rotondo<\/em><\/p>\n<p><strong>Vieste, la sperduta<\/strong><br \/>\n<em>con Rossella Falcone<\/em><\/p>\n<p><strong>Mat\u00ebn\u00e8t\u00eb<\/strong><br \/>\n<em>con Francesco Granatiero<\/em><\/p>\n<p><strong>La tradizione di Mattinata: La Montagna del Sol<\/strong>e<br \/>\n<em>con i Cantori di Mattinata<\/em><\/p>\n<p><strong>Monte Sant\u2019Angelo caput Gargani<\/strong><br \/>\n<em>con Giuseppe Mazzamurro<\/em><\/p>\n<p><strong>La tradizione di Monte Sant\u2019Angelo: La Montagna del Sole<\/strong><br \/>\n<em>con i Cantori di Monte Sant\u2019Angelo e Peppe Totaro<\/em><\/p>\n<p><strong>Epilogo<\/strong><br \/>\n<em>con Roberta Palumbo<\/em><\/p>\n<p><a href=\"https:\/\/www.facebook.com\/CarpinoFolkFestivalUfficiale\" target=\"_blank\" rel=\"noopener noreferrer\">https:\/\/www.facebook.com\/CarpinoFolkFestivalUfficiale<\/a><br \/>\n<img decoding=\"async\" loading=\"lazy\" src=\"https:\/\/af.mail.my.com\/cgi-bin\/readmsg?id=16161406320000090737;0;0;1;2&amp;mode=attachment&amp;email=prolocodeliceto@libero.it\" alt=\"CFFeFdG\" width=\"100%\" height=\"NaN\" \/><\/p>\n<\/div>\n<p><img decoding=\"async\" loading=\"lazy\" class=\"spict_mr_css_attr\" src=\"https:\/\/proxy.staticmy.com\/?email=prolocodeliceto%40libero.it&amp;e=1616410805&amp;h=000ifRHik6DP8E71_YiGpA&amp;url171=Y2FycGlub2ZvbGtmZXN0aXZhbC5jb20vaW5kZXgucGhwP29wdGlvbj1jb21fYWN5bWFpbGluZyZjdHJsPXN0YXRpc3RpY3MmbWFpbGlkPTkzJnN1YmlkPTg4Ng~~&amp;is_https=0\" alt=\"\" width=\"50\" height=\"1\" border=\"0\" \/><\/p>\n<div><a href=\"https:\/\/www.acyba.com\/?utm_source=acymailing&amp;utm_medium=e-mail&amp;utm_content=img&amp;utm_campaign=powered-by\" target=\"_blank\" rel=\"noopener noreferrer\"><img decoding=\"async\" loading=\"lazy\" src=\"https:\/\/af.mail.my.com\/cgi-bin\/readmsg?id=16161406320000090737;0;0;1;3&amp;mode=attachment&amp;email=prolocodeliceto@libero.it\" alt=\"Powered by AcyMailing\" width=\"153\" height=\"26\" \/><\/a><\/div>\n","protected":false},"excerpt":{"rendered":"<p>\u00a0 20 MARZO 2021 dalle ore 18.00 in diretta streaming FIORISCI PRIMAVERA &#8220;Un Viaggio sentimentale nella Montagna del Sole&#8221; Il rito\u200b all\u2019equinozio di primavera per allinearsi alle antiche tradizioni e alle energie dell&#8217;astro d&#8217;orato accecante che sovrasta la montagna del Gargano \u200b COMUNICATO STAMPA con preghiera di diffusione Gargano, li 19\/03\/2021 Dal tavoliere, il Gargano [&hellip;]<\/p>\n","protected":false},"author":29,"featured_media":26286,"comment_status":"closed","ping_status":"closed","sticky":false,"template":"","format":"standard","meta":[],"categories":[7,86,87],"tags":[],"_links":{"self":[{"href":"http:\/\/www.prolocodeliceto.it\/zeroweb\/index.php?rest_route=\/wp\/v2\/posts\/26285"}],"collection":[{"href":"http:\/\/www.prolocodeliceto.it\/zeroweb\/index.php?rest_route=\/wp\/v2\/posts"}],"about":[{"href":"http:\/\/www.prolocodeliceto.it\/zeroweb\/index.php?rest_route=\/wp\/v2\/types\/post"}],"author":[{"embeddable":true,"href":"http:\/\/www.prolocodeliceto.it\/zeroweb\/index.php?rest_route=\/wp\/v2\/users\/29"}],"replies":[{"embeddable":true,"href":"http:\/\/www.prolocodeliceto.it\/zeroweb\/index.php?rest_route=%2Fwp%2Fv2%2Fcomments&post=26285"}],"version-history":[{"count":6,"href":"http:\/\/www.prolocodeliceto.it\/zeroweb\/index.php?rest_route=\/wp\/v2\/posts\/26285\/revisions"}],"predecessor-version":[{"id":26296,"href":"http:\/\/www.prolocodeliceto.it\/zeroweb\/index.php?rest_route=\/wp\/v2\/posts\/26285\/revisions\/26296"}],"wp:featuredmedia":[{"embeddable":true,"href":"http:\/\/www.prolocodeliceto.it\/zeroweb\/index.php?rest_route=\/wp\/v2\/media\/26286"}],"wp:attachment":[{"href":"http:\/\/www.prolocodeliceto.it\/zeroweb\/index.php?rest_route=%2Fwp%2Fv2%2Fmedia&parent=26285"}],"wp:term":[{"taxonomy":"category","embeddable":true,"href":"http:\/\/www.prolocodeliceto.it\/zeroweb\/index.php?rest_route=%2Fwp%2Fv2%2Fcategories&post=26285"},{"taxonomy":"post_tag","embeddable":true,"href":"http:\/\/www.prolocodeliceto.it\/zeroweb\/index.php?rest_route=%2Fwp%2Fv2%2Ftags&post=26285"}],"curies":[{"name":"wp","href":"https:\/\/api.w.org\/{rel}","templated":true}]}}