{"id":24582,"date":"2019-12-17T00:30:24","date_gmt":"2019-12-16T23:30:24","guid":{"rendered":"http:\/\/www.prolocodeliceto.it\/zeroweb\/?p=24582"},"modified":"2019-12-17T00:30:24","modified_gmt":"2019-12-16T23:30:24","slug":"premio-boioannes","status":"publish","type":"post","link":"http:\/\/www.prolocodeliceto.it\/zeroweb\/?p=24582","title":{"rendered":"PREMIO BOIOANNES"},"content":{"rendered":"<p><a href=\"http:\/\/www.prolocodeliceto.it\/zeroweb\/wp-content\/uploads\/Logo-Premio-Boioannes-2.jpg\"><img decoding=\"async\" loading=\"lazy\" class=\"alignleft size-medium wp-image-24583\" src=\"http:\/\/www.prolocodeliceto.it\/zeroweb\/wp-content\/uploads\/Logo-Premio-Boioannes-2-300x300.jpg\" alt=\"\" width=\"300\" height=\"300\" srcset=\"http:\/\/www.prolocodeliceto.it\/zeroweb\/wp-content\/uploads\/Logo-Premio-Boioannes-2-300x300.jpg 300w, http:\/\/www.prolocodeliceto.it\/zeroweb\/wp-content\/uploads\/Logo-Premio-Boioannes-2-150x150.jpg 150w, http:\/\/www.prolocodeliceto.it\/zeroweb\/wp-content\/uploads\/Logo-Premio-Boioannes-2.jpg 610w\" sizes=\"(max-width: 300px) 100vw, 300px\" \/><\/a><\/p>\n<p>Ecco il libro vincitore del Premio Boioannes 2019 per i Mille Anni della Citt\u00e0 di Troia Con il titolo \u201cMiseratione divina Troianus episcopus\u201d, la tesi di dottorato in Storia Medievale di Antonio Antonetti, vincitrice del Premio Boioannes 2019, \u00e8 in pubblicazione per le Edizioni del Rosone. A breve la presentazione a Troia. TROIA \u2013 Sostegno ai giovani studenti, valorizzazione del territorio e promozione della cultura e della ricerca sono le parole d\u2019ordine del Premio Boioannes, nato per celebrare i mille anni della citt\u00e0 di Troia, che anche per questa edizione 2019 si avvia alla conclusione. Il volume di Antonio Antonetti, vincitore del Premio \u201cBoioannes\u201d 2019, \u00e8 infatti in pubblicazione in questi giorni per le Edizioni del Rosone con il titolo \u201cMiseratione divina Troianus Episcopus \u2013 I vescovi e la diocesi di Troia nella prima et\u00e0 angioina\u201d. Il volume giunge a compimento di un lavoro ampio e polifonico che ha visto impegnate le nostre organizzazioni e la giuria per lungo tempo. Un lavoro che trova la sua ragion d\u2019essere nel desiderio di contribuire alla crescita culturale della nostra citt\u00e0 e del nostro territorio. Lo facciamo per passione, perch\u00e9 \u00e8 qui che sono le nostre radici, qui ci sono le fondamenta della nostra identit\u00e0 culturale. Ma lo facciamo anche perch\u00e9 sentiamo che \u00e8 nostro dovere civico farlo, perch\u00e9 crediamo che l\u2019impegno culturale migliori la citt\u00e0 e chi la vive. In questi anni abbiamo profuso tanto impegno in questa direzione. Poi, qualche anno fa, abbiamo ritenuto che fosse necessario fare qualcosa in pi\u00f9 per celebrare degnamente i Mille Anni dalla fondazione della Citt\u00e0 di Troia. O meglio, abbiamo pensato che fosse importante fare la nostra parte. Per queste ragioni abbiamo voluto istituire il Premio Boioannes e per queste ragioni abbiamo scelto di intitolarlo al celebre Catapano bizantino d\u2019Italia che, fondando la Citt\u00e0 nel 1019, l\u2019ha resa protagonista di un pezzo importante di storia medievale del Mezzogiorno d\u2019Italia. Basilio Boioannes \u00e8, inevitabilmente, il vero protagonista di queste celebrazioni per i Mille anni di Troia. Ma il premio \u00e8 anche un invito a celebrare la memoria di coloro che, con il loro impegno, hanno contribuito a valorizzare il patrimonio storico-culturale della Citt\u00e0. Tra essi vi \u00e8 il dott. Giuseppe Beccia, medico condotto, bibliofilo, ispettore onorario della Soprintendenza ai beni culturali e appassionato divulgatore di storia patria, scomparso nel 1998. Il suo sforzo per la promozione del territorio e per la riscoperta della sua storia e il suo costante incoraggiamento, soprattutto ai giovani, ad appassionarsi alla storia della propria citt\u00e0, \u00e8 ci\u00f2 che ha ispirato la decisione di istituire questo premio. Per questa seconda edizione del premio abbiamo ricevuto candidature da diversi atenei italiani. La giuria ha deciso all\u2019unanimit\u00e0 di conferire il Premio \u201cBoioannes\u201d 2019 al candidato Antonio Antonetti per la Tesi di Dottorato in Storia Medievale dal titolo \u201cVescovi, monarchia e citt\u00e0 nel Regno angioino (1266 &#8211; 1310)\u201d discussa presso l\u2019Universit\u00e0 degli Studi di Salerno. Il volume di Antonio Antonetti, che a breve presenteremo a Troia, \u00e8 dunque un estratto di un lavoro ben pi\u00f9 ampio che rester\u00e0, negli archivi delle nostre organizzazioni, a disposizione di quanti volessero approfondire le proprie conoscenze in futuro. Noi siamo felici di aver fatto la nostra parte: aver sollecitato gli studenti ad ampliare ed approfondire il patrimonio di conoscenze di questa terra ricca di opportunit\u00e0. Secondo noi questo \u00e8 il modo pi\u00f9 importante per celebrare questi Mille Anni di Storia. I PROMOTORI DEL PREMIO A.c.t! Monti Dauni &#8211; Edizioni del Rosone &#8211; Pro Loco di Troia &#8211; Bibliocaf\u00e8 \u201cSkantinato 58\u201d<\/p>\n","protected":false},"excerpt":{"rendered":"<p>Ecco il libro vincitore del Premio Boioannes 2019 per i Mille Anni della Citt\u00e0 di Troia Con il titolo \u201cMiseratione divina Troianus episcopus\u201d, la tesi di dottorato in Storia Medievale di Antonio Antonetti, vincitrice del Premio Boioannes 2019, \u00e8 in pubblicazione per le Edizioni del Rosone. A breve la presentazione a Troia. TROIA \u2013 Sostegno [&hellip;]<\/p>\n","protected":false},"author":29,"featured_media":24583,"comment_status":"closed","ping_status":"closed","sticky":false,"template":"","format":"standard","meta":[],"categories":[7,86],"tags":[],"_links":{"self":[{"href":"http:\/\/www.prolocodeliceto.it\/zeroweb\/index.php?rest_route=\/wp\/v2\/posts\/24582"}],"collection":[{"href":"http:\/\/www.prolocodeliceto.it\/zeroweb\/index.php?rest_route=\/wp\/v2\/posts"}],"about":[{"href":"http:\/\/www.prolocodeliceto.it\/zeroweb\/index.php?rest_route=\/wp\/v2\/types\/post"}],"author":[{"embeddable":true,"href":"http:\/\/www.prolocodeliceto.it\/zeroweb\/index.php?rest_route=\/wp\/v2\/users\/29"}],"replies":[{"embeddable":true,"href":"http:\/\/www.prolocodeliceto.it\/zeroweb\/index.php?rest_route=%2Fwp%2Fv2%2Fcomments&post=24582"}],"version-history":[{"count":1,"href":"http:\/\/www.prolocodeliceto.it\/zeroweb\/index.php?rest_route=\/wp\/v2\/posts\/24582\/revisions"}],"predecessor-version":[{"id":24584,"href":"http:\/\/www.prolocodeliceto.it\/zeroweb\/index.php?rest_route=\/wp\/v2\/posts\/24582\/revisions\/24584"}],"wp:featuredmedia":[{"embeddable":true,"href":"http:\/\/www.prolocodeliceto.it\/zeroweb\/index.php?rest_route=\/wp\/v2\/media\/24583"}],"wp:attachment":[{"href":"http:\/\/www.prolocodeliceto.it\/zeroweb\/index.php?rest_route=%2Fwp%2Fv2%2Fmedia&parent=24582"}],"wp:term":[{"taxonomy":"category","embeddable":true,"href":"http:\/\/www.prolocodeliceto.it\/zeroweb\/index.php?rest_route=%2Fwp%2Fv2%2Fcategories&post=24582"},{"taxonomy":"post_tag","embeddable":true,"href":"http:\/\/www.prolocodeliceto.it\/zeroweb\/index.php?rest_route=%2Fwp%2Fv2%2Ftags&post=24582"}],"curies":[{"name":"wp","href":"https:\/\/api.w.org\/{rel}","templated":true}]}}