{"id":24505,"date":"2019-11-26T14:44:47","date_gmt":"2019-11-26T13:44:47","guid":{"rendered":"http:\/\/www.prolocodeliceto.it\/zeroweb\/?p=24505"},"modified":"2019-11-26T14:44:47","modified_gmt":"2019-11-26T13:44:47","slug":"riprendono-i-seminari-informativi","status":"publish","type":"post","link":"http:\/\/www.prolocodeliceto.it\/zeroweb\/?p=24505","title":{"rendered":"RIPRENDONO I SEMINARI INFORMATIVI"},"content":{"rendered":"<p><a href=\"http:\/\/www.prolocodeliceto.it\/zeroweb\/wp-content\/uploads\/image002-5.jpg\"><img decoding=\"async\" loading=\"lazy\" class=\"alignleft size-medium wp-image-24322\" src=\"http:\/\/www.prolocodeliceto.it\/zeroweb\/wp-content\/uploads\/image002-5-300x45.jpg\" alt=\"\" width=\"300\" height=\"45\" srcset=\"http:\/\/www.prolocodeliceto.it\/zeroweb\/wp-content\/uploads\/image002-5-300x45.jpg 300w, http:\/\/www.prolocodeliceto.it\/zeroweb\/wp-content\/uploads\/image002-5-768x115.jpg 768w, http:\/\/www.prolocodeliceto.it\/zeroweb\/wp-content\/uploads\/image002-5.jpg 1006w\" sizes=\"(max-width: 300px) 100vw, 300px\" \/><\/a><\/p>\n<table width=\"1240\">\n<tbody>\n<tr>\n<td width=\"1240\">\n<table width=\"100%\">\n<tbody>\n<tr>\n<td>\u00a0<strong>SINAPSI AGRICOLAE, IL 3 DICEMBRE DA MONTELEONE DI PUGLIA RIPRENDONO I SEMINARI INFORMATIVI<\/strong><\/td>\n<\/tr>\n<tr>\n<td><\/td>\n<\/tr>\n<\/tbody>\n<\/table>\n<p>Riprenderanno marted\u00ec 3 dicembre da Monteleone di Puglia i seminari informativi per le aziende agricole dei Monti Dauni con\u00a0 \u201cSinapsi Agricolae\u201d il progetto del GAL Meridaunia che promuove innovazione e conoscenza fra gli imprenditori agricoli pugliesi e dell\u2019area dei Monti Dauni nello specifico, con maggiore attenzione ai settori cerealicolo, caseario e dell\u2019allevamento. Obiettivo prioritario di Sinapsi Agricolae \u00e8 quello di migliorare la qualit\u00e0 dei prodotti agricoli e la produttivit\u00e0 delle aziende attraverso tre cicli di workshop da realizzare nei Comuni Nord, Sud e Centro dei Monti Dauni che mirano a creare sinergie fra mondo produttivo e ricerca scientifica nelle aree interne della Puglia e in contesti rurali svantaggiati.<\/p>\n<p>Il terzo ciclo del progetto prender\u00e0 il via da Monteleone di Puglia, marted\u00ec prossimo 3 dicembre alle ore 16,00 nell\u2019aula consiliare del Comune dove i tecnici del GAL Meridaunia e i ricercatori del CREA di Foggia e di Bella (Pz) parleranno di qualit\u00e0 dei cereali e fabbisogni alimentari delle specie zootecniche.<\/p>\n<p>Gli incontri proseguiranno con gli appuntamenti di Anzano di Puglia (10 dicembre), Sant\u2019Agata di Puglia (9 gennaio), Panni (14 gennaio), Accadia (23 gennaio), Deliceto (28 gennaio), Bovino (4 febbraio) e presso il Crea di Foggia (7 febbraio) quando \u00e8 prevista la visita ai campi sperimentali.<\/td>\n<\/tr>\n<tr>\n<td width=\"1240\"><strong>GAL Meridaunia<\/strong>\u00a0&#8211; Piazza Municipio, 2 &#8211; 71023 Bovino (FG) &#8211; Tel. 0881.912007\/966557 &#8211; Fax 0881.912921<\/p>\n<p>e-mail:\u00a0<a href=\"mailto:info@meridaunia.it\">info@meridaunia.it<\/a>\u00a0\u00a0&#8211; PEC:\u00a0<a href=\"mailto:meridaunia@pec.it\">meridaunia@pec.it<\/a>\u00a0\u00a0&#8211; P.Iva 02303810713<\/td>\n<\/tr>\n<\/tbody>\n<\/table>\n","protected":false},"excerpt":{"rendered":"<p>\u00a0SINAPSI AGRICOLAE, IL 3 DICEMBRE DA MONTELEONE DI PUGLIA RIPRENDONO I SEMINARI INFORMATIVI Riprenderanno marted\u00ec 3 dicembre da Monteleone di Puglia i seminari informativi per le aziende agricole dei Monti Dauni con\u00a0 \u201cSinapsi Agricolae\u201d il progetto del GAL Meridaunia che promuove innovazione e conoscenza fra gli imprenditori agricoli pugliesi e dell\u2019area dei Monti Dauni nello [&hellip;]<\/p>\n","protected":false},"author":29,"featured_media":24322,"comment_status":"closed","ping_status":"closed","sticky":false,"template":"","format":"standard","meta":[],"categories":[7,86,88],"tags":[],"_links":{"self":[{"href":"http:\/\/www.prolocodeliceto.it\/zeroweb\/index.php?rest_route=\/wp\/v2\/posts\/24505"}],"collection":[{"href":"http:\/\/www.prolocodeliceto.it\/zeroweb\/index.php?rest_route=\/wp\/v2\/posts"}],"about":[{"href":"http:\/\/www.prolocodeliceto.it\/zeroweb\/index.php?rest_route=\/wp\/v2\/types\/post"}],"author":[{"embeddable":true,"href":"http:\/\/www.prolocodeliceto.it\/zeroweb\/index.php?rest_route=\/wp\/v2\/users\/29"}],"replies":[{"embeddable":true,"href":"http:\/\/www.prolocodeliceto.it\/zeroweb\/index.php?rest_route=%2Fwp%2Fv2%2Fcomments&post=24505"}],"version-history":[{"count":1,"href":"http:\/\/www.prolocodeliceto.it\/zeroweb\/index.php?rest_route=\/wp\/v2\/posts\/24505\/revisions"}],"predecessor-version":[{"id":24506,"href":"http:\/\/www.prolocodeliceto.it\/zeroweb\/index.php?rest_route=\/wp\/v2\/posts\/24505\/revisions\/24506"}],"wp:featuredmedia":[{"embeddable":true,"href":"http:\/\/www.prolocodeliceto.it\/zeroweb\/index.php?rest_route=\/wp\/v2\/media\/24322"}],"wp:attachment":[{"href":"http:\/\/www.prolocodeliceto.it\/zeroweb\/index.php?rest_route=%2Fwp%2Fv2%2Fmedia&parent=24505"}],"wp:term":[{"taxonomy":"category","embeddable":true,"href":"http:\/\/www.prolocodeliceto.it\/zeroweb\/index.php?rest_route=%2Fwp%2Fv2%2Fcategories&post=24505"},{"taxonomy":"post_tag","embeddable":true,"href":"http:\/\/www.prolocodeliceto.it\/zeroweb\/index.php?rest_route=%2Fwp%2Fv2%2Ftags&post=24505"}],"curies":[{"name":"wp","href":"https:\/\/api.w.org\/{rel}","templated":true}]}}