{"id":24449,"date":"2019-11-07T23:04:39","date_gmt":"2019-11-07T22:04:39","guid":{"rendered":"http:\/\/www.prolocodeliceto.it\/zeroweb\/?p=24449"},"modified":"2019-11-07T23:04:39","modified_gmt":"2019-11-07T22:04:39","slug":"creazione-di-start-up-extra-agricole","status":"publish","type":"post","link":"http:\/\/www.prolocodeliceto.it\/zeroweb\/?p=24449","title":{"rendered":"Creazione di Start-up extra-agricole"},"content":{"rendered":"<p><a href=\"http:\/\/www.prolocodeliceto.it\/zeroweb\/wp-content\/uploads\/secondo-ciclo-presentazione-3.2-manifesto-1-724x1024.png\"><img decoding=\"async\" loading=\"lazy\" class=\"alignleft size-medium wp-image-24450\" src=\"http:\/\/www.prolocodeliceto.it\/zeroweb\/wp-content\/uploads\/secondo-ciclo-presentazione-3.2-manifesto-1-724x1024-212x300.png\" alt=\"\" width=\"212\" height=\"300\" srcset=\"http:\/\/www.prolocodeliceto.it\/zeroweb\/wp-content\/uploads\/secondo-ciclo-presentazione-3.2-manifesto-1-724x1024-212x300.png 212w, http:\/\/www.prolocodeliceto.it\/zeroweb\/wp-content\/uploads\/secondo-ciclo-presentazione-3.2-manifesto-1-724x1024.png 580w\" sizes=\"(max-width: 212px) 100vw, 212px\" \/><\/a><\/p>\n<p style=\"margin: 0px 0px 1em; text-align: left; color: #000000; text-transform: none; text-indent: 0px; letter-spacing: normal; font-family: -apple-system, BlinkMacSystemFont, 'Helvetica Neue', 'Segoe UI', Arial, sans-serif; font-size: 13px; font-style: normal; font-weight: 400; word-spacing: 0px; white-space: normal; orphans: 2; widows: 2; font-variant-ligatures: normal; font-variant-caps: normal; -webkit-text-stroke-width: 0px; text-decoration-style: initial; text-decoration-color: initial;\">Gargano\u00a0<a name=\"_Toc489261093\"><\/a>ha pubblicato il\u00a0<a href=\"http:\/\/www.galgargano.com\/2019\/10\/25\/avviso-pubblico-per-la-presentazione-delle-domande-di-sostegno-azione-3-intervento-3-2-creazione-di-start-up-extra-agricole\/\" target=\"_blank\" rel=\"noopener\"><strong>bando<\/strong><\/a>\u00a0per il sostegno alla\u00a0<strong>creazione di Start-up\u00a0<\/strong><strong>extra-agricole<\/strong>\u00a0&#8211; Intervento 3.2 del Piano di Azione Locale \u2013 Misura 19.2 PSR Puglia 2014\/2020.<br \/>\nGli incentivi riguardano attivit\u00e0 di\u00a0<strong>diversificazione aziendale\u00a0<\/strong>ed economica necessaria per la crescita, l\u2019occupazione e lo sviluppo sostenibile nelle zone rurali.<\/p>\n<p style=\"margin: 0px 0px 1em; text-align: left; color: #000000; text-transform: none; text-indent: 0px; letter-spacing: normal; font-family: -apple-system, BlinkMacSystemFont, 'Helvetica Neue', 'Segoe UI', Arial, sans-serif; font-size: 13px; font-style: normal; font-weight: 400; word-spacing: 0px; white-space: normal; orphans: 2; widows: 2; font-variant-ligatures: normal; font-variant-caps: normal; -webkit-text-stroke-width: 0px; text-decoration-style: initial; text-decoration-color: initial;\">I beneficiari del bando sono\u00a0<strong>agricoltor<\/strong><strong>i<\/strong>\u00a0e coadiuvanti familiari che diversificano in attivit\u00e0 extra-agricole e microimprese e piccole imprese che avviano o ampliano\u00a0<strong>attivit\u00e0 extra agricole<\/strong>. Potranno essere finanziate iniziative finalizzate alla creazione o sviluppo di imprese nei settori di prodotti artigianali e industriali, servizi innovativi inerenti l\u2019IT a supporto delle aziende e delle popolazioni del territorio, attivit\u00e0 finalizzate al tempo libero e alla valorizzazione dei prodotti culturali e naturali, oltre alle attivit\u00e0 volte a valorizzare produzioni artigianali caratteristiche dell\u2019area Garganica. L\u2019investimento massimo ammissibile \u00e8 di euro 70.000, con un contributo pubblico a fondo perduto massimo di euro 35.000.<\/p>\n<p style=\"margin: 0px 0px 1em; text-align: left; color: #000000; text-transform: none; text-indent: 0px; letter-spacing: normal; font-family: -apple-system, BlinkMacSystemFont, 'Helvetica Neue', 'Segoe UI', Arial, sans-serif; font-size: 13px; font-style: normal; font-weight: 400; word-spacing: 0px; white-space: normal; orphans: 2; widows: 2; font-variant-ligatures: normal; font-variant-caps: normal; -webkit-text-stroke-width: 0px; text-decoration-style: initial; text-decoration-color: initial;\">Sono previsti numerosi\u00a0<strong>incontri di presentazione<\/strong>\u00a0del bando in tutti i comuni dell\u2019area GAL, allo scopo di incontrare i beneficiari dell\u2019intervento e fornire tutta l\u2019assistenza tecnica e amministrativa per la partecipazione al bando. Ciascun incontro sar\u00e0 utile per acquisire informazioni sulle modalit\u00e0 di partecipazione, le ammissibilit\u00e0 delle spese e le tempistiche delle procedure.<\/p>\n<p style=\"margin: 0px 0px 1em; text-align: left; color: #000000; text-transform: none; text-indent: 0px; letter-spacing: normal; font-family: -apple-system, BlinkMacSystemFont, 'Helvetica Neue', 'Segoe UI', Arial, sans-serif; font-size: 13px; font-style: normal; font-weight: 400; word-spacing: 0px; white-space: normal; orphans: 2; widows: 2; font-variant-ligatures: normal; font-variant-caps: normal; -webkit-text-stroke-width: 0px; text-decoration-style: initial; text-decoration-color: initial;\">Gli incontri di animazione, si svolgeranno il:<\/p>\n<ul style=\"margin: 1em 0px 1em 24px; padding: 0px 0px 0px 16px; text-align: left; color: #000000; text-transform: none; text-indent: 0px; letter-spacing: normal; font-family: -apple-system, BlinkMacSystemFont, 'Helvetica Neue', 'Segoe UI', Arial, sans-serif; font-size: 13px; font-style: normal; font-weight: 400; word-spacing: 0px; list-style-type: disc; white-space: normal; orphans: 2; widows: 2; font-variant-ligatures: normal; font-variant-caps: normal; -webkit-text-stroke-width: 0px; text-decoration-style: initial; text-decoration-color: initial;\">\n<li><strong>11 novembre 2019\u00a0<\/strong>alle<strong>\u00a0ore 18:00<\/strong>\u00a0a<strong>\u00a0Rodi Garganico \u2013 Sala Consiliare;\u00a0<\/strong>Piazza Papa Giovanni XXIII<\/li>\n<li><strong>12 novembre 2019\u00a0<\/strong>alle<strong>\u00a0ore 17:00\u00a0<\/strong>a<strong>\u00a0Cagnano Varano \u2013 Sala Consiliare;\u00a0<\/strong>Via Aldo Moro n\u00b0 1<\/li>\n<li><strong>13 novembre 2019\u00a0<\/strong>alle\u00a0<strong>ore 17:00\u00a0<\/strong>a\u00a0<strong>Vieste \u2013 Sede Confcommercio;\u00a0<\/strong>Via Cavour n\u00b0 12<\/li>\n<li><strong>14 novembre 2019\u00a0<\/strong>alle<strong>\u00a0ore 17:00<\/strong>\u00a0a<strong>\u00a0Monte Sant\u2019Angelo \u2013 Sede Gal Gargano;\u00a0<\/strong>Via Jean Annot<\/li>\n<li><strong>15 novembre 2019\u00a0<\/strong>alle<strong>\u00a0ore 17:00\u00a0<\/strong>a<strong>\u00a0Lesina \u2013 Centro Visite della Laguna;\u00a0<\/strong>via Banchina Vollaro n\u00b0 147<\/li>\n<\/ul>\n<p style=\"margin: 0px 0px 1em; text-align: left; color: #000000; text-transform: none; text-indent: 0px; letter-spacing: normal; font-family: -apple-system, BlinkMacSystemFont, 'Helvetica Neue', 'Segoe UI', Arial, sans-serif; font-size: 13px; font-style: normal; font-weight: 400; word-spacing: 0px; white-space: normal; orphans: 2; widows: 2; font-variant-ligatures: normal; font-variant-caps: normal; -webkit-text-stroke-width: 0px; text-decoration-style: initial; text-decoration-color: initial;\">Per ulteriori informazioni e dettagli potete consultare il nostro sito internet\u00a0<a href=\"http:\/\/www.galgargano.com\/\" target=\"_blank\" rel=\"noopener\">www.galgargano.com<\/a>,visitare i nostri profili social su Facebook, Twitter e Instagram, oppure iscrivervi al nostro canale Telegram.<\/p>\n<p style=\"margin: 0px 0px 1em; text-align: left; color: #000000; text-transform: none; text-indent: 0px; letter-spacing: normal; font-family: -apple-system, BlinkMacSystemFont, 'Helvetica Neue', 'Segoe UI', Arial, sans-serif; font-size: 13px; font-style: normal; font-weight: 400; word-spacing: 0px; white-space: normal; orphans: 2; widows: 2; font-variant-ligatures: normal; font-variant-caps: normal; -webkit-text-stroke-width: 0px; text-decoration-style: initial; text-decoration-color: initial;\">Monte Sant\u2019Angelo,\u00a0<strong>\u00a0\u00a0<\/strong>06\/11\/2019<strong>\u00a0\u00a0<\/strong><\/p>\n","protected":false},"excerpt":{"rendered":"<p>Gargano\u00a0ha pubblicato il\u00a0bando\u00a0per il sostegno alla\u00a0creazione di Start-up\u00a0extra-agricole\u00a0&#8211; Intervento 3.2 del Piano di Azione Locale \u2013 Misura 19.2 PSR Puglia 2014\/2020. Gli incentivi riguardano attivit\u00e0 di\u00a0diversificazione aziendale\u00a0ed economica necessaria per la crescita, l\u2019occupazione e lo sviluppo sostenibile nelle zone rurali. I beneficiari del bando sono\u00a0agricoltori\u00a0e coadiuvanti familiari che diversificano in attivit\u00e0 extra-agricole e microimprese e [&hellip;]<\/p>\n","protected":false},"author":29,"featured_media":24450,"comment_status":"closed","ping_status":"closed","sticky":false,"template":"","format":"standard","meta":[],"categories":[7,86,87],"tags":[],"_links":{"self":[{"href":"http:\/\/www.prolocodeliceto.it\/zeroweb\/index.php?rest_route=\/wp\/v2\/posts\/24449"}],"collection":[{"href":"http:\/\/www.prolocodeliceto.it\/zeroweb\/index.php?rest_route=\/wp\/v2\/posts"}],"about":[{"href":"http:\/\/www.prolocodeliceto.it\/zeroweb\/index.php?rest_route=\/wp\/v2\/types\/post"}],"author":[{"embeddable":true,"href":"http:\/\/www.prolocodeliceto.it\/zeroweb\/index.php?rest_route=\/wp\/v2\/users\/29"}],"replies":[{"embeddable":true,"href":"http:\/\/www.prolocodeliceto.it\/zeroweb\/index.php?rest_route=%2Fwp%2Fv2%2Fcomments&post=24449"}],"version-history":[{"count":1,"href":"http:\/\/www.prolocodeliceto.it\/zeroweb\/index.php?rest_route=\/wp\/v2\/posts\/24449\/revisions"}],"predecessor-version":[{"id":24451,"href":"http:\/\/www.prolocodeliceto.it\/zeroweb\/index.php?rest_route=\/wp\/v2\/posts\/24449\/revisions\/24451"}],"wp:featuredmedia":[{"embeddable":true,"href":"http:\/\/www.prolocodeliceto.it\/zeroweb\/index.php?rest_route=\/wp\/v2\/media\/24450"}],"wp:attachment":[{"href":"http:\/\/www.prolocodeliceto.it\/zeroweb\/index.php?rest_route=%2Fwp%2Fv2%2Fmedia&parent=24449"}],"wp:term":[{"taxonomy":"category","embeddable":true,"href":"http:\/\/www.prolocodeliceto.it\/zeroweb\/index.php?rest_route=%2Fwp%2Fv2%2Fcategories&post=24449"},{"taxonomy":"post_tag","embeddable":true,"href":"http:\/\/www.prolocodeliceto.it\/zeroweb\/index.php?rest_route=%2Fwp%2Fv2%2Ftags&post=24449"}],"curies":[{"name":"wp","href":"https:\/\/api.w.org\/{rel}","templated":true}]}}