{"id":24321,"date":"2019-10-02T13:38:38","date_gmt":"2019-10-02T12:38:38","guid":{"rendered":"http:\/\/www.prolocodeliceto.it\/zeroweb\/?p=24321"},"modified":"2019-10-02T13:38:38","modified_gmt":"2019-10-02T12:38:38","slug":"bando-pubblico-sul-turismo","status":"publish","type":"post","link":"http:\/\/www.prolocodeliceto.it\/zeroweb\/?p=24321","title":{"rendered":"BANDO PUBBLICO SUL TURISMO"},"content":{"rendered":"<p><a href=\"http:\/\/www.prolocodeliceto.it\/zeroweb\/wp-content\/uploads\/image002-5.jpg\"><img decoding=\"async\" loading=\"lazy\" class=\"alignleft size-medium wp-image-24322\" src=\"http:\/\/www.prolocodeliceto.it\/zeroweb\/wp-content\/uploads\/image002-5-300x45.jpg\" alt=\"\" width=\"300\" height=\"45\" srcset=\"http:\/\/www.prolocodeliceto.it\/zeroweb\/wp-content\/uploads\/image002-5-300x45.jpg 300w, http:\/\/www.prolocodeliceto.it\/zeroweb\/wp-content\/uploads\/image002-5-768x115.jpg 768w, http:\/\/www.prolocodeliceto.it\/zeroweb\/wp-content\/uploads\/image002-5.jpg 1006w\" sizes=\"(max-width: 300px) 100vw, 300px\" \/><\/a><\/p>\n<p><strong>In attuazione del Piano di Azione Locale<br \/>\n<\/strong><strong>GAL MERIDAUNIA E SNAI MONTI DAUNI PRESENTANO IL PRIMO BANDO PUBBLICO SUL TURISMO<\/strong><strong><br \/>\n<em>4,4 milioni per i 30 comuni<\/em><\/strong><\/p>\n<p>I sindaci dei comuni dei Monti Dauni sono tornati a riunirsi a Lucera presso l\u2019Urban Center del GAL Meridaunia per fare il punto sulla nuova programmazione e per stabilire la strategia da adottare sul\u00a0<strong>bando pubblico per la presentazione di domande di sostegno per la realizzazione, ristrutturazione, adeguamento ed informatizzazione di\u00a0 punti di informazione turistica, centri visita e musei<\/strong>,\u00a0attualmente in pubblicazione.<br \/>\nIl bando prevede ben 400 mila euro su un totale di 4,4 milioni (2,5 provenienti da SNAI e 1,9 dal GAL)\u00a0nell\u2019ambito del\u00a0 PAL Monti Dauni ed interessa i Comuni dell\u2019area GAL.<\/p>\n<p>Gli aspetti tecnici del bando sono stati illustrati dal direttore del GAL Meridaunia, Daniele Borrelli, il quale ha invitato i sindaci ad una maggiore responsabilit\u00e0 per rafforzare il coordinamento della SNAI Monti Dauni, mentre il coordinatore Michele Dedda ha ribadito la necessit\u00e0 di non dividersi in questo particolare momento, anche perch\u00e9 sono in arrivo ulteriori finanziamenti per le Aree Interne. Anche il presidente del GAL, Alberto Casoria, si \u00e8 appellato ai sindaci: \u201cContinuiamo ad essere coesi, non dimenticando che in questi anni i Monti Dauni sono diventati l\u2019Area Interna italiana con le maggiori risorse\u201d. I sindaci dei Comuni presenti all\u2019incontro di Lucera hanno confermato la volont\u00e0 di trovare l\u2019accordo su una programmazione condivisa.<\/p>\n<p><strong><em>Ufficio Comunicazione<br \/>\nGAL Meridaunia<\/em><\/strong><\/p>\n","protected":false},"excerpt":{"rendered":"<p>In attuazione del Piano di Azione Locale GAL MERIDAUNIA E SNAI MONTI DAUNI PRESENTANO IL PRIMO BANDO PUBBLICO SUL TURISMO 4,4 milioni per i 30 comuni I sindaci dei comuni dei Monti Dauni sono tornati a riunirsi a Lucera presso l\u2019Urban Center del GAL Meridaunia per fare il punto sulla nuova programmazione e per stabilire [&hellip;]<\/p>\n","protected":false},"author":29,"featured_media":24322,"comment_status":"closed","ping_status":"closed","sticky":false,"template":"","format":"standard","meta":[],"categories":[7,86,88],"tags":[],"_links":{"self":[{"href":"http:\/\/www.prolocodeliceto.it\/zeroweb\/index.php?rest_route=\/wp\/v2\/posts\/24321"}],"collection":[{"href":"http:\/\/www.prolocodeliceto.it\/zeroweb\/index.php?rest_route=\/wp\/v2\/posts"}],"about":[{"href":"http:\/\/www.prolocodeliceto.it\/zeroweb\/index.php?rest_route=\/wp\/v2\/types\/post"}],"author":[{"embeddable":true,"href":"http:\/\/www.prolocodeliceto.it\/zeroweb\/index.php?rest_route=\/wp\/v2\/users\/29"}],"replies":[{"embeddable":true,"href":"http:\/\/www.prolocodeliceto.it\/zeroweb\/index.php?rest_route=%2Fwp%2Fv2%2Fcomments&post=24321"}],"version-history":[{"count":1,"href":"http:\/\/www.prolocodeliceto.it\/zeroweb\/index.php?rest_route=\/wp\/v2\/posts\/24321\/revisions"}],"predecessor-version":[{"id":24323,"href":"http:\/\/www.prolocodeliceto.it\/zeroweb\/index.php?rest_route=\/wp\/v2\/posts\/24321\/revisions\/24323"}],"wp:featuredmedia":[{"embeddable":true,"href":"http:\/\/www.prolocodeliceto.it\/zeroweb\/index.php?rest_route=\/wp\/v2\/media\/24322"}],"wp:attachment":[{"href":"http:\/\/www.prolocodeliceto.it\/zeroweb\/index.php?rest_route=%2Fwp%2Fv2%2Fmedia&parent=24321"}],"wp:term":[{"taxonomy":"category","embeddable":true,"href":"http:\/\/www.prolocodeliceto.it\/zeroweb\/index.php?rest_route=%2Fwp%2Fv2%2Fcategories&post=24321"},{"taxonomy":"post_tag","embeddable":true,"href":"http:\/\/www.prolocodeliceto.it\/zeroweb\/index.php?rest_route=%2Fwp%2Fv2%2Ftags&post=24321"}],"curies":[{"name":"wp","href":"https:\/\/api.w.org\/{rel}","templated":true}]}}