{"id":24175,"date":"2019-08-10T14:43:26","date_gmt":"2019-08-10T13:43:26","guid":{"rendered":"http:\/\/www.prolocodeliceto.it\/zeroweb\/?p=24175"},"modified":"2019-08-10T14:43:26","modified_gmt":"2019-08-10T13:43:26","slug":"10-artisti-al-castello","status":"publish","type":"post","link":"http:\/\/www.prolocodeliceto.it\/zeroweb\/?p=24175","title":{"rendered":"10 ARTISTI AL CASTELLO"},"content":{"rendered":"<p><a href=\"http:\/\/www.prolocodeliceto.it\/zeroweb\/wp-content\/uploads\/Mostra-di-pittura.jpg\"><img decoding=\"async\" loading=\"lazy\" class=\"alignleft size-medium wp-image-24176\" src=\"http:\/\/www.prolocodeliceto.it\/zeroweb\/wp-content\/uploads\/Mostra-di-pittura-212x300.jpg\" alt=\"\" width=\"212\" height=\"300\" srcset=\"http:\/\/www.prolocodeliceto.it\/zeroweb\/wp-content\/uploads\/Mostra-di-pittura-212x300.jpg 212w, http:\/\/www.prolocodeliceto.it\/zeroweb\/wp-content\/uploads\/Mostra-di-pittura.jpg 544w\" sizes=\"(max-width: 212px) 100vw, 212px\" \/><\/a><\/p>\n<p>Collettiva di pittori santagatesi<\/p>\n<p>Espongono da 12 al 21 agosto 2019<\/p>\n<p>Castello Imperiale di Sant\u2019Agata di Puglia<\/p>\n<p>&nbsp;<\/p>\n<p>L&#8217;idea di organizzare una collettiva di artisti santagatesi \u00e8 venuta sfogliando i cataloghi delle tante manifestazioni artistiche svoltesi a Sant&#8217;Agata in questi ultimi decenni per cui si pu\u00f2 affermare che in questo paese l&#8217;Arte\u00a0sia di casa da quando la Pro Loco organizz\u00f2 nel 1975 la prima mostra collettiva di pittori santagatesi in un locale in via Perillo. Erano presenti Antonio Bergantino con alcuni giovani artisti: Lino Cringoli, Michele Marinaccio e il sottoscritto. Eravamo una sparuta schiera di pittori alle prime armi dotati di grande volont\u00e0 e\u00a0passione per l&#8217;Arte\u00a0che colp\u00ec particolarmente\u00a0il Provveditore agli Studi Enzo Contillo il quale cur\u00f2 e present\u00f2 la mostra. Ora quegli stessi artisti che hanno mosso i primi passi in questo paese si ripresentano insieme a Liana Barbato la quale per diversi anni ha dipinto ed esposto qui le proprie opere. Inoltre partecipano alla collettiva\u00a0gli artisti Leonardo Mongiello, Matteo Gambatesa, Antonio Vitagliano, Pina Cutolo, Maria Luparella e Maddalena Di Donna i quali hanno gi\u00e0 esposto i loro lavori alla Pro Loco, al Circolo Unione di Sant&#8217;Agata o in altri luoghi. Non si deve dimenticare che in questo paese si sono realizzate almeno quindici edizioni di\u00a0Concorso\u00a0di pittura estemporanea\u00a0organizzate dalla Pro Loco e dalle varie Amministrazioni Comunali succedutesi\u00a0nel tempo. Tale manifestazione ha riscosso successo per la partecipazione di artisti provenienti dalle regioni limitrofe ed ha contribuito ad accrescere l&#8217;interesse della popolazione per l&#8217;Arte.<\/p>\n<p>Grazie alla Pro Loco e al Presidente Gerardo Lionetti, sempre sensibile agli eventi culturali, nonch\u00e8 all&#8217;Amministrazione\u00a0Comunale con il Sindaco Nicola Lasalvia \u00e8 stato possibile organizzare questa manifestazione in un luogo cos\u00ec prestigioso qual \u00e8 il castello imperiale di Sant&#8217;Agata. La mostra \u00e8 stata realizzata anche grazie alla disponibilit\u00e0 degli artisti che hanno aderito volentieri alla partecipazione di questa collettiva che speriamo si possa ripetere negli anni a venire.<\/p>\n<p>La mostra sar\u00e0 inaugurata luned\u00ec 12 agosto 2019, alle ore 11 presso la Sala convegni del Castello Imperiale di Sant\u2019Agata di Puglia<\/p>\n<p>Sar\u00e0 possibile visitarla fino al 21 agosto con apertura dalle 10,00 alle 13,00 e dalle 17,00 alle 20,00<\/p>\n<p>&nbsp;<\/p>\n<p>Franco Maruotti<\/p>\n<p>&nbsp;<\/p>\n","protected":false},"excerpt":{"rendered":"<p>Collettiva di pittori santagatesi Espongono da 12 al 21 agosto 2019 Castello Imperiale di Sant\u2019Agata di Puglia &nbsp; L&#8217;idea di organizzare una collettiva di artisti santagatesi \u00e8 venuta sfogliando i cataloghi delle tante manifestazioni artistiche svoltesi a Sant&#8217;Agata in questi ultimi decenni per cui si pu\u00f2 affermare che in questo paese l&#8217;Arte\u00a0sia di casa da [&hellip;]<\/p>\n","protected":false},"author":29,"featured_media":24176,"comment_status":"closed","ping_status":"closed","sticky":false,"template":"","format":"standard","meta":[],"categories":[7,86,88],"tags":[],"_links":{"self":[{"href":"http:\/\/www.prolocodeliceto.it\/zeroweb\/index.php?rest_route=\/wp\/v2\/posts\/24175"}],"collection":[{"href":"http:\/\/www.prolocodeliceto.it\/zeroweb\/index.php?rest_route=\/wp\/v2\/posts"}],"about":[{"href":"http:\/\/www.prolocodeliceto.it\/zeroweb\/index.php?rest_route=\/wp\/v2\/types\/post"}],"author":[{"embeddable":true,"href":"http:\/\/www.prolocodeliceto.it\/zeroweb\/index.php?rest_route=\/wp\/v2\/users\/29"}],"replies":[{"embeddable":true,"href":"http:\/\/www.prolocodeliceto.it\/zeroweb\/index.php?rest_route=%2Fwp%2Fv2%2Fcomments&post=24175"}],"version-history":[{"count":1,"href":"http:\/\/www.prolocodeliceto.it\/zeroweb\/index.php?rest_route=\/wp\/v2\/posts\/24175\/revisions"}],"predecessor-version":[{"id":24177,"href":"http:\/\/www.prolocodeliceto.it\/zeroweb\/index.php?rest_route=\/wp\/v2\/posts\/24175\/revisions\/24177"}],"wp:featuredmedia":[{"embeddable":true,"href":"http:\/\/www.prolocodeliceto.it\/zeroweb\/index.php?rest_route=\/wp\/v2\/media\/24176"}],"wp:attachment":[{"href":"http:\/\/www.prolocodeliceto.it\/zeroweb\/index.php?rest_route=%2Fwp%2Fv2%2Fmedia&parent=24175"}],"wp:term":[{"taxonomy":"category","embeddable":true,"href":"http:\/\/www.prolocodeliceto.it\/zeroweb\/index.php?rest_route=%2Fwp%2Fv2%2Fcategories&post=24175"},{"taxonomy":"post_tag","embeddable":true,"href":"http:\/\/www.prolocodeliceto.it\/zeroweb\/index.php?rest_route=%2Fwp%2Fv2%2Ftags&post=24175"}],"curies":[{"name":"wp","href":"https:\/\/api.w.org\/{rel}","templated":true}]}}