{"id":24033,"date":"2019-06-30T22:18:20","date_gmt":"2019-06-30T21:18:20","guid":{"rendered":"http:\/\/www.prolocodeliceto.it\/zeroweb\/?p=24033"},"modified":"2019-07-04T22:18:32","modified_gmt":"2019-07-04T21:18:32","slug":"anche-il-nostro-concittadino-giuseppe-pio-capano-sara-presente-alle-universiadi","status":"publish","type":"post","link":"http:\/\/www.prolocodeliceto.it\/zeroweb\/?p=24033","title":{"rendered":"ANCHE IL NOSTRO CONCITTADINO GIUSEPPE PIO CAPANO, SARA&#8217; PRESENTE ALLE UNIVERSIADI"},"content":{"rendered":"<p>&nbsp;<\/p>\n<p><a href=\"http:\/\/www.prolocodeliceto.it\/zeroweb\/wp-content\/uploads\/B_31323f71b93ae9914ff58e2bc075c7d4.jpg\"><img decoding=\"async\" loading=\"lazy\" class=\"alignleft size-medium wp-image-24034\" src=\"http:\/\/www.prolocodeliceto.it\/zeroweb\/wp-content\/uploads\/B_31323f71b93ae9914ff58e2bc075c7d4-300x200.jpg\" alt=\"\" width=\"300\" height=\"200\" srcset=\"http:\/\/www.prolocodeliceto.it\/zeroweb\/wp-content\/uploads\/B_31323f71b93ae9914ff58e2bc075c7d4-300x200.jpg 300w, http:\/\/www.prolocodeliceto.it\/zeroweb\/wp-content\/uploads\/B_31323f71b93ae9914ff58e2bc075c7d4.jpg 700w\" sizes=\"(max-width: 300px) 100vw, 300px\" \/><\/a>Anche il nostro concittadino GIUSEPPE PIO CAPANO (gi\u00e0 campione europeo di categoria, di tiro a segno)<\/p>\n<p>sar\u00e0 presente e garegger\u00e0 mercoled\u00ec 3 luglio, alla cerimonia di apertura delle Universiadi.<\/p>\n<p>La cerimonia sar\u00e0 trasmessa alle ore 21,00 da RAI 2.<\/p>\n<p>&nbsp;<\/p>\n","protected":false},"excerpt":{"rendered":"<p>&nbsp; Anche il nostro concittadino GIUSEPPE PIO CAPANO (gi\u00e0 campione europeo di categoria, di tiro a segno) sar\u00e0 presente e garegger\u00e0 mercoled\u00ec 3 luglio, alla cerimonia di apertura delle Universiadi. La cerimonia sar\u00e0 trasmessa alle ore 21,00 da RAI 2. &nbsp;<\/p>\n","protected":false},"author":29,"featured_media":24034,"comment_status":"closed","ping_status":"closed","sticky":false,"template":"","format":"standard","meta":[],"categories":[7,6,86],"tags":[],"_links":{"self":[{"href":"http:\/\/www.prolocodeliceto.it\/zeroweb\/index.php?rest_route=\/wp\/v2\/posts\/24033"}],"collection":[{"href":"http:\/\/www.prolocodeliceto.it\/zeroweb\/index.php?rest_route=\/wp\/v2\/posts"}],"about":[{"href":"http:\/\/www.prolocodeliceto.it\/zeroweb\/index.php?rest_route=\/wp\/v2\/types\/post"}],"author":[{"embeddable":true,"href":"http:\/\/www.prolocodeliceto.it\/zeroweb\/index.php?rest_route=\/wp\/v2\/users\/29"}],"replies":[{"embeddable":true,"href":"http:\/\/www.prolocodeliceto.it\/zeroweb\/index.php?rest_route=%2Fwp%2Fv2%2Fcomments&post=24033"}],"version-history":[{"count":1,"href":"http:\/\/www.prolocodeliceto.it\/zeroweb\/index.php?rest_route=\/wp\/v2\/posts\/24033\/revisions"}],"predecessor-version":[{"id":24035,"href":"http:\/\/www.prolocodeliceto.it\/zeroweb\/index.php?rest_route=\/wp\/v2\/posts\/24033\/revisions\/24035"}],"wp:featuredmedia":[{"embeddable":true,"href":"http:\/\/www.prolocodeliceto.it\/zeroweb\/index.php?rest_route=\/wp\/v2\/media\/24034"}],"wp:attachment":[{"href":"http:\/\/www.prolocodeliceto.it\/zeroweb\/index.php?rest_route=%2Fwp%2Fv2%2Fmedia&parent=24033"}],"wp:term":[{"taxonomy":"category","embeddable":true,"href":"http:\/\/www.prolocodeliceto.it\/zeroweb\/index.php?rest_route=%2Fwp%2Fv2%2Fcategories&post=24033"},{"taxonomy":"post_tag","embeddable":true,"href":"http:\/\/www.prolocodeliceto.it\/zeroweb\/index.php?rest_route=%2Fwp%2Fv2%2Ftags&post=24033"}],"curies":[{"name":"wp","href":"https:\/\/api.w.org\/{rel}","templated":true}]}}