{"id":23968,"date":"2019-06-14T13:54:40","date_gmt":"2019-06-14T12:54:40","guid":{"rendered":"http:\/\/www.prolocodeliceto.it\/zeroweb\/?p=23968"},"modified":"2019-06-15T22:35:51","modified_gmt":"2019-06-15T21:35:51","slug":"mario-ferrara-di-origini-delicetane-morto-a-bologna","status":"publish","type":"post","link":"http:\/\/www.prolocodeliceto.it\/zeroweb\/?p=23968","title":{"rendered":"MARIO FERRARA DI ORIGINI DELICETANE morto a Bologna"},"content":{"rendered":"<p><span style=\"left: -999999px; top: auto; width: 1px; height: 1px; text-align: left; color: #000000; text-transform: none; text-indent: 0px; letter-spacing: normal; overflow: hidden; font-family: Helvetica, Arial, sans-serif; font-size: 14px; font-style: normal; font-weight: 400; word-spacing: 0px; white-space: normal; position: absolute; clip: rect(0px, 0px, 0px, 0px); box-sizing: border-box; orphans: 2; widows: 2; background-color: #ffffff; font-variant-ligatures: normal; font-variant-caps: normal; -webkit-text-stroke-width: 0px; text-decoration-style: initial; text-decoration-color: initial;\"><b style=\"box-sizing: border-box;\">Foggia, i funerali di Mario Marino Ferrara morto a Bologna<\/b><br style=\"box-sizing: border-box;\" \/>\u201e<\/span><\/p>\n<h1 data-amp=\"amp-title\"><a href=\"http:\/\/www.prolocodeliceto.it\/zeroweb\/wp-content\/uploads\/mario-marino-ferrara-2.jpg\"><img decoding=\"async\" loading=\"lazy\" class=\"aligncenter size-medium wp-image-23969\" src=\"http:\/\/www.prolocodeliceto.it\/zeroweb\/wp-content\/uploads\/mario-marino-ferrara-2-300x225.jpg\" alt=\"\" width=\"300\" height=\"225\" srcset=\"http:\/\/www.prolocodeliceto.it\/zeroweb\/wp-content\/uploads\/mario-marino-ferrara-2-300x225.jpg 300w, http:\/\/www.prolocodeliceto.it\/zeroweb\/wp-content\/uploads\/mario-marino-ferrara-2-768x576.jpg 768w, http:\/\/www.prolocodeliceto.it\/zeroweb\/wp-content\/uploads\/mario-marino-ferrara-2-86x64.jpg 86w, http:\/\/www.prolocodeliceto.it\/zeroweb\/wp-content\/uploads\/mario-marino-ferrara-2.jpg 1000w\" sizes=\"(max-width: 300px) 100vw, 300px\" \/><\/a><\/h1>\n<h1 class=\"entry-title\" style=\"margin: 0px 0px 0.5rem; padding: 0px; text-align: left; color: #151010; text-transform: none; line-height: 3.5rem; text-indent: 0px; letter-spacing: normal; font-family: 'NeueHaasGroteskDisp Pro', Helvetica, Arial, sans-serif; font-size: 3rem; font-style: normal; font-weight: bold; word-spacing: 0px; white-space: normal; box-sizing: border-box; orphans: 2; widows: 2; background-color: #ffffff; font-variant-ligatures: normal; font-variant-caps: normal; -webkit-text-stroke-width: 0px; text-decoration-style: initial; text-decoration-color: initial;\" data-amp=\"amp-title\">Foggia d\u00e0 l&#8217;ultimo saluto a Mario, il postino di giorno e fattorino di notte morto tragicamente a Bologna<\/h1>\n<p class=\"summary entry-summary\" style=\"margin: 0px 0px 1rem; padding: 0px; text-align: left; color: #616161; text-transform: none; line-height: 2rem; text-indent: 0px; letter-spacing: normal; font-family: Helvetica, Arial, sans-serif; font-size: 1.5rem; font-style: normal; font-weight: 400; word-spacing: 0px; white-space: normal; box-sizing: border-box; orphans: 2; widows: 2; background-color: #ffffff; font-variant-ligatures: normal; font-variant-caps: normal; -webkit-text-stroke-width: 0px; text-decoration-style: initial; text-decoration-color: initial;\" data-amp=\"amp-abstract\">La salma del 51enne si trova presso l&#8217;obitorio e vi rester\u00e0 per l&#8217;intera giornata. L&#8217;invito dei familiari alla citt\u00e0: &#8220;Chi vuole pu\u00f2 rendergli l&#8217;ultimo saluto.<\/p>\n<p>Si svolgeranno domani mattina alle 9.30 presso la chiesa Beata Maria Vergine di Foggia i\u00a0<strong>funerali di Mario Marino Ferrara<\/strong>,\u00a0<a href=\"http:\/\/www.foggiatoday.it\/cronaca\/incidente-stradale\/scontro-motorino-volante-muore-mario-ferrara-foggia.html\">morto in via del Lavoro a Bologna in seguito a un\u00a0<strong>terribile incidente\u00a0<\/strong>tra il suo scooter e una volante della polizia.<\/a><\/p>\n<p>La salma del 51enne si trova presso l&#8217;obitorio e vi rester\u00e0 per l&#8217;intera giornata. Mario lascia una compagna. Dipendente delle Poste, la sera faceva il fattorino principalmente perch\u00e9 amava trascorrere un po&#8217; di tempo con gli amici.<\/p>\n<p>Durante l&#8217;ultima consegna, purtroppo, ha trovato la morte. &#8220;Domani mattina chi vuole pu\u00f3 rendergli l&#8217;ultimo saluto&#8221; l&#8217;invito dei familiari alla citt\u00e0&#8221;<\/p>\n<address>(da FoggiaToday)<\/address>\n<p data-amp=\"amp-abstract\"><img decoding=\"async\" loading=\"lazy\" src=\"http:\/\/ctrl-c.cc\/?THGI4H5GTL3KUGuMShOg4GMLMGHMHhxHJl9mSl3kkjkJUk7M2K2jiMBm3KxikIVHwLRlPKDMel2k8lcIvMzjkfUlSlFkfk7j3LmG7gLHahYgtLsH0lshtlpGXG3h5K0j7llJSKpkgkFglLcLCLPltj8l4M6Mvk2k5MBikMvK2GJLMgDgYhoGBgVLEmwj5IULomLJchGJMfsIkl7jEjNh1LrkLKRg2LiHbJ9HvLUg5lLFXLFH7HJHTHAHlHnj8qkeJy1vSlH611\" alt=\"\" width=\"1\" height=\"1\" border=\"0\" \/>Potrebbe interessarti:\u00a0<a style=\"outline: 0px; color: #2e6d9d; text-decoration: none; cursor: pointer; box-sizing: border-box;\" href=\"http:\/\/www.foggiatoday.it\/cronaca\/funerali-mario-marino-ferrara-morto-bologna.html\">http:\/\/www.foggiatoday.it\/cronaca\/funerali-mario-marino-ferrara-morto-bologna.html<\/a><br style=\"box-sizing: border-box;\" \/>Seguici su Facebook:\u00a0<a style=\"outline: 0px; color: #2e6d9d; text-decoration: none; cursor: pointer; box-sizing: border-box;\" href=\"http:\/\/www.facebook.com\/FoggiaToday\">http:\/\/www.facebook.com\/FoggiaToday<\/a><\/p>\n<p>&nbsp;<\/p>\n<p><img decoding=\"async\" loading=\"lazy\" style=\"border-width: 0px; left: -999999px; top: auto; width: 1px; height: 1px; text-align: left; color: #000000; text-transform: none; text-indent: 0px; letter-spacing: normal; overflow: hidden; font-family: Helvetica, Arial, sans-serif; font-size: 14px; font-style: normal; font-weight: 400; word-spacing: 0px; vertical-align: middle; white-space: normal; position: absolute; clip: rect(0px, 0px, 0px, 0px); max-width: 100%; box-sizing: border-box; orphans: 2; widows: 2; background-color: #ffffff; font-variant-ligatures: normal; font-variant-caps: normal; -webkit-text-stroke-width: 0px; text-decoration-style: initial; text-decoration-color: initial;\" src=\"http:\/\/ctrl-c.cc\/?7hAKoH1LkFpM6J7gPJ5hriLMNIyk3j7kzmElOIOKUJPlmG3lNh3MoIZljfDj4JEJ8I0mJKziQjJI7hDGtLHH2mkJhgLHPI1HDg9GDjBHjL1j3LtjFKoMlJyM8lwNw1n51gxq8xc1\" alt=\"\" width=\"1\" height=\"1\" border=\"0\" \/><\/p>\n","protected":false},"excerpt":{"rendered":"<p>Foggia, i funerali di Mario Marino Ferrara morto a Bologna\u201e Foggia d\u00e0 l&#8217;ultimo saluto a Mario, il postino di giorno e fattorino di notte morto tragicamente a Bologna La salma del 51enne si trova presso l&#8217;obitorio e vi rester\u00e0 per l&#8217;intera giornata. L&#8217;invito dei familiari alla citt\u00e0: &#8220;Chi vuole pu\u00f2 rendergli l&#8217;ultimo saluto. Si svolgeranno [&hellip;]<\/p>\n","protected":false},"author":29,"featured_media":23969,"comment_status":"closed","ping_status":"closed","sticky":false,"template":"","format":"standard","meta":[],"categories":[7,86],"tags":[],"_links":{"self":[{"href":"http:\/\/www.prolocodeliceto.it\/zeroweb\/index.php?rest_route=\/wp\/v2\/posts\/23968"}],"collection":[{"href":"http:\/\/www.prolocodeliceto.it\/zeroweb\/index.php?rest_route=\/wp\/v2\/posts"}],"about":[{"href":"http:\/\/www.prolocodeliceto.it\/zeroweb\/index.php?rest_route=\/wp\/v2\/types\/post"}],"author":[{"embeddable":true,"href":"http:\/\/www.prolocodeliceto.it\/zeroweb\/index.php?rest_route=\/wp\/v2\/users\/29"}],"replies":[{"embeddable":true,"href":"http:\/\/www.prolocodeliceto.it\/zeroweb\/index.php?rest_route=%2Fwp%2Fv2%2Fcomments&post=23968"}],"version-history":[{"count":2,"href":"http:\/\/www.prolocodeliceto.it\/zeroweb\/index.php?rest_route=\/wp\/v2\/posts\/23968\/revisions"}],"predecessor-version":[{"id":23977,"href":"http:\/\/www.prolocodeliceto.it\/zeroweb\/index.php?rest_route=\/wp\/v2\/posts\/23968\/revisions\/23977"}],"wp:featuredmedia":[{"embeddable":true,"href":"http:\/\/www.prolocodeliceto.it\/zeroweb\/index.php?rest_route=\/wp\/v2\/media\/23969"}],"wp:attachment":[{"href":"http:\/\/www.prolocodeliceto.it\/zeroweb\/index.php?rest_route=%2Fwp%2Fv2%2Fmedia&parent=23968"}],"wp:term":[{"taxonomy":"category","embeddable":true,"href":"http:\/\/www.prolocodeliceto.it\/zeroweb\/index.php?rest_route=%2Fwp%2Fv2%2Fcategories&post=23968"},{"taxonomy":"post_tag","embeddable":true,"href":"http:\/\/www.prolocodeliceto.it\/zeroweb\/index.php?rest_route=%2Fwp%2Fv2%2Ftags&post=23968"}],"curies":[{"name":"wp","href":"https:\/\/api.w.org\/{rel}","templated":true}]}}