{"id":23884,"date":"2019-06-03T21:58:30","date_gmt":"2019-06-03T20:58:30","guid":{"rendered":"http:\/\/www.prolocodeliceto.it\/zeroweb\/?p=23884"},"modified":"2019-06-03T22:00:18","modified_gmt":"2019-06-03T21:00:18","slug":"premio-letterario-nazionale-umberto-bozzini-6a-edizione-2019","status":"publish","type":"post","link":"http:\/\/www.prolocodeliceto.it\/zeroweb\/?p=23884","title":{"rendered":"PREMIO LETTERARIO NAZIONALE UMBERTO BOZZINI \u2013 6\u00aa EDIZIONE 2019"},"content":{"rendered":"<p><a href=\"http:\/\/www.prolocodeliceto.it\/zeroweb\/wp-content\/uploads\/download-3.jpg\"><img decoding=\"async\" loading=\"lazy\" class=\"alignnone size-thumbnail wp-image-23886\" src=\"http:\/\/www.prolocodeliceto.it\/zeroweb\/wp-content\/uploads\/download-3-150x150.jpg\" alt=\"\" width=\"150\" height=\"150\" \/><\/a><\/p>\n<p>Umberto Bozzini (Lucera, 1876 \u2013 1921) \u00e8 stato un avvocato, poeta e drammaturgo italiano. Autore di una tragedia dal titolo <em>Fedra<\/em>, che riscosse un enorme successo tanto da essere decretata come vero e proprio capolavoro letterario e apostrofata come \u201cperfetta\u201d da Ferdinando Martini, ministro dell&#8217;Istruzione del primo governo Giolitti, letterato e critico toscano.<\/p>\n<p>L\u2019importanza bozziniana si evince anche da una storia, non proprio piacevole per il nostro compaesano. D&#8217;Annunzio, per battere sul tempo la messa in scena dell&#8217;opera di Bozzini, affrett\u00f2 in pochi giorni la stesura finale della sua <em>Fedra<\/em>, anche grazie al fatto che aveva avuto il copione bozziniano passato dagli stessi impresari cui si era rivolto Bozzini, tali coniugi Mario Fumagalli e Teresa Franchini. Umberto Bozzini, deluso e amareggiato, definir\u00e0 &#8220;coppia criminale&#8221; gli impresari, accuser\u00e0 D&#8217;Annunzio di plagio e sporger\u00e0 denuncia alla magistratura. L&#8217;azione giudiziaria tuttavia non proseguir\u00e0 a causa di forti pressioni dall\u2019alto.<\/p>\n<p>Con lo scopo di ridare dignit\u00e0 e lustro alla figura di questo uomo di lettere, nonch\u00e9 concittadino, la Citt\u00e0 di Lucera ha fortemente voluto indire un concorso a suo nome.<\/p>\n<p>Il distinto Premio letterario nazionale Umberto Bozzini \u00e8 ormai giunto alla sesta edizione e ha visto in una calda e suggestiva cerimonia, presso la bellissima location del Teatro Garibaldi di Lucera, in data 1 giugno, la premiazione dei vincitori nelle varie sezioni: teatro, narrativa, poesia e arti visive. La cerimonia \u00e8 stata aperta da una magistrale interpretazione eseguita dall\u2019Associazione Culturale e Teatrale MYTHOS di Lucera, dell\u2019opera di Umberto Bozzini <em>Georgica.<\/em><\/p>\n<p>Il premio, fortemente voluto dall\u2019Associazione Culturale e Teatrale MYTHOS di Lucera con il Comune di Lucera, la partnership di Club per l\u2019Unesco-Lucera e ProLoco, con il sostegno della Fondazione Monti Uniti di Foggia, ha lo scopo di incentivare, attraverso la conoscenza della figura e delle opere del grande drammaturgo e poeta di Lucera, la creativit\u00e0 di nuovi talenti esordienti, nel campo delle Lettere, della Poesia, del Teatro e delle Arti visive; rinvigorire l\u2019appellativo di \u201ccitt\u00e0 d\u2019arte e di cultura\u201d della Citt\u00e0 che vanta un glorioso passato storico e culturale, nella convinzione che non vi \u00e8 progresso senza presupposti culturali.<\/p>\n<p>Se \u00e8 vero quello che disse Karl Kraus, e cio\u00e8 che quando il sole della cultura \u00e8 basso, i nani hanno l\u2019aspetto di giganti, allora noi abbiamo il diritto di mantenere alto quel sole. Come fece Umberto Bozzini.<\/p>\n<p>&nbsp;<\/p>\n<p><strong>Le volontarie del Servizio Civile Nazionale<\/strong><\/p>\n<p><strong>Pro Loco di Lucera<\/strong><\/p>\n<p><em>Maria Grazia De Luca, Chiara Modestino<\/em><\/p>\n","protected":false},"excerpt":{"rendered":"<p>Umberto Bozzini (Lucera, 1876 \u2013 1921) \u00e8 stato un avvocato, poeta e drammaturgo italiano. Autore di una tragedia dal titolo Fedra, che riscosse un enorme successo tanto da essere decretata come vero e proprio capolavoro letterario e apostrofata come \u201cperfetta\u201d da Ferdinando Martini, ministro dell&#8217;Istruzione del primo governo Giolitti, letterato e critico toscano. L\u2019importanza bozziniana [&hellip;]<\/p>\n","protected":false},"author":29,"featured_media":23886,"comment_status":"closed","ping_status":"closed","sticky":false,"template":"","format":"standard","meta":[],"categories":[7,86,88],"tags":[],"_links":{"self":[{"href":"http:\/\/www.prolocodeliceto.it\/zeroweb\/index.php?rest_route=\/wp\/v2\/posts\/23884"}],"collection":[{"href":"http:\/\/www.prolocodeliceto.it\/zeroweb\/index.php?rest_route=\/wp\/v2\/posts"}],"about":[{"href":"http:\/\/www.prolocodeliceto.it\/zeroweb\/index.php?rest_route=\/wp\/v2\/types\/post"}],"author":[{"embeddable":true,"href":"http:\/\/www.prolocodeliceto.it\/zeroweb\/index.php?rest_route=\/wp\/v2\/users\/29"}],"replies":[{"embeddable":true,"href":"http:\/\/www.prolocodeliceto.it\/zeroweb\/index.php?rest_route=%2Fwp%2Fv2%2Fcomments&post=23884"}],"version-history":[{"count":3,"href":"http:\/\/www.prolocodeliceto.it\/zeroweb\/index.php?rest_route=\/wp\/v2\/posts\/23884\/revisions"}],"predecessor-version":[{"id":23888,"href":"http:\/\/www.prolocodeliceto.it\/zeroweb\/index.php?rest_route=\/wp\/v2\/posts\/23884\/revisions\/23888"}],"wp:featuredmedia":[{"embeddable":true,"href":"http:\/\/www.prolocodeliceto.it\/zeroweb\/index.php?rest_route=\/wp\/v2\/media\/23886"}],"wp:attachment":[{"href":"http:\/\/www.prolocodeliceto.it\/zeroweb\/index.php?rest_route=%2Fwp%2Fv2%2Fmedia&parent=23884"}],"wp:term":[{"taxonomy":"category","embeddable":true,"href":"http:\/\/www.prolocodeliceto.it\/zeroweb\/index.php?rest_route=%2Fwp%2Fv2%2Fcategories&post=23884"},{"taxonomy":"post_tag","embeddable":true,"href":"http:\/\/www.prolocodeliceto.it\/zeroweb\/index.php?rest_route=%2Fwp%2Fv2%2Ftags&post=23884"}],"curies":[{"name":"wp","href":"https:\/\/api.w.org\/{rel}","templated":true}]}}