{"id":23474,"date":"2019-03-16T23:01:41","date_gmt":"2019-03-16T22:01:41","guid":{"rendered":"http:\/\/www.prolocodeliceto.it\/zeroweb\/?p=23474"},"modified":"2019-03-16T23:01:41","modified_gmt":"2019-03-16T22:01:41","slug":"foggia-cittadella-1-1","status":"publish","type":"post","link":"http:\/\/www.prolocodeliceto.it\/zeroweb\/?p=23474","title":{"rendered":"FOGGIA CITTADELLA 1-1"},"content":{"rendered":"<p><a href=\"http:\/\/www.prolocodeliceto.it\/zeroweb\/wp-content\/uploads\/Carpi-Foggia_Gol-Iemmello-2.jpeg\"><img decoding=\"async\" loading=\"lazy\" class=\"alignnone size-thumbnail wp-image-23224\" src=\"http:\/\/www.prolocodeliceto.it\/zeroweb\/wp-content\/uploads\/Carpi-Foggia_Gol-Iemmello-2-150x150.jpeg\" alt=\"\" width=\"150\" height=\"150\" \/><\/a><\/p>\n<p>Al termine della gara Foggia-Cittadella si sono presentati in sala stampa: Venturato; Gerbo; Deli e Grassadonia. Rilasciando le seguenti dichiarazioni:<\/p>\n<p><strong>Venturato<\/strong>: &#8220;<em>Abbiamo fatto una prestazione positiva, mi dispiace che non abbiamo vinto&#8230; in questo momento conta molto il risultato, dovevamo gestire meglio il vantaggio. Abbiamo commesso un ingenuit\u00e0 sul calcio di rigore. Il pareggio \u00e8 giusto, abbiamo fatto una partita importante provando a vincere, dovevamo essere pi\u00f9 incisivi e concreti negli ultimi metri&#8230; non \u00e8 un buon segnale.<br \/>\nIo credo che nel calcio bisogna saper correre bene e con qualit\u00e0, lo abbiamo fatto, ma abbiamo sbagliato nell\u00b4ultimo quarto d\u00b4ora dove dovevamo sfruttare il possesso palla, non credo sia stato problema di stanchezza&#8230; \u00e8 stato merito degli avversari.<br \/>\nDare un giudizio sul Foggia non credo sia corretto, il Foggia ha giocatori di qualit\u00e0 e pu\u00f2 giocarsela fino in fondo, bisogna mettere caparbiet\u00e0 e delusione.<br \/>\nIn questo momento i pareggi non ti danno granch\u00e8, bisogna portare i tre punti a casa, noi cerchiamo di farlo attraverso il gioco&#8230; ogni partita \u00e8 una finale.<br \/>\nLa maggior parte del nostro campionato \u00e8 andato bene, purtroppo abbiamo fatto troppi pareggi, questi disturbano la nostra attuale classifica.<\/em>&#8221;<\/p>\n<p><strong>Gerbo<\/strong>:&#8221;<em>E\u00b4 stata una partita approcciata nel migliore dei modi, la squadra era frizzante, il Cittadella l\u00b4ha sbloccata su una situazione un po\u00b4 fortuita&#8230; potevamo essere pi\u00f9 concreti sotto porta. Ho fatto i complimenti a Paleari per le parate che ha effettuato.<br \/>\nIn campo bastava un goal per riaprirla e potevamo andare vicino alla vittoria, purtroppo c\u00b4\u00e8 stato un palo con autogoal, siamo stati sfortunati, ma mi \u00e8 piaciuto lo spirito di oggi.<br \/>\nAbbiamo preso un punto, \u00e8 meglio di aver perso, sappiamo che \u00e8 importante vincere in casa, ma fuoricasa non \u00e8 vietato vincere, abbiamo l\u00b4opportunit\u00e0 di andare a vincere a Brescia&#8230; non ci andremo a consegnare.<br \/>\nParlando con il mister abbiamo deciso di dare la fascia a Pietro, in questo momento \u00e8 importante il supporto degli attaccanti, io ho pensato che dandogli la fascia avrebbe dato una qualcosa in pi\u00f9.<\/em>&#8221;<\/p>\n<p><strong>Deli<\/strong>:&#8221;<em>Io penso che il migliore del Cittadella \u00e8 stato il portiere, abbiamo avuto sfortuna, loro hanno segnato su un errore nostro. Dobbiamo continuare cos\u00ec e sfruttare meglio le occasioni.<br \/>\nSe ci siamo compattati \u00e8 merito di tutte le componenti, specialmente dei tifosi&#8230; ci dobbiamo salvare, continuare cos\u00ec e non sbagliare niente.<br \/>\nLa nostra \u00e8 stata una reazione di orgoglio, non meritavamo lo svantaggio, ognuno di noi ha messo qualcosa in pi\u00f9&#8230; secondo me potevamo vincere, dobbiamo continuare cos\u00ec e sfruttare pi\u00f9 occasioni.<br \/>\nSto bene, quest\u00b4anno a livello fisico non sono stato fortunato. Mi sto allenando bene. C\u00b4\u00e8 stata una reazione d\u00b4orgoglio, siamo vivi e dobbiamo continuare cos\u00ec.<br \/>\nAdesso dobbiamo dare tutto, abbiamo 2 settimane per ricominciare, l\u00b4importante \u00e8 la compattezza e la ferocia di squadra. Il Brescia gioca in modo simile al Cittadella&#8230; bisogna pensare partita per partita e fare sempre punti.<\/em>&#8221;<\/p>\n<p><strong>Grassadonia<\/strong>: &#8220;<em>Questo punto da certezze, perch\u00e8 la squadra ha fatto una buona partita contro una delle squadre pi\u00f9 in forma, \u00e8 un pareggio che ci sta anche stretto per quanto fatto, tenendo conto che non \u00e8 stato facile andare sotto e ripartire.<br \/>\nLa fascia a Iemmello \u00e8 un atto dovuto, ho condiviso questa scelta con Gerbo, lui mi ha dato disponibilit\u00e0 ed il gruppo si costruisce anche da questo.<br \/>\nOgni partita \u00e8 una finale, dobbiamo essere bravi a prendere punti ovunque contro chiunque, dobbiamo toccare altre corde a livello di gioco. Sia Oliver che Marco Zambelli potevamo sfruttarli di pi\u00f9 dando la palla veloce. I ragazzi hanno alternato buone situazioni ad altre che non sono state interpretate bene.<br \/>\nC\u00b4\u00e8 tanto da migliorare, bisogna lavorarci, in questi 4 giorni i ragazzi sono tornati su quello che facevamo prima, vanno migliorati certi automatismi&#8230; sono soddisfatto da questa partenza della squadra, non \u00e8 stato facile andare sotto e continuare a spingere e poi darci ancora dentro fino alla fine, \u00e8 stato un buon segnale.<br \/>\nHo riconosciuto la mia squadra, lo spirito, la serenit\u00e0 ed una grande determinazione, se restiamo insieme arriveremo all\u00b4obiettivo.<br \/>\nMi ha mortificato la situazione quando sono andato via e sono tornato molto arrabbiato, io mi sento un allenatore molto bravo che ha passato percorsi molto difficili che ci hanno condizionato. Noi dobbiamo concentraci, perch\u00e8 c\u00b4\u00e8 tanto da fare.<br \/>\nI tifosi ci hanno spinto e quando cantano si sentono, dobbiamo dare tutto quello che abbiamo, bravi a non farci uccidere per uscirne fortificati&#8230; dovevamo vincerla questa partita, oggi non ci siamo riusciti e per questo dobbiamo lavorare tanto.<br \/>\nNon mi piace appellarmi alla fortuna e la sfortuna, sei tu che la determini. Lo spogliatoio deve essere granitico, bisogna pensare solo al \u00b4noi\u00b4 e non all\u00b4\u00b4io\u00b4.<br \/>\nIl Cittadella \u00e8 una delle squadre che ti fa giocar peggio, faccio i complimenti a loro per l\u00b4equilibrio, potevamo perderci. Bisognava giocar bene tra le linee, ho avuto le risposte che cercavo, forse meritavamo di vincere, ma prendiamo questo punto e torniamo a farne altri.<br \/>\nNoi non andiamo a Brescia a fare le vittime, attraverso il gioco andremo a cercare di vincere la partita. Oggi la squadra ha dimostrato maturit\u00e0 ed equilibrio, ma mancano punti importanti.<br \/>\nGalano va assolutamente recuperato, lui ha degli spunti che possono servirci tanto, deve dare di pi\u00f9 dal punto di vista dell\u00b4intensit\u00e0 e del piacere di giocare&#8230; pu\u00f2 farci svoltare. Gli attaccanti vanno messi nelle condizioni di far goal. Siamo arrivati varie volte al tiro oppure ci \u00e8 mancato il passaggio finale.<\/em>&#8221;<br \/>\nFoto: Antonello Forcelli<\/p>\n","protected":false},"excerpt":{"rendered":"<p>Al termine della gara Foggia-Cittadella si sono presentati in sala stampa: Venturato; Gerbo; Deli e Grassadonia. Rilasciando le seguenti dichiarazioni: Venturato: &#8220;Abbiamo fatto una prestazione positiva, mi dispiace che non abbiamo vinto&#8230; in questo momento conta molto il risultato, dovevamo gestire meglio il vantaggio. Abbiamo commesso un ingenuit\u00e0 sul calcio di rigore. Il pareggio \u00e8 [&hellip;]<\/p>\n","protected":false},"author":29,"featured_media":23224,"comment_status":"closed","ping_status":"closed","sticky":false,"template":"","format":"standard","meta":[],"categories":[7,6,86],"tags":[],"_links":{"self":[{"href":"http:\/\/www.prolocodeliceto.it\/zeroweb\/index.php?rest_route=\/wp\/v2\/posts\/23474"}],"collection":[{"href":"http:\/\/www.prolocodeliceto.it\/zeroweb\/index.php?rest_route=\/wp\/v2\/posts"}],"about":[{"href":"http:\/\/www.prolocodeliceto.it\/zeroweb\/index.php?rest_route=\/wp\/v2\/types\/post"}],"author":[{"embeddable":true,"href":"http:\/\/www.prolocodeliceto.it\/zeroweb\/index.php?rest_route=\/wp\/v2\/users\/29"}],"replies":[{"embeddable":true,"href":"http:\/\/www.prolocodeliceto.it\/zeroweb\/index.php?rest_route=%2Fwp%2Fv2%2Fcomments&post=23474"}],"version-history":[{"count":1,"href":"http:\/\/www.prolocodeliceto.it\/zeroweb\/index.php?rest_route=\/wp\/v2\/posts\/23474\/revisions"}],"predecessor-version":[{"id":23475,"href":"http:\/\/www.prolocodeliceto.it\/zeroweb\/index.php?rest_route=\/wp\/v2\/posts\/23474\/revisions\/23475"}],"wp:featuredmedia":[{"embeddable":true,"href":"http:\/\/www.prolocodeliceto.it\/zeroweb\/index.php?rest_route=\/wp\/v2\/media\/23224"}],"wp:attachment":[{"href":"http:\/\/www.prolocodeliceto.it\/zeroweb\/index.php?rest_route=%2Fwp%2Fv2%2Fmedia&parent=23474"}],"wp:term":[{"taxonomy":"category","embeddable":true,"href":"http:\/\/www.prolocodeliceto.it\/zeroweb\/index.php?rest_route=%2Fwp%2Fv2%2Fcategories&post=23474"},{"taxonomy":"post_tag","embeddable":true,"href":"http:\/\/www.prolocodeliceto.it\/zeroweb\/index.php?rest_route=%2Fwp%2Fv2%2Ftags&post=23474"}],"curies":[{"name":"wp","href":"https:\/\/api.w.org\/{rel}","templated":true}]}}