{"id":23467,"date":"2019-03-13T23:08:39","date_gmt":"2019-03-13T22:08:39","guid":{"rendered":"http:\/\/www.prolocodeliceto.it\/zeroweb\/?p=23467"},"modified":"2019-03-13T23:08:39","modified_gmt":"2019-03-13T22:08:39","slug":"il-15-marzo-san-severo-scende-in-piazza-per-dire-no-ai-cambiamenti-climatici","status":"publish","type":"post","link":"http:\/\/www.prolocodeliceto.it\/zeroweb\/?p=23467","title":{"rendered":"IL 15 MARZO SAN SEVERO SCENDE IN PIAZZA PER DIRE NO AI CAMBIAMENTI CLIMATICI"},"content":{"rendered":"<p align=\"center\"><a href=\"http:\/\/www.prolocodeliceto.it\/zeroweb\/wp-content\/uploads\/53400518_10216519728499032_2974633738631118848_n.jpg\"><img decoding=\"async\" loading=\"lazy\" class=\"alignnone size-thumbnail wp-image-23468\" src=\"http:\/\/www.prolocodeliceto.it\/zeroweb\/wp-content\/uploads\/53400518_10216519728499032_2974633738631118848_n-150x150.jpg\" alt=\"\" width=\"150\" height=\"150\" srcset=\"http:\/\/www.prolocodeliceto.it\/zeroweb\/wp-content\/uploads\/53400518_10216519728499032_2974633738631118848_n-150x150.jpg 150w, http:\/\/www.prolocodeliceto.it\/zeroweb\/wp-content\/uploads\/53400518_10216519728499032_2974633738631118848_n-300x300.jpg 300w, http:\/\/www.prolocodeliceto.it\/zeroweb\/wp-content\/uploads\/53400518_10216519728499032_2974633738631118848_n.jpg 574w\" sizes=\"(max-width: 150px) 100vw, 150px\" \/><\/a><\/p>\n<p class=\"ox-aa01857e31-m_-404720032755289648gmail-MsoNormalCxSpMiddle\" style=\"margin: 0px 0px 1em; text-align: center; color: #000000; text-transform: none; text-indent: 0px; letter-spacing: normal; font-family: 'Helvetica Neue', Helvetica, Arial, sans-serif; font-size: 16px; font-style: normal; font-weight: 400; word-spacing: 0px; white-space: normal; orphans: 2; widows: 2; background-color: #ffffff; font-variant-ligatures: normal; font-variant-caps: normal; -webkit-text-stroke-width: 0px; text-decoration-style: initial; text-decoration-color: initial;\" align=\"center\"><b>IL 15 MARZO SAN SEVERO SCENDE IN PIAZZA PER DIRE NO AI CAMBIAMENTI CLIMATICI<\/b><\/p>\n<p class=\"ox-aa01857e31-m_-404720032755289648gmail-MsoNormalCxSpMiddle\" style=\"margin: 0px 0px 1em; text-align: center; color: #000000; text-transform: none; text-indent: 0px; letter-spacing: normal; font-family: 'Helvetica Neue', Helvetica, Arial, sans-serif; font-size: 16px; font-style: normal; font-weight: 400; word-spacing: 0px; white-space: normal; orphans: 2; widows: 2; background-color: #ffffff; font-variant-ligatures: normal; font-variant-caps: normal; -webkit-text-stroke-width: 0px; text-decoration-style: initial; text-decoration-color: initial;\" align=\"center\"><i>Fridays For Future San Severo aderisce allo \u201cSciopero mondiale per il clima\u201d ideato e voluto dall\u2019attivista svedese Greta Thunberg, leader del movimento Strike4Climate. Studenti, cittadini e volontari sfileranno per le vie cittadine in un corteo colorato, pacifico e apartitico.<\/i><i>\u00a0<\/i><\/p>\n<p class=\"ox-aa01857e31-m_-404720032755289648gmail-MsoNormalCxSpMiddle\" style=\"margin: 0px 0px 1em; text-align: justify; color: #000000; text-transform: none; text-indent: 0px; letter-spacing: normal; font-family: 'Helvetica Neue', Helvetica, Arial, sans-serif; font-size: 16px; font-style: normal; font-weight: 400; word-spacing: 0px; white-space: normal; orphans: 2; widows: 2; background-color: #ffffff; font-variant-ligatures: normal; font-variant-caps: normal; -webkit-text-stroke-width: 0px; text-decoration-style: initial; text-decoration-color: initial;\">I volontari di\u00a0<b>Fridays For Future San Severo<\/b>\u00a0hanno organizzato per\u00a0<b>venerd\u00ec 15 marzo<\/b>\u00a0un corteo in collaborazione con\u00a0<b>studenti e scuole<\/b>\u00a0cittadine per aderire allo\u00a0<b>Sciopero mondiale per il clima<\/b>. La manifestazione si terr\u00e0 in\u00a0<b>contemporanea in tutto il mondo<\/b>\u00a0ed \u00e8 stata ideata e voluta\u00a0\u00a0dall\u2019attivista svedese\u00a0<b>Greta Thunberg<\/b>, da mesi impegnata in una lotta civile e ambientale senza precedenti in Europa e nel mondo.<\/p>\n<p class=\"ox-aa01857e31-m_-404720032755289648gmail-MsoNormalCxSpMiddle\" style=\"margin: 0px 0px 1em; text-align: justify; color: #000000; text-transform: none; text-indent: 0px; letter-spacing: normal; font-family: 'Helvetica Neue', Helvetica, Arial, sans-serif; font-size: 16px; font-style: normal; font-weight: 400; word-spacing: 0px; white-space: normal; orphans: 2; widows: 2; background-color: #ffffff; font-variant-ligatures: normal; font-variant-caps: normal; -webkit-text-stroke-width: 0px; text-decoration-style: initial; text-decoration-color: initial;\"><b>Sar\u00e0 la pi\u00f9 grande manifestazione per l\u2019ambiente mai realizzata ad oggi<\/b>.\u00a0 Il fine \u00e8 chiedere ai governi di tutto il mondo un impegno reale e concreto per\u00a0<b>contrastare l\u2019emergenza climatica<\/b>, nel rispetto degli\u00a0<b>accordi di Parigi della<\/b>\u00a0<b>Cop21<\/b>. L\u2019ultimo\u00a0<b>rapporto IPCC delle Nazioni Unite<\/b>\u00a0afferma l\u2019urgenza di contenere il riscaldamento globale entro +1,5 \u00b0C. Per farlo,\u00a0<b>dobbiamo dimezzare le emissioni globali di CO2 entro il 2030<\/b>, e\u00a0<b>azzerarle entro il 2050<\/b>.<\/p>\n<p class=\"ox-aa01857e31-m_-404720032755289648gmail-MsoNormalCxSpMiddle\" style=\"margin: 0px 0px 1em; text-align: justify; color: #000000; text-transform: none; text-indent: 0px; letter-spacing: normal; font-family: 'Helvetica Neue', Helvetica, Arial, sans-serif; font-size: 16px; font-style: normal; font-weight: 400; word-spacing: 0px; white-space: normal; orphans: 2; widows: 2; background-color: #ffffff; font-variant-ligatures: normal; font-variant-caps: normal; -webkit-text-stroke-width: 0px; text-decoration-style: initial; text-decoration-color: initial;\"><b>Dalle ore 9 alle 10.30<\/b>\u00a0studenti, associazioni, cittadini e famiglie si raduneranno nella\u00a0<b>Villa Comunale<\/b>\u00a0da cui prender\u00e0 il via il corteo, che percorrer\u00e0 tutto\u00a0<b>Corso Garibaldi<\/b>, passer\u00e0 davanti il Teatro Comunale \u201cGiuseppe Verdi\u201d, penetrer\u00e0 nel centro storico fino a raggiungere, attorno alle\u00a0<b>ore 11.30<\/b>, Palazzo Celestini in\u00a0<b>Piazza Municipio<\/b>, sede del Comune della Citt\u00e0 di San Severo. La manifestazione \u00e8:<b>\u00a0pacifica<\/b>, ogni atto violento sar\u00e0 denunciato alle Forze dell&#8217;Ordine;\u00a0<b>apartitica<\/b>, si manifesta in quanto cittadini, sono vietate insegne o bandiere di partiti politici, liste civiche o movimenti.<\/p>\n<p class=\"ox-aa01857e31-m_-404720032755289648gmail-MsoNormalCxSpMiddle\" style=\"margin: 0px 0px 1em; text-align: justify; color: #000000; text-transform: none; text-indent: 0px; letter-spacing: normal; font-family: 'Helvetica Neue', Helvetica, Arial, sans-serif; font-size: 16px; font-style: normal; font-weight: 400; word-spacing: 0px; white-space: normal; orphans: 2; widows: 2; background-color: #ffffff; font-variant-ligatures: normal; font-variant-caps: normal; -webkit-text-stroke-width: 0px; text-decoration-style: initial; text-decoration-color: initial;\">I manifestanti dovranno\u00a0<b>indossare un indumento o accessorio di colore verde<\/b>, portare con s\u00e9 un\u00a0<b>cartello\u00a0<\/b>con una frase\/ pensiero sui cambiamenti climatici, usare fischietti, coperchi di pentole, trombette e tutto ci\u00f2 che possa \u201cfare rumore\u201d in modo allegro:\u00a0<b>\u00e8 assolutamente vietato l\u2019uso di petardi<\/b>. Inoltre, \u00e8 importante che tutti mettano un<i>\u00a0like<\/i>\u00a0alla pagina\u00a0<b>Facebook<\/b>\u00a0e al profilo\u00a0<b>Instagram\u00a0<\/b>di\u00a0<b>Fridays For Future San Severo<\/b>, oltre ad usare per i propri post gli hashtag\u00a0<b>#fridaysforfuture<\/b>,\u00a0<b>#fridaysforfuturesansevero<\/b>,\u00a0<b>#climatestrike<\/b>.<\/p>\n<p class=\"ox-aa01857e31-m_-404720032755289648gmail-MsoNormalCxSpMiddle\" style=\"margin: 0px 0px 1em; text-align: justify; color: #000000; text-transform: none; text-indent: 0px; letter-spacing: normal; font-family: 'Helvetica Neue', Helvetica, Arial, sans-serif; font-size: 16px; font-style: normal; font-weight: 400; word-spacing: 0px; white-space: normal; orphans: 2; widows: 2; background-color: #ffffff; font-variant-ligatures: normal; font-variant-caps: normal; -webkit-text-stroke-width: 0px; text-decoration-style: initial; text-decoration-color: initial;\">\u201c<b>Daremo libert\u00e0 di parola ed espressione a tutti gli studenti che lo vorranno<\/b>: sono loro i protagonisti di questo cambiamento epocale che qualcuno ha definito un nuovo \u201968, anche se non sono assolutamente d\u2019accordo con questo paragone \u2013 dichiara\u00a0<b>Giorgio Ventricelli<\/b>, giornalista ambientale e strike organizer Fridays For Future San Severo, che continua \u2013 i ragazzi del \u201968 chiedevano diritti e libert\u00e0, non combattevano per la sopravvivenza della specie, il loro movimento non \u00e8 stato globale come quello del Fridays (si terr\u00e0 in 150 nazioni ndr) e non \u00e8 partito da una studentessa di 16 anni, oltre tutto \u00e8 stato in molti casi violento ed ha portato, in alcuni casi, a fenomeni di terrorismo: lasciamo stare questi ragazzi, non paragoniamoli a nessuno, essi stessi sono menti pensanti, caparbi e capaci di prendere in mano la situazione e di poter riparare al decadimento sociale, ambientale, economico e politico che affonda le sue radici proprio nel \u201968\u201d.<\/p>\n","protected":false},"excerpt":{"rendered":"<p>IL 15 MARZO SAN SEVERO SCENDE IN PIAZZA PER DIRE NO AI CAMBIAMENTI CLIMATICI Fridays For Future San Severo aderisce allo \u201cSciopero mondiale per il clima\u201d ideato e voluto dall\u2019attivista svedese Greta Thunberg, leader del movimento Strike4Climate. Studenti, cittadini e volontari sfileranno per le vie cittadine in un corteo colorato, pacifico e apartitico.\u00a0 I volontari [&hellip;]<\/p>\n","protected":false},"author":29,"featured_media":23468,"comment_status":"closed","ping_status":"closed","sticky":false,"template":"","format":"standard","meta":[],"categories":[7,86],"tags":[],"_links":{"self":[{"href":"http:\/\/www.prolocodeliceto.it\/zeroweb\/index.php?rest_route=\/wp\/v2\/posts\/23467"}],"collection":[{"href":"http:\/\/www.prolocodeliceto.it\/zeroweb\/index.php?rest_route=\/wp\/v2\/posts"}],"about":[{"href":"http:\/\/www.prolocodeliceto.it\/zeroweb\/index.php?rest_route=\/wp\/v2\/types\/post"}],"author":[{"embeddable":true,"href":"http:\/\/www.prolocodeliceto.it\/zeroweb\/index.php?rest_route=\/wp\/v2\/users\/29"}],"replies":[{"embeddable":true,"href":"http:\/\/www.prolocodeliceto.it\/zeroweb\/index.php?rest_route=%2Fwp%2Fv2%2Fcomments&post=23467"}],"version-history":[{"count":1,"href":"http:\/\/www.prolocodeliceto.it\/zeroweb\/index.php?rest_route=\/wp\/v2\/posts\/23467\/revisions"}],"predecessor-version":[{"id":23469,"href":"http:\/\/www.prolocodeliceto.it\/zeroweb\/index.php?rest_route=\/wp\/v2\/posts\/23467\/revisions\/23469"}],"wp:featuredmedia":[{"embeddable":true,"href":"http:\/\/www.prolocodeliceto.it\/zeroweb\/index.php?rest_route=\/wp\/v2\/media\/23468"}],"wp:attachment":[{"href":"http:\/\/www.prolocodeliceto.it\/zeroweb\/index.php?rest_route=%2Fwp%2Fv2%2Fmedia&parent=23467"}],"wp:term":[{"taxonomy":"category","embeddable":true,"href":"http:\/\/www.prolocodeliceto.it\/zeroweb\/index.php?rest_route=%2Fwp%2Fv2%2Fcategories&post=23467"},{"taxonomy":"post_tag","embeddable":true,"href":"http:\/\/www.prolocodeliceto.it\/zeroweb\/index.php?rest_route=%2Fwp%2Fv2%2Ftags&post=23467"}],"curies":[{"name":"wp","href":"https:\/\/api.w.org\/{rel}","templated":true}]}}