{"id":23088,"date":"2018-12-15T18:36:09","date_gmt":"2018-12-15T17:36:09","guid":{"rendered":"http:\/\/www.prolocodeliceto.it\/zeroweb\/?p=23088"},"modified":"2018-12-15T18:36:09","modified_gmt":"2018-12-15T17:36:09","slug":"eccellenze-in-digitale","status":"publish","type":"post","link":"http:\/\/www.prolocodeliceto.it\/zeroweb\/?p=23088","title":{"rendered":"Eccellenze in Digitale"},"content":{"rendered":"<p lang=\"it-IT\" align=\"LEFT\"><a href=\"http:\/\/www.prolocodeliceto.it\/zeroweb\/wp-content\/uploads\/image003.jpg\"><img decoding=\"async\" loading=\"lazy\" class=\"alignnone size-thumbnail wp-image-23089\" src=\"http:\/\/www.prolocodeliceto.it\/zeroweb\/wp-content\/uploads\/image003-150x150.jpg\" alt=\"\" width=\"150\" height=\"150\" \/>\u00a0\u00a0<\/a><a href=\"http:\/\/www.prolocodeliceto.it\/zeroweb\/wp-content\/uploads\/image002-4.jpg\"><img decoding=\"async\" loading=\"lazy\" class=\"alignnone size-thumbnail wp-image-23090\" src=\"http:\/\/www.prolocodeliceto.it\/zeroweb\/wp-content\/uploads\/image002-4-150x116.jpg\" alt=\"\" width=\"150\" height=\"116\" \/><\/a><\/p>\n<p lang=\"it-IT\" align=\"LEFT\"><span style=\"color: #000000;\"><span style=\"font-family: Arial, sans-serif;\"><span style=\"font-size: medium;\">Un appuntamento organizzato dalla Camera di Commercio di Foggia, <b>presso la sede del GAL Meridaunia a Bovino<\/b>, <b>gioved\u00ec 20 dicembre 2018<\/b>, per incontrare \u00a0<b>le imprese e i professionisti del territorio e<\/b> presentare loro i servizi digitali gratuiti che la Camera di Commercio di Foggia mette a disposizione.<\/span><\/span><\/span><\/p>\n<p lang=\"it-IT\" align=\"LEFT\"><span style=\"color: #000000;\">\u00a0<\/span><\/p>\n<p lang=\"it-IT\" align=\"LEFT\"><span style=\"color: #000000;\"><span style=\"font-family: Arial, sans-serif;\"><span style=\"font-size: medium;\">Si parler\u00e0 di \u00a0<b>SPID (Sistema Pubblico di Identit\u00e0 Digitale<\/b>), il nuovo strumento con cui cittadini e imprese possono accedere, in modalit\u00e0 sicura e garantita, ai servizi online della Pubblica Amministrazione, da qualunque dispositivo.\u00a0 Nel corso dell\u2019evento, inoltre, sar\u00e0 possibile attivare gratuitamente lo SPID, la Fatturazione elettronica e il Cassetto digitale, portando con s\u00e9 la firma digitale, il documento di identit\u00e0 e le chiavi d\u2019accesso alla propria email (email e password).<\/span><\/span><\/span><\/p>\n<p lang=\"it-IT\" align=\"LEFT\"><span style=\"color: #000000;\">\u00a0<\/span><\/p>\n<p lang=\"it-IT\" align=\"LEFT\"><span style=\"color: #000000;\"><span style=\"font-family: Arial, sans-serif;\"><span style=\"font-size: medium;\">Inoltre, sar\u00e0 presentato <b>\u2018Eccellenze in Digitale\u2019<\/b>, un progetto nato dalla collaborazione tra Google Italia e Unioncamere. Giunto quest\u2019anno alla sua quinta edizione, mette a disposizione delle piccole e medie imprese del territorio una tutor web, che terr\u00e0 seminari specifici sugli strumenti digitali e incontrer\u00e0 le imprese che vogliano verificare l\u2019efficacia della propria presenza online e ricevere utili consigli per migliorarla.<\/span><\/span><\/span><\/p>\n<p lang=\"it-IT\" align=\"LEFT\"><span style=\"color: #000000;\">\u00a0<\/span><\/p>\n<p lang=\"it-IT\" align=\"LEFT\"><span style=\"color: #000000;\"><span style=\"font-family: Arial, sans-serif;\"><span style=\"font-size: medium;\"><b>Ecco il programma dell\u2019incontro:<\/b><\/span><\/span><\/span><\/p>\n<p lang=\"it-IT\" align=\"LEFT\"><span style=\"color: #000000;\"><span style=\"font-family: Arial, sans-serif;\"><span style=\"font-size: medium;\">&#8211; Presentazione progetto Eccellenze in Digitale.<\/span><\/span><\/span><\/p>\n<p lang=\"it-IT\" align=\"LEFT\"><span style=\"color: #000000;\"><span style=\"font-family: Arial, sans-serif;\"><span style=\"font-size: medium;\">&#8211; Fatturazione elettronica: il servizio, gratuito e online di Infocamere, per le piccole e medie imprese, permette di compilare, trasmettere e conservare a norma le fatture elettroniche verso la Pubblica Amministrazione.<\/span><\/span><\/span><\/p>\n<p lang=\"it-IT\" align=\"LEFT\"><span style=\"color: #000000;\"><span style=\"font-family: Arial, sans-serif;\"><span style=\"font-size: medium;\">&#8211; Libri digitali<\/span><\/span><\/span><\/p>\n<p lang=\"it-IT\" align=\"LEFT\"><span style=\"color: #000000;\"><span style=\"font-family: Arial, sans-serif;\"><span style=\"font-size: medium;\">&#8211; Cassetto digitale: lo strumento gratuito che permette, per esempio, di scaricare in qualunque momento le proprie visure aggiornate e, all\u2019occorrenza, in altre lingue.<\/span><\/span><\/span><\/p>\n<p lang=\"it-IT\" align=\"LEFT\"><span style=\"color: #000000;\"><span style=\"font-family: Arial, sans-serif;\"><span style=\"font-size: medium;\">&#8211; Bandi Alternanza Scuola \u2013 Lavoro 2018 \u2013 2019, attraverso voucher di \u20ac 1.000 \/ 800 \/ 500, per professionisti e imprese che vogliano o che abbiano gi\u00e0 intrapreso percorsi di alternanza scuola-lavoro attraverso le convenzioni con gli istituti scolastici.<\/span><\/span><\/span><\/p>\n<p lang=\"it-IT\" align=\"LEFT\"><span style=\"color: #000000;\">\u00a0<\/span><\/p>\n<p align=\"LEFT\"><span style=\"color: #000000;\"><span style=\"font-family: Arial, sans-serif;\"><span style=\"font-size: medium;\"><span lang=\"it-IT\">&lt;<\/span><\/span><\/span><\/span><a href=\"https:\/\/www.facebook.com\/hashtag\/puntoimpresadigitale\"><span lang=\"it-IT\">https:\/\/www.facebook.com\/hashtag\/puntoimpresadigitale<\/span><\/a><span style=\"color: #000000;\"><span style=\"font-family: Arial, sans-serif;\"><span style=\"font-size: medium;\"><span lang=\"it-IT\">&gt; #PuntoImpresaDigitale\u00a0 &lt;<\/span><\/span><\/span><\/span><a href=\"https:\/\/www.facebook.com\/hashtag\/pid\"><span lang=\"it-IT\">https:\/\/www.facebook.com\/hashtag\/pid<\/span><\/a><span style=\"color: #000000;\"><span style=\"font-family: Arial, sans-serif;\"><span style=\"font-size: medium;\"><span lang=\"it-IT\">&gt; #PID<\/span><\/span><\/span><\/span><\/p>\n<p lang=\"it-IT\" align=\"LEFT\"><span style=\"color: #000000;\">\u00a0<\/span><\/p>\n<p lang=\"it-IT\" align=\"LEFT\"><span style=\"color: #000000;\">\u00a0<\/span><\/p>\n<p lang=\"it-IT\" align=\"CENTER\"><span style=\"color: #000000;\"><span style=\"font-family: Arial, sans-serif;\"><span style=\"font-size: medium;\"><b>GAL Meridaunia<\/b> &#8211; Piazza Municipio, 2 &#8211; 71023 Bovino (FG) &#8211; Tel. 0881.912007\/966557 &#8211; Fax 0881.912921<\/span><\/span><\/span><\/p>\n","protected":false},"excerpt":{"rendered":"<p>\u00a0\u00a0 Un appuntamento organizzato dalla Camera di Commercio di Foggia, presso la sede del GAL Meridaunia a Bovino, gioved\u00ec 20 dicembre 2018, per incontrare \u00a0le imprese e i professionisti del territorio e presentare loro i servizi digitali gratuiti che la Camera di Commercio di Foggia mette a disposizione. \u00a0 Si parler\u00e0 di \u00a0SPID (Sistema Pubblico [&hellip;]<\/p>\n","protected":false},"author":29,"featured_media":23089,"comment_status":"closed","ping_status":"closed","sticky":false,"template":"","format":"standard","meta":[],"categories":[7,86,88],"tags":[],"_links":{"self":[{"href":"http:\/\/www.prolocodeliceto.it\/zeroweb\/index.php?rest_route=\/wp\/v2\/posts\/23088"}],"collection":[{"href":"http:\/\/www.prolocodeliceto.it\/zeroweb\/index.php?rest_route=\/wp\/v2\/posts"}],"about":[{"href":"http:\/\/www.prolocodeliceto.it\/zeroweb\/index.php?rest_route=\/wp\/v2\/types\/post"}],"author":[{"embeddable":true,"href":"http:\/\/www.prolocodeliceto.it\/zeroweb\/index.php?rest_route=\/wp\/v2\/users\/29"}],"replies":[{"embeddable":true,"href":"http:\/\/www.prolocodeliceto.it\/zeroweb\/index.php?rest_route=%2Fwp%2Fv2%2Fcomments&post=23088"}],"version-history":[{"count":1,"href":"http:\/\/www.prolocodeliceto.it\/zeroweb\/index.php?rest_route=\/wp\/v2\/posts\/23088\/revisions"}],"predecessor-version":[{"id":23091,"href":"http:\/\/www.prolocodeliceto.it\/zeroweb\/index.php?rest_route=\/wp\/v2\/posts\/23088\/revisions\/23091"}],"wp:featuredmedia":[{"embeddable":true,"href":"http:\/\/www.prolocodeliceto.it\/zeroweb\/index.php?rest_route=\/wp\/v2\/media\/23089"}],"wp:attachment":[{"href":"http:\/\/www.prolocodeliceto.it\/zeroweb\/index.php?rest_route=%2Fwp%2Fv2%2Fmedia&parent=23088"}],"wp:term":[{"taxonomy":"category","embeddable":true,"href":"http:\/\/www.prolocodeliceto.it\/zeroweb\/index.php?rest_route=%2Fwp%2Fv2%2Fcategories&post=23088"},{"taxonomy":"post_tag","embeddable":true,"href":"http:\/\/www.prolocodeliceto.it\/zeroweb\/index.php?rest_route=%2Fwp%2Fv2%2Ftags&post=23088"}],"curies":[{"name":"wp","href":"https:\/\/api.w.org\/{rel}","templated":true}]}}