{"id":22909,"date":"2018-10-29T16:33:50","date_gmt":"2018-10-29T15:33:50","guid":{"rendered":"http:\/\/www.prolocodeliceto.it\/zeroweb\/?p=22909"},"modified":"2018-10-29T16:33:50","modified_gmt":"2018-10-29T15:33:50","slug":"foggia-carabinieri-forestali-controlli-in-materia-venatoria-scattano-le-prime-sanzioni-e-denunce","status":"publish","type":"post","link":"http:\/\/www.prolocodeliceto.it\/zeroweb\/?p=22909","title":{"rendered":"FOGGIA, Carabinieri Forestali, controlli in materia Venatoria \u2013 Scattano le prime sanzioni e denunce."},"content":{"rendered":"<p>&nbsp;<\/p>\n<p><strong>\u00a0<a href=\"http:\/\/www.prolocodeliceto.it\/zeroweb\/wp-content\/uploads\/images-3.jpg\"><img decoding=\"async\" loading=\"lazy\" class=\"alignnone size-thumbnail wp-image-22054\" src=\"http:\/\/www.prolocodeliceto.it\/zeroweb\/wp-content\/uploads\/images-3-150x150.jpg\" alt=\"\" width=\"150\" height=\"150\" \/><\/a><\/strong><\/p>\n<p><strong>Riscontrate numerose irregolarit\u00e0 di carattere amministrativo e penale. <\/strong><\/p>\n<p><strong>Foggia 29 ottobre<\/strong>, dopo poco pi\u00f9 di un mese dall\u2019inizio della Stagione Venatoria, vengono elaborati i primi bilanci dell\u2019attivit\u00e0 di controllo venatorio posta in essere dai militari dell\u2019Arma dei Carabinieri , dipendenti dal <strong>Gruppo Carabinieri Forestale di Foggia.<\/strong><\/p>\n<p>Sono decine le violazioni amministrative riscontrate a carico di cittadini residenti nella provincia di Foggia e a carico di quelli provenienti di fuori regione, che spesso pur non essendo provvisti di regolari permessi sconfinano in territorio dauno provenienti principalmente dalle confinanti Campania e Molise.<\/p>\n<p>Non mancano come di consueto le violazioni di carattere penale a seguito delle quali sono state sequestrate Armi, munizioni e selvaggina nonch\u00e9 hanno indotto al deferimento all\u2019A.G. di numerose persone.<\/p>\n<p>Ultimo evento segnalato \u00e8 quello avvenuto in agro del Comune di Zapponeta dove un uomo B.F. di 50 anni residente in quel Comune, \u00e8 stato sorpreso dai <strong>militari della Stazione CC Forestale di Manfredonia<\/strong>, ad esercitare l\u2019attivit\u00e0 venatoria con l\u2019uso di mezzi vietati.<\/p>\n<p>L\u2019attivit\u00e0 di controllo, proseguir\u00e0 comunque nelle prossime settimane e sar\u00e0 finalizzata alla protezione della Fauna selvatica nonch\u00e9 alla verifica del corretto esercizio dell\u2019attivit\u00e0 venatoria.<\/p>\n<p>&nbsp;<\/p>\n<p>&nbsp;<\/p>\n","protected":false},"excerpt":{"rendered":"<p>&nbsp; \u00a0 Riscontrate numerose irregolarit\u00e0 di carattere amministrativo e penale. Foggia 29 ottobre, dopo poco pi\u00f9 di un mese dall\u2019inizio della Stagione Venatoria, vengono elaborati i primi bilanci dell\u2019attivit\u00e0 di controllo venatorio posta in essere dai militari dell\u2019Arma dei Carabinieri , dipendenti dal Gruppo Carabinieri Forestale di Foggia. Sono decine le violazioni amministrative riscontrate a [&hellip;]<\/p>\n","protected":false},"author":29,"featured_media":22054,"comment_status":"closed","ping_status":"closed","sticky":false,"template":"","format":"standard","meta":[],"categories":[7,86,87],"tags":[],"_links":{"self":[{"href":"http:\/\/www.prolocodeliceto.it\/zeroweb\/index.php?rest_route=\/wp\/v2\/posts\/22909"}],"collection":[{"href":"http:\/\/www.prolocodeliceto.it\/zeroweb\/index.php?rest_route=\/wp\/v2\/posts"}],"about":[{"href":"http:\/\/www.prolocodeliceto.it\/zeroweb\/index.php?rest_route=\/wp\/v2\/types\/post"}],"author":[{"embeddable":true,"href":"http:\/\/www.prolocodeliceto.it\/zeroweb\/index.php?rest_route=\/wp\/v2\/users\/29"}],"replies":[{"embeddable":true,"href":"http:\/\/www.prolocodeliceto.it\/zeroweb\/index.php?rest_route=%2Fwp%2Fv2%2Fcomments&post=22909"}],"version-history":[{"count":1,"href":"http:\/\/www.prolocodeliceto.it\/zeroweb\/index.php?rest_route=\/wp\/v2\/posts\/22909\/revisions"}],"predecessor-version":[{"id":22911,"href":"http:\/\/www.prolocodeliceto.it\/zeroweb\/index.php?rest_route=\/wp\/v2\/posts\/22909\/revisions\/22911"}],"wp:featuredmedia":[{"embeddable":true,"href":"http:\/\/www.prolocodeliceto.it\/zeroweb\/index.php?rest_route=\/wp\/v2\/media\/22054"}],"wp:attachment":[{"href":"http:\/\/www.prolocodeliceto.it\/zeroweb\/index.php?rest_route=%2Fwp%2Fv2%2Fmedia&parent=22909"}],"wp:term":[{"taxonomy":"category","embeddable":true,"href":"http:\/\/www.prolocodeliceto.it\/zeroweb\/index.php?rest_route=%2Fwp%2Fv2%2Fcategories&post=22909"},{"taxonomy":"post_tag","embeddable":true,"href":"http:\/\/www.prolocodeliceto.it\/zeroweb\/index.php?rest_route=%2Fwp%2Fv2%2Ftags&post=22909"}],"curies":[{"name":"wp","href":"https:\/\/api.w.org\/{rel}","templated":true}]}}