{"id":22863,"date":"2018-10-11T22:29:42","date_gmt":"2018-10-11T21:29:42","guid":{"rendered":"http:\/\/www.prolocodeliceto.it\/zeroweb\/?p=22863"},"modified":"2018-10-11T22:29:42","modified_gmt":"2018-10-11T21:29:42","slug":"san-gerardo-e-deliceto","status":"publish","type":"post","link":"http:\/\/www.prolocodeliceto.it\/zeroweb\/?p=22863","title":{"rendered":"SAN GERARDO E DELICETO"},"content":{"rendered":"<p><a href=\"http:\/\/www.prolocodeliceto.it\/zeroweb\/wp-content\/uploads\/IMG_20181011_202901_resized_20181011_100833545.jpg\"><img decoding=\"async\" loading=\"lazy\" class=\"alignnone size-thumbnail wp-image-22864\" src=\"http:\/\/www.prolocodeliceto.it\/zeroweb\/wp-content\/uploads\/IMG_20181011_202901_resized_20181011_100833545-150x150.jpg\" alt=\"\" width=\"150\" height=\"150\" \/><\/a><\/p>\n<p>A circa tre Km in linea d&#8217;aria da Deliceto, su di uno sperone roccioso, sorge solitario e maestoso come un antico maniero, un grande edificio carico di storia e profonda spiritualit\u00e0: il Convento di S. M. della Consolazione.<\/p>\n<p>Non \u00e8 uno dei tanti cimeli storici architettonici del passato, ma un luogo vivo di eccezionale importanza, che unitamente al castello, ha fatto la storia del paese. Il Castello e la Consolazione, sono stati nei secoli le due anime vitali di Deliceto. Il primo l&#8217;anima civile, il secondo l&#8217;anima religiosa.<\/p>\n<p>La Consolazione la si pu\u00f2 definire un &#8220;luogo di Santi&#8221;, dal percorso storico molto travagliato. La sua fondazione risale alla fine del &#8216;400 e fu opera del santo monaco Agostiniano Felice da Corsano. Nel 1744, Sant&#8217;Alfonso M. De Liguori fece della Consolazione la &#8220;Terza Casa Storica&#8221;, del suo novello Istituto, &#8220;la Congregazione del SS. Redentore.<\/p>\n<p>Sant&#8217;Alfonso s&#8217;insedi\u00f2 alla Consolazione il 24 gennaio 1744 e vi rest\u00f2 fino al giugno del 1747, trascorrendo uno dei periodi pi\u00f9 fecondi della sua vita di missionario, di scrittore e poeta. Tra queste mura scrisse: &#8220;Theologia Moralis; Inni; Canti religiosi e si ispir\u00f2 al canto natalizio per eccellenza: &#8220;Tu scendi dalle stelle&#8221;.<\/p>\n<p>&nbsp;<\/p>\n<p>San Gerardo Maiella, contribu\u00ec pi\u00f9 di tutti, con le sue virt\u00f9 e i suoi prodigi, a rendere oltremodo famosi nel mondo i nomi di Deliceto e della Consolazione. Giunse nel Convento sull&#8217;imbrunire del 17 maggio 1749. tra queste mura e nei dintorni si svolsero quasi tutti gli avvenimenti pi\u00f9 celebri e importanti della sua vita religiosa, ad eccezione dell&#8217;ultimo anno, in cui dov&#8217;\u00e8 lasciare Deliceto a causa di una calunnia. La Consolazione fu il vero campo di battaglia della sua vita e della sua santit\u00e0, il luogo gerardino per eccellenza, la &#8220;culla&#8221; stessa del &#8220;mondo gerardino&#8221;. Ancora oggi il convento pu\u00f2 considerarsi come un unico immenso museo gerardino a cielo aperto, di cui, purtroppo, quasi nessuno ne \u00e8 a conoscenza. All&#8217;interno si ben conserva il suo capolavoro di cartapesta: l&#8217;Ecce Homo. La Consolazione venne perduta nel 1866, a causa della soppressione religiosa, seguita dall&#8217;Unificazione d&#8217;Italia e, a differenza delle altre tre Case storiche, non fu mai riscattata dai Redentoristi.<\/p>\n<p>&nbsp;<\/p>\n","protected":false},"excerpt":{"rendered":"<p>A circa tre Km in linea d&#8217;aria da Deliceto, su di uno sperone roccioso, sorge solitario e maestoso come un antico maniero, un grande edificio carico di storia e profonda spiritualit\u00e0: il Convento di S. M. della Consolazione. Non \u00e8 uno dei tanti cimeli storici architettonici del passato, ma un luogo vivo di eccezionale importanza, [&hellip;]<\/p>\n","protected":false},"author":29,"featured_media":22864,"comment_status":"closed","ping_status":"closed","sticky":false,"template":"","format":"standard","meta":[],"categories":[7,3,89,86],"tags":[],"_links":{"self":[{"href":"http:\/\/www.prolocodeliceto.it\/zeroweb\/index.php?rest_route=\/wp\/v2\/posts\/22863"}],"collection":[{"href":"http:\/\/www.prolocodeliceto.it\/zeroweb\/index.php?rest_route=\/wp\/v2\/posts"}],"about":[{"href":"http:\/\/www.prolocodeliceto.it\/zeroweb\/index.php?rest_route=\/wp\/v2\/types\/post"}],"author":[{"embeddable":true,"href":"http:\/\/www.prolocodeliceto.it\/zeroweb\/index.php?rest_route=\/wp\/v2\/users\/29"}],"replies":[{"embeddable":true,"href":"http:\/\/www.prolocodeliceto.it\/zeroweb\/index.php?rest_route=%2Fwp%2Fv2%2Fcomments&post=22863"}],"version-history":[{"count":1,"href":"http:\/\/www.prolocodeliceto.it\/zeroweb\/index.php?rest_route=\/wp\/v2\/posts\/22863\/revisions"}],"predecessor-version":[{"id":22865,"href":"http:\/\/www.prolocodeliceto.it\/zeroweb\/index.php?rest_route=\/wp\/v2\/posts\/22863\/revisions\/22865"}],"wp:featuredmedia":[{"embeddable":true,"href":"http:\/\/www.prolocodeliceto.it\/zeroweb\/index.php?rest_route=\/wp\/v2\/media\/22864"}],"wp:attachment":[{"href":"http:\/\/www.prolocodeliceto.it\/zeroweb\/index.php?rest_route=%2Fwp%2Fv2%2Fmedia&parent=22863"}],"wp:term":[{"taxonomy":"category","embeddable":true,"href":"http:\/\/www.prolocodeliceto.it\/zeroweb\/index.php?rest_route=%2Fwp%2Fv2%2Fcategories&post=22863"},{"taxonomy":"post_tag","embeddable":true,"href":"http:\/\/www.prolocodeliceto.it\/zeroweb\/index.php?rest_route=%2Fwp%2Fv2%2Ftags&post=22863"}],"curies":[{"name":"wp","href":"https:\/\/api.w.org\/{rel}","templated":true}]}}