{"id":22837,"date":"2018-10-02T10:43:31","date_gmt":"2018-10-02T09:43:31","guid":{"rendered":"http:\/\/www.prolocodeliceto.it\/zeroweb\/?p=22837"},"modified":"2018-10-03T22:45:35","modified_gmt":"2018-10-03T21:45:35","slug":"percorso-archeologico-naturalistico","status":"publish","type":"post","link":"http:\/\/www.prolocodeliceto.it\/zeroweb\/?p=22837","title":{"rendered":"Percorso archeologico-naturalistico"},"content":{"rendered":"<p align=\"center\"><a href=\"http:\/\/www.prolocodeliceto.it\/zeroweb\/wp-content\/uploads\/ArcheTrekking-Canne_7-ottobre.jpg\"><img decoding=\"async\" loading=\"lazy\" class=\"alignnone size-thumbnail wp-image-22838\" src=\"http:\/\/www.prolocodeliceto.it\/zeroweb\/wp-content\/uploads\/ArcheTrekking-Canne_7-ottobre-150x150.jpg\" alt=\"\" width=\"150\" height=\"150\" srcset=\"http:\/\/www.prolocodeliceto.it\/zeroweb\/wp-content\/uploads\/ArcheTrekking-Canne_7-ottobre-150x150.jpg 150w, http:\/\/www.prolocodeliceto.it\/zeroweb\/wp-content\/uploads\/ArcheTrekking-Canne_7-ottobre-298x300.jpg 298w, http:\/\/www.prolocodeliceto.it\/zeroweb\/wp-content\/uploads\/ArcheTrekking-Canne_7-ottobre.jpg 595w\" sizes=\"(max-width: 150px) 100vw, 150px\" \/><\/a><\/p>\n<p class=\"ox-9611c8efa8-MsoNormal\" style=\"margin: 0cm 0cm 0pt; text-align: center; color: #000000; text-transform: none; text-indent: 0px; letter-spacing: normal; font-family: 'Times New Roman', serif; font-size: 12pt; font-style: normal; font-weight: 400; word-spacing: 0px; white-space: normal; orphans: 2; widows: 2; background-color: #ffffff; font-variant-ligatures: normal; font-variant-caps: normal; -webkit-text-stroke-width: 0px; text-decoration-style: initial; text-decoration-color: initial;\" align=\"center\"><b><i>ARCHEOTREKKING A CANNE DELLA BATTAGLIA<\/i><\/b><\/p>\n<p class=\"ox-9611c8efa8-MsoNormal\" style=\"margin: 0cm 0cm 0pt; text-align: center; color: #000000; text-transform: none; text-indent: 0px; letter-spacing: normal; font-family: 'Times New Roman', serif; font-size: 12pt; font-style: normal; font-weight: 400; word-spacing: 0px; white-space: normal; orphans: 2; widows: 2; background-color: #ffffff; font-variant-ligatures: normal; font-variant-caps: normal; -webkit-text-stroke-width: 0px; text-decoration-style: initial; text-decoration-color: initial;\" align=\"center\"><b><i>percorso archeologico-naturalistico<\/i><\/b><\/p>\n<p class=\"ox-9611c8efa8-MsoNormal\" style=\"margin: 0cm 0cm 0pt; text-align: center; color: #000000; text-transform: none; text-indent: 0px; letter-spacing: normal; font-family: 'Times New Roman', serif; font-size: 12pt; font-style: normal; font-weight: 400; word-spacing: 0px; white-space: normal; orphans: 2; widows: 2; background-color: #ffffff; font-variant-ligatures: normal; font-variant-caps: normal; -webkit-text-stroke-width: 0px; text-decoration-style: initial; text-decoration-color: initial;\" align=\"center\"><b><i>7 Ottobre 2018 &#8211; ore 10:00<\/i><\/b><\/p>\n<p class=\"ox-9611c8efa8-MsoNormal\" style=\"margin: 0cm 0cm 0pt; text-align: center; color: #000000; text-transform: none; text-indent: 0px; letter-spacing: normal; font-family: 'Times New Roman', serif; font-size: 12pt; font-style: normal; font-weight: 400; word-spacing: 0px; white-space: normal; orphans: 2; widows: 2; background-color: #ffffff; font-variant-ligatures: normal; font-variant-caps: normal; -webkit-text-stroke-width: 0px; text-decoration-style: initial; text-decoration-color: initial;\" align=\"center\"><b><i>\u00a0<\/i><\/b><\/p>\n<p class=\"ox-9611c8efa8-MsoNormal\" style=\"margin: 0cm 0cm 0pt; text-align: justify; color: #000000; text-transform: none; text-indent: 0px; letter-spacing: normal; font-family: 'Times New Roman', serif; font-size: 12pt; font-style: normal; font-weight: 400; word-spacing: 0px; white-space: normal; orphans: 2; widows: 2; background-color: #ffffff; font-variant-ligatures: normal; font-variant-caps: normal; -webkit-text-stroke-width: 0px; text-decoration-style: initial; text-decoration-color: initial;\">Domenica 7 ottobre, a partire dalle ore 10:00,\u00a0<b>ArcheoLogica srl<\/b>\u00a0organizza un percorso di\u00a0<b>ArcheoTrekking\u00a0<\/b>tra il sito di Canne della Battaglia ed il territorio circostante.<\/p>\n<p class=\"ox-9611c8efa8-MsoNormal\" style=\"margin: 0cm 0cm 0pt; text-align: justify; color: #000000; text-transform: none; text-indent: 0px; letter-spacing: normal; font-family: 'Times New Roman', serif; font-size: 12pt; font-style: normal; font-weight: 400; word-spacing: 0px; white-space: normal; orphans: 2; widows: 2; background-color: #ffffff; font-variant-ligatures: normal; font-variant-caps: normal; -webkit-text-stroke-width: 0px; text-decoration-style: initial; text-decoration-color: initial;\">\n<p class=\"ox-9611c8efa8-MsoNormal\" style=\"margin: 0cm 0cm 0pt; text-align: justify; color: #000000; text-transform: none; text-indent: 0px; letter-spacing: normal; font-family: 'Times New Roman', serif; font-size: 12pt; font-style: normal; font-weight: 400; word-spacing: 0px; white-space: normal; orphans: 2; widows: 2; background-color: #ffffff; font-variant-ligatures: normal; font-variant-caps: normal; -webkit-text-stroke-width: 0px; text-decoration-style: initial; text-decoration-color: initial;\">Immersi in una natura rigogliosa, percorreremo con guide specializzate i sentieri che portano ai luoghi salienti sito di Canne della Battaglia: la Cittadella medievale con il suo\u00a0<i>Antiquarium<\/i>\u00a0totalmente rinnovato, il villaggio daunio, il menhir, Masseria Canne, la fontana di San Ruggero, gli scavi archeologici di San Mercurio.<\/p>\n<p class=\"ox-9611c8efa8-MsoNormal\" style=\"margin: 0cm 0cm 0pt; text-align: justify; color: #000000; text-transform: none; text-indent: 0px; letter-spacing: normal; font-family: 'Times New Roman', serif; font-size: 12pt; font-style: normal; font-weight: 400; word-spacing: 0px; white-space: normal; orphans: 2; widows: 2; background-color: #ffffff; font-variant-ligatures: normal; font-variant-caps: normal; -webkit-text-stroke-width: 0px; text-decoration-style: initial; text-decoration-color: initial;\">\n<p class=\"ox-9611c8efa8-MsoNormal\" style=\"margin: 0cm 0cm 0pt; text-align: justify; color: #000000; text-transform: none; text-indent: 0px; letter-spacing: normal; font-family: 'Times New Roman', serif; font-size: 12pt; font-style: normal; font-weight: 400; word-spacing: 0px; white-space: normal; orphans: 2; widows: 2; background-color: #ffffff; font-variant-ligatures: normal; font-variant-caps: normal; -webkit-text-stroke-width: 0px; text-decoration-style: initial; text-decoration-color: initial;\">Per chi volesse portarli, con l\u2019ausilio di binocoli andremo alla scoperta del paesaggio fluviale e non mancheranno cenni sulle masserie cannesi, sulle tradizioni e le leggende popolari che contraddistinguono questo agro.\u00a0 Sfondo della passeggiata il panorama mozzafiato che si pu\u00f2 godere da queste alture che dominano la valle dell\u2019Ofanto.<\/p>\n<p class=\"ox-9611c8efa8-MsoNormal\" style=\"margin: 0cm 0cm 0pt; text-align: justify; color: #000000; text-transform: none; text-indent: 0px; letter-spacing: normal; font-family: 'Times New Roman', serif; font-size: 12pt; font-style: normal; font-weight: 400; word-spacing: 0px; white-space: normal; orphans: 2; widows: 2; background-color: #ffffff; font-variant-ligatures: normal; font-variant-caps: normal; -webkit-text-stroke-width: 0px; text-decoration-style: initial; text-decoration-color: initial;\">\n<p class=\"ox-9611c8efa8-MsoNormal\" style=\"margin: 0cm 0cm 0pt; text-align: justify; color: #000000; text-transform: none; text-indent: 0px; letter-spacing: normal; font-family: 'Times New Roman', serif; font-size: 12pt; font-style: normal; font-weight: 400; word-spacing: 0px; white-space: normal; orphans: 2; widows: 2; background-color: #ffffff; font-variant-ligatures: normal; font-variant-caps: normal; -webkit-text-stroke-width: 0px; text-decoration-style: initial; text-decoration-color: initial;\">Durante il percorso sar\u00e0 possibile visitare la\u00a0<b>mostra<\/b>\u00a0allestita all\u2019interno del Parco archeologico\u00a0<b>\u201cDalla natura nella storia\u201d<\/b>, un\u2019installazione di\u00a0<b>Nicola Genco<\/b>, curata da\u00a0<b>Lia De Venere<\/b>\u00a0con l\u2019<b>Associazione culturale ETRA E.T.S.<\/b>\u00a0\u00a0Una fauna speciale, creata da Nicola Genco con ferro, legno e ceramica, accoglie i visitatori del parco, un poetico omaggio all\u2019ambiente naturale in cui l\u2019Ofanto si dirige, lento e ormai povero d\u2019acqua, alla foce.<\/p>\n<p class=\"ox-9611c8efa8-MsoNormal\" style=\"margin: 0cm 0cm 0pt; text-align: justify; color: #000000; text-transform: none; text-indent: 0px; letter-spacing: normal; font-family: 'Times New Roman', serif; font-size: 12pt; font-style: normal; font-weight: 400; word-spacing: 0px; white-space: normal; orphans: 2; widows: 2; background-color: #ffffff; font-variant-ligatures: normal; font-variant-caps: normal; -webkit-text-stroke-width: 0px; text-decoration-style: initial; text-decoration-color: initial;\">\n<p class=\"ox-9611c8efa8-MsoNormal\" style=\"margin: 0cm 0cm 0pt; text-align: justify; color: #000000; text-transform: none; text-indent: 0px; letter-spacing: normal; font-family: 'Times New Roman', serif; font-size: 12pt; font-style: normal; font-weight: 400; word-spacing: 0px; white-space: normal; orphans: 2; widows: 2; background-color: #ffffff; font-variant-ligatures: normal; font-variant-caps: normal; -webkit-text-stroke-width: 0px; text-decoration-style: initial; text-decoration-color: initial;\">Il progetto \u201cArcheotrekking\u201d\u00a0 \u00e8 rivolto a giovani e adulti, in buono stato di salute. Il percorso avr\u00e0 inizio alle ore 10:00 e terminer\u00e0 alle ore 13:00-13:30 circa.<\/p>\n<p class=\"ox-9611c8efa8-m_4394700933066233307gmail-m_9120289725588266039gmail-Default\" style=\"margin: 0cm 0cm 0pt; text-align: justify; color: black; text-transform: none; line-height: 18.4px; text-indent: 0px; letter-spacing: normal; font-family: 'Times New Roman', serif; font-size: 12pt; font-style: normal; font-weight: 400; word-spacing: 0px; white-space: normal; orphans: 2; widows: 2; background-color: #ffffff; font-variant-ligatures: normal; font-variant-caps: normal; -webkit-text-stroke-width: 0px; text-decoration-style: initial; text-decoration-color: initial;\">Appuntamento alle ore 9,45 davanti l\u2019ingresso dell\u2019<i>Antiquarium<\/i>\u00a0di Canne della Battaglia\u00a0&#8211; Frazione Canne della Battaglia, Barletta, SP142, 76121 Barletta BT<\/p>\n<p class=\"ox-9611c8efa8-MsoNormal\" style=\"margin: 3.75pt 0cm 0pt; color: #000000; text-transform: none; text-indent: 0px; letter-spacing: normal; font-family: 'Times New Roman', serif; font-size: 12pt; font-style: normal; font-weight: 400; word-spacing: 0px; white-space: normal; orphans: 2; widows: 2; background-color: #ffffff; font-variant-ligatures: normal; font-variant-caps: normal; -webkit-text-stroke-width: 0px; text-decoration-style: initial; text-decoration-color: initial;\"><a href=\"https:\/\/goo.gl\/maps\/7kEwYypWUME2\" target=\"_blank\" rel=\"noopener\">https:\/\/goo.gl\/maps\/7kEwYypWUME2<\/a><\/p>\n<p class=\"ox-9611c8efa8-MsoNormal\" style=\"margin: 0cm 0cm 0pt; text-align: justify; color: #000000; text-transform: none; text-indent: 0px; letter-spacing: normal; font-family: 'Times New Roman', serif; font-size: 12pt; font-style: normal; font-weight: 400; word-spacing: 0px; white-space: normal; orphans: 2; widows: 2; background-color: #ffffff; font-variant-ligatures: normal; font-variant-caps: normal; -webkit-text-stroke-width: 0px; text-decoration-style: initial; text-decoration-color: initial;\">\n<p class=\"ox-9611c8efa8-MsoNormal\" style=\"margin: 0cm 0cm 0pt; text-align: justify; color: #000000; text-transform: none; text-indent: 0px; letter-spacing: normal; font-family: 'Times New Roman', serif; font-size: 12pt; font-style: normal; font-weight: 400; word-spacing: 0px; white-space: normal; orphans: 2; widows: 2; background-color: #ffffff; font-variant-ligatures: normal; font-variant-caps: normal; -webkit-text-stroke-width: 0px; text-decoration-style: initial; text-decoration-color: initial;\">Il costo pro-capite \u00e8 di\u00a0<b>6,00 \u20ac<\/b>\u00a0(gratuito per bambini al di sotto dei 10 anni).<\/p>\n<p class=\"ox-9611c8efa8-MsoNormal\" style=\"margin: 0cm 0cm 0pt; text-align: justify; color: #000000; text-transform: none; text-indent: 0px; letter-spacing: normal; font-family: 'Times New Roman', serif; font-size: 12pt; font-style: normal; font-weight: 400; word-spacing: 0px; white-space: normal; orphans: 2; widows: 2; background-color: #ffffff; font-variant-ligatures: normal; font-variant-caps: normal; -webkit-text-stroke-width: 0px; text-decoration-style: initial; text-decoration-color: initial;\">Si consiglia abbigliamento comodo, scarpe da trekking, cappellini, pantaloni lunghi e una buona scorta d&#8217;acqua.<\/p>\n<p class=\"ox-9611c8efa8-MsoNormal\" style=\"margin: 0cm 0cm 0pt; text-align: justify; color: #000000; text-transform: none; text-indent: 0px; letter-spacing: normal; font-family: 'Times New Roman', serif; font-size: 12pt; font-style: normal; font-weight: 400; word-spacing: 0px; white-space: normal; orphans: 2; widows: 2; background-color: #ffffff; font-variant-ligatures: normal; font-variant-caps: normal; -webkit-text-stroke-width: 0px; text-decoration-style: initial; text-decoration-color: initial;\">\n<p class=\"ox-9611c8efa8-MsoNormal\" style=\"margin: 0cm 0cm 0pt; text-align: justify; color: #000000; text-transform: none; text-indent: 0px; letter-spacing: normal; font-family: 'Times New Roman', serif; font-size: 12pt; font-style: normal; font-weight: 400; word-spacing: 0px; white-space: normal; orphans: 2; widows: 2; background-color: #ffffff; font-variant-ligatures: normal; font-variant-caps: normal; -webkit-text-stroke-width: 0px; text-decoration-style: initial; text-decoration-color: initial;\">Le prenotazioni OBBLIGATORIE devono pervenire ai seguenti contatti:<\/p>\n<p class=\"ox-9611c8efa8-MsoNormal\" style=\"margin: 0cm 0cm 0pt; text-align: justify; color: #000000; text-transform: none; text-indent: 0px; letter-spacing: normal; font-family: 'Times New Roman', serif; font-size: 12pt; font-style: normal; font-weight: 400; word-spacing: 0px; white-space: normal; orphans: 2; widows: 2; background-color: #ffffff; font-variant-ligatures: normal; font-variant-caps: normal; -webkit-text-stroke-width: 0px; text-decoration-style: initial; text-decoration-color: initial;\"><b>Email:\u00a0<a class=\"mailto-link\" href=\"mailto:archeologicasrl@gmail.com\" target=\"_blank\" rel=\"noopener\">archeologicasrl@gmail.com<\/a><\/b><\/p>\n<p class=\"ox-9611c8efa8-MsoNormal\" style=\"margin: 0cm 0cm 0pt; text-align: justify; color: #000000; text-transform: none; text-indent: 0px; letter-spacing: normal; font-family: 'Times New Roman', serif; font-size: 12pt; font-style: normal; font-weight: 400; word-spacing: 0px; white-space: normal; orphans: 2; widows: 2; background-color: #ffffff; font-variant-ligatures: normal; font-variant-caps: normal; -webkit-text-stroke-width: 0px; text-decoration-style: initial; text-decoration-color: initial;\"><b>Tel. 3473176098- 3401545644<\/b><\/p>\n<p class=\"ox-9611c8efa8-MsoNormal\" style=\"margin: 0cm 0cm 0pt; text-align: justify; color: #000000; text-transform: none; text-indent: 0px; letter-spacing: normal; font-family: 'Times New Roman', serif; font-size: 12pt; font-style: normal; font-weight: 400; word-spacing: 0px; white-space: normal; orphans: 2; widows: 2; background-color: #ffffff; font-variant-ligatures: normal; font-variant-caps: normal; -webkit-text-stroke-width: 0px; text-decoration-style: initial; text-decoration-color: initial;\">Rigorosamente su chiamata e NON via SMS secondo i\u00a0<b>seguenti orari: 10.00-13.30 \/ 17.00-20.30<\/b><\/p>\n<p class=\"ox-9611c8efa8-MsoNormal\" style=\"margin: 0cm 0cm 0pt; text-align: justify; color: #000000; text-transform: none; text-indent: 0px; letter-spacing: normal; font-family: 'Times New Roman', serif; font-size: 12pt; font-style: normal; font-weight: 400; word-spacing: 0px; white-space: normal; orphans: 2; widows: 2; background-color: #ffffff; font-variant-ligatures: normal; font-variant-caps: normal; -webkit-text-stroke-width: 0px; text-decoration-style: initial; text-decoration-color: initial;\"><b>\u00a0<\/b><\/p>\n<p class=\"ox-9611c8efa8-MsoNormal\" style=\"margin: 0cm 0cm 0pt; text-align: justify; color: #000000; text-transform: none; text-indent: 0px; letter-spacing: normal; font-family: 'Times New Roman', serif; font-size: 12pt; font-style: normal; font-weight: 400; word-spacing: 0px; white-space: normal; orphans: 2; widows: 2; background-color: #ffffff; font-variant-ligatures: normal; font-variant-caps: normal; -webkit-text-stroke-width: 0px; text-decoration-style: initial; text-decoration-color: initial;\">La visita si considera confermata una volta raggiunto il gruppo minimo di 18 prenotazioni.<\/p>\n<p class=\"ox-9611c8efa8-MsoNormal\" style=\"margin: 0cm 0cm 0pt; text-align: justify; color: #000000; text-transform: none; text-indent: 0px; letter-spacing: normal; font-family: 'Times New Roman', serif; font-size: 12pt; font-style: normal; font-weight: 400; word-spacing: 0px; white-space: normal; orphans: 2; widows: 2; background-color: #ffffff; font-variant-ligatures: normal; font-variant-caps: normal; -webkit-text-stroke-width: 0px; text-decoration-style: initial; text-decoration-color: initial;\">Vi aspettiamo!<\/p>\n<div style=\"color: #000000; text-transform: none; text-indent: 0px; letter-spacing: normal; font-family: 'Helvetica Neue', Helvetica, Arial, sans-serif; font-size: 13px; font-style: normal; font-weight: 400; word-spacing: 0px; white-space: normal; orphans: 2; widows: 2; background-color: #ffffff; font-variant-ligatures: normal; font-variant-caps: normal; -webkit-text-stroke-width: 0px; text-decoration-style: initial; text-decoration-color: initial;\"><\/div>\n<p><span style=\"color: #000000; text-transform: none; text-indent: 0px; letter-spacing: normal; font-family: 'Helvetica Neue', Helvetica, Arial, sans-serif; font-size: 13px; font-style: normal; font-weight: 400; word-spacing: 0px; float: none; display: inline !important; white-space: normal; orphans: 2; widows: 2; background-color: #ffffff; font-variant-ligatures: normal; font-variant-caps: normal; -webkit-text-stroke-width: 0px; text-decoration-style: initial; text-decoration-color: initial;\">&#8212;\u00a0<\/span><\/p>\n<div class=\"ox-9611c8efa8-m_4394700933066233307gmail_signature\" dir=\"ltr\" style=\"color: #000000; text-transform: none; text-indent: 0px; letter-spacing: normal; font-family: 'Helvetica Neue', Helvetica, Arial, sans-serif; font-size: 13px; font-style: normal; font-weight: 400; word-spacing: 0px; white-space: normal; orphans: 2; widows: 2; background-color: #ffffff; font-variant-ligatures: normal; font-variant-caps: normal; -webkit-text-stroke-width: 0px; text-decoration-style: initial; text-decoration-color: initial;\">\n<div dir=\"ltr\">\n<div>\n<div dir=\"ltr\">\n<div>\n<div dir=\"ltr\">\n<div><em><strong>Archeologica srl<\/strong><\/em><\/div>\n<div><\/div>\n<div><span style=\"color: #000000; font-family: arial,helvetica,sans-serif;\">Spiazzo Mons. Mario Aquilino, 2<\/span><\/div>\n<div><span style=\"color: #000000; font-family: arial,helvetica,sans-serif;\">71121 &#8211; Foggia<\/span><\/div>\n<div><span style=\"color: #000000; font-family: arial,helvetica,sans-serif;\">tel.: 0881.750334; 3331279724; 3473176098<\/span><\/div>\n<\/div>\n<\/div>\n<\/div>\n<\/div>\n<\/div>\n<\/div>\n","protected":false},"excerpt":{"rendered":"<p>ARCHEOTREKKING A CANNE DELLA BATTAGLIA percorso archeologico-naturalistico 7 Ottobre 2018 &#8211; ore 10:00 \u00a0 Domenica 7 ottobre, a partire dalle ore 10:00,\u00a0ArcheoLogica srl\u00a0organizza un percorso di\u00a0ArcheoTrekking\u00a0tra il sito di Canne della Battaglia ed il territorio circostante. Immersi in una natura rigogliosa, percorreremo con guide specializzate i sentieri che portano ai luoghi salienti sito di Canne [&hellip;]<\/p>\n","protected":false},"author":29,"featured_media":22838,"comment_status":"closed","ping_status":"closed","sticky":false,"template":"","format":"standard","meta":[],"categories":[7,86],"tags":[],"_links":{"self":[{"href":"http:\/\/www.prolocodeliceto.it\/zeroweb\/index.php?rest_route=\/wp\/v2\/posts\/22837"}],"collection":[{"href":"http:\/\/www.prolocodeliceto.it\/zeroweb\/index.php?rest_route=\/wp\/v2\/posts"}],"about":[{"href":"http:\/\/www.prolocodeliceto.it\/zeroweb\/index.php?rest_route=\/wp\/v2\/types\/post"}],"author":[{"embeddable":true,"href":"http:\/\/www.prolocodeliceto.it\/zeroweb\/index.php?rest_route=\/wp\/v2\/users\/29"}],"replies":[{"embeddable":true,"href":"http:\/\/www.prolocodeliceto.it\/zeroweb\/index.php?rest_route=%2Fwp%2Fv2%2Fcomments&post=22837"}],"version-history":[{"count":1,"href":"http:\/\/www.prolocodeliceto.it\/zeroweb\/index.php?rest_route=\/wp\/v2\/posts\/22837\/revisions"}],"predecessor-version":[{"id":22839,"href":"http:\/\/www.prolocodeliceto.it\/zeroweb\/index.php?rest_route=\/wp\/v2\/posts\/22837\/revisions\/22839"}],"wp:featuredmedia":[{"embeddable":true,"href":"http:\/\/www.prolocodeliceto.it\/zeroweb\/index.php?rest_route=\/wp\/v2\/media\/22838"}],"wp:attachment":[{"href":"http:\/\/www.prolocodeliceto.it\/zeroweb\/index.php?rest_route=%2Fwp%2Fv2%2Fmedia&parent=22837"}],"wp:term":[{"taxonomy":"category","embeddable":true,"href":"http:\/\/www.prolocodeliceto.it\/zeroweb\/index.php?rest_route=%2Fwp%2Fv2%2Fcategories&post=22837"},{"taxonomy":"post_tag","embeddable":true,"href":"http:\/\/www.prolocodeliceto.it\/zeroweb\/index.php?rest_route=%2Fwp%2Fv2%2Ftags&post=22837"}],"curies":[{"name":"wp","href":"https:\/\/api.w.org\/{rel}","templated":true}]}}