{"id":228,"date":"2008-06-13T14:00:53","date_gmt":"2008-06-13T13:00:53","guid":{"rendered":"http:\/\/www.prolocodeliceto.it\/zeroweb\/?p=228"},"modified":"2008-06-13T16:18:41","modified_gmt":"2008-06-13T15:18:41","slug":"padre-pio-e-deliceto-affinita-elettive","status":"publish","type":"post","link":"http:\/\/www.prolocodeliceto.it\/zeroweb\/?p=228","title":{"rendered":"Padre Pio e Deliceto: Affinit\u00e0 elettive"},"content":{"rendered":"<p><strong><span style=\"font-size: 16pt; line-height: 150%\"><\/span><\/strong> <span style=\"font-size: 14pt\"><font face=\"Times New Roman\"><a href=\"http:\/\/www.prolocodeliceto.it\/zeroweb\/wp-content\/pianeta-di-padre-pio.jpg\" title=\"pianeta-di-padre-pio.jpg\"><img decoding=\"async\" loading=\"lazy\" src=\"http:\/\/www.prolocodeliceto.it\/zeroweb\/wp-content\/pianeta-di-padre-pio.jpg\" alt=\"pianeta-di-padre-pio.jpg\" style=\"width: 114px; height: 142px\" title=\"pianeta-di-padre-pio.jpg\" align=\"left\" height=\"142\" hspace=\"10\" vspace=\"10\" width=\"114\" \/><\/a>Che mai possano avere in comune il frate con le stimmate, cresciuto in santit\u00e0 nell\u2019assolata cittadina garganica ed esposto in questi giorni alla venerazione dei fedeli e il silente paese tra le verdi colline della Daunia-Irpinia, molti potrebbero chiederselo, senza darsi una risposta convincente. <strong>Eppure non possono essere coincidenze, quelle che legano Padre Pio a Deliceto<\/strong>. Le persone cardine e simbolo nella vita di Padre Pio erano tutte legate a Deliceto e Deliceto custodisce le importanti testimonianze della vita del frate.<\/font><\/span><span style=\"font-size: 14pt\"><font face=\"Times New Roman\">Superiore del convento di S. Giovanni Rotondo \u00e8 stato <strong>Padre Gerardo di Flumeri<\/strong>, di Deliceto, che tenne sotto di s\u00e9 padre Pio quando gi\u00e0 andavano diffondendosi i segni della santit\u00e0 in vita. E quando Padre Pio ebbe bisogno di un attendente, per le numerose incombenze e per la fama che cominciava a circondarlo, gli fu affidato <strong>fratello Gerardo Natale<\/strong>, di Deliceto, il quale provvide con cura alla sua assistenza nello stile della semplicit\u00e0 che contraddistingue i frati di Francesco. Dopo la morte di Padre Pio la causa di canonizzazione fu affidata, quale vicepostulatore, proprio a Padre Gerardo di Flumeri, che ebbe il peso e la gratificazione di condurlo alla gloria degli altari. Cos\u00ec, venuto a mancare anche Padre Gerardo, un concittadino di Deliceto, l\u2019avv. Nicola Buonuomo residente Milano, da sempre legato a Deliceto e devoto a S. Gerardo, commission\u00f2 al maestro Baldessari un gruppo scultoreo. L\u2019opera, davvero esemplare e significativa, raffigura Padre Pio in tenera espressione affiancato da Padre Gerardo Di Flumeri e da fra Gerardo Natale che gli sono accanto con la sollecitudine che mostrarono in vita. Essa contiene delle preziose reliquie del sangue di Padre Pio, incastonate nelle stimmate delle mani. Altre reliquie sono conservate nell\u2019attiguo museo. Il gruppo scultoreo e il museo sono nella Chiesa di S. Anna e Morti a Deliceto, la stessa chiesa in cui \u00e8 venerato S. Gerardo Maiella di cui gli \u201cangeli di Padre Pio\u201d portavano il nome.<\/font><\/span><span style=\"font-size: 14pt\"><font face=\"Times New Roman\">Per far diventare santo padre Pio ci volle l\u2019ultimo miracolo, quello che<\/font><\/span><\/p>\n<personname w:st=\"on\" productid=\"la Chiesa\"><\/personname><font face=\"Times New Roman\">la Chiesa chiede affinch\u00e9 venga incontrovertibilmente dichiarata la santit\u00e0. Venne, com\u2019\u00e8 noto, da un ragazzo, Matteo, guarito da una gravissima forma di complicazioni da meningite. Anche Matteo \u00e8 legato a Deliceto. <strong>La famiglia della madre, Ippolito, \u00e8 delicetana ed il nonno di Matteo, agricoltore, emigr\u00f2 da Deliceto.<\/strong><\/font><span style=\"font-size: 14pt\"><font face=\"Times New Roman\">Ma nell\u2019agosto del 2002 i frati di S. Giovanni Rotondo, forse proprio come tributo all\u2019opera prestata da Padre Gerardo di Flumeri, vollero regalare alla cittadina di Deliceto le prime reliquie di Padre Pio, forse tra le poche provenienti da S. Giovanni Rotondo: una splendida casula ricamata, usata da Padre Pio per celebrare<\/font><\/span><\/p>\n<personname w:st=\"on\" productid=\"la Messa\"><\/personname><font face=\"Times New Roman\">la Messa e la pezzuolina intrisa di sangue con cui si asciugava le stimmate delle mani. L\u2019autenticit\u00e0 fu certificata proprio da Padre Gerardo Di Flumeri, coi sigilli del Santuario.<\/font><span style=\"font-size: 14pt\"><font face=\"Times New Roman\">Il reliquiario \u00e8 conservato nella Chiesa Madre Collegiata di Deliceto. <\/font><\/span><span style=\"font-size: 14pt\"><font face=\"Times New Roman\">Quante reliquie, per un paese cos\u00ec piccolo e quanto importanti&#8230; Troppe coincidenze. <\/font><\/span><span style=\"font-size: 14pt\"><font face=\"Times New Roman\">Anche perch\u00e9 quest\u2019ultima teca-reliquiario \u00e8 stata posta, chiaramente senza volerlo,<span>  <\/span>sotto una delle due cappelle simmetriche dell\u2019altare maggiore. Quelle cappelle racchiudono\n<personname w:st=\"on\" productid=\"la Madonna\"><\/personname>la Madonna dell\u2019Olmitello e il Cuore di Ges\u00f9, le statue che vengono portate in processione durante la festa patronale maggiore di Deliceto. Festa che si celebra il 22 e 23 settembre, giorni dell\u2019agonia e della morte di Padre Pio, nonch\u00e9, il 23, giorno della sua festa e festa della consacrazione della stessa Chiesa Madre in cui \u00e8 conservata la reliquia. Coincidenze? Troppe, per dirsi tali. O forse, semplicemente, Padre Pio si sente ormai a casa, a Deliceto.<\/font><\/span><strong><span style=\"font-size: 14pt; font-family: 'Times New Roman'\">Gennaro Iossa<\/span><\/strong><\/p>\n","protected":false},"excerpt":{"rendered":"<p>Che mai possano avere in comune il frate con le stimmate, cresciuto in santit\u00e0 nell\u2019assolata cittadina garganica ed esposto in questi giorni alla venerazione dei fedeli e il silente paese tra le verdi colline della Daunia-Irpinia, molti potrebbero chiederselo, senza darsi una risposta convincente. Eppure non possono essere coincidenze, quelle che legano Padre Pio a [&hellip;]<\/p>\n","protected":false},"author":2,"featured_media":0,"comment_status":"open","ping_status":"open","sticky":false,"template":"","format":"standard","meta":[],"categories":[7],"tags":[],"_links":{"self":[{"href":"http:\/\/www.prolocodeliceto.it\/zeroweb\/index.php?rest_route=\/wp\/v2\/posts\/228"}],"collection":[{"href":"http:\/\/www.prolocodeliceto.it\/zeroweb\/index.php?rest_route=\/wp\/v2\/posts"}],"about":[{"href":"http:\/\/www.prolocodeliceto.it\/zeroweb\/index.php?rest_route=\/wp\/v2\/types\/post"}],"author":[{"embeddable":true,"href":"http:\/\/www.prolocodeliceto.it\/zeroweb\/index.php?rest_route=\/wp\/v2\/users\/2"}],"replies":[{"embeddable":true,"href":"http:\/\/www.prolocodeliceto.it\/zeroweb\/index.php?rest_route=%2Fwp%2Fv2%2Fcomments&post=228"}],"version-history":[{"count":0,"href":"http:\/\/www.prolocodeliceto.it\/zeroweb\/index.php?rest_route=\/wp\/v2\/posts\/228\/revisions"}],"wp:attachment":[{"href":"http:\/\/www.prolocodeliceto.it\/zeroweb\/index.php?rest_route=%2Fwp%2Fv2%2Fmedia&parent=228"}],"wp:term":[{"taxonomy":"category","embeddable":true,"href":"http:\/\/www.prolocodeliceto.it\/zeroweb\/index.php?rest_route=%2Fwp%2Fv2%2Fcategories&post=228"},{"taxonomy":"post_tag","embeddable":true,"href":"http:\/\/www.prolocodeliceto.it\/zeroweb\/index.php?rest_route=%2Fwp%2Fv2%2Ftags&post=228"}],"curies":[{"name":"wp","href":"https:\/\/api.w.org\/{rel}","templated":true}]}}