{"id":22742,"date":"2018-09-03T11:36:07","date_gmt":"2018-09-03T10:36:07","guid":{"rendered":"http:\/\/www.prolocodeliceto.it\/zeroweb\/?p=22742"},"modified":"2018-09-03T11:36:07","modified_gmt":"2018-09-03T10:36:07","slug":"settembre-a-canne-della-battaglia","status":"publish","type":"post","link":"http:\/\/www.prolocodeliceto.it\/zeroweb\/?p=22742","title":{"rendered":"&#8216;SETTEMBRE A  CANNE DELLA BATTAGLIA&#8217;"},"content":{"rendered":"<div id=\"io-ox-core\" class=\"abs unselectable show-ad\">\n<div id=\"io-ox-screens\" class=\"abs show-ad\">\n<div id=\"io-ox-windowmanager\" class=\"abs\">\n<div id=\"io-ox-windowmanager-pane\" class=\"atb\">\n<div id=\"window-1\" class=\"window-container io-ox-mail-window chromeless-window mail-categories-visible\" data-app-name=\"io.ox\/mail\" data-window-nr=\"1\">\n<div class=\"window-container-center\">\n<div class=\"window-body classic-toolbar-visible add-communication-layer\">\n<div class=\"abs window-content vsplit preview-none\">\n<div class=\"rightside mail-detail-pane add-adv-text-link selection-one preview-visible\" data-page-id=\"undefined\/detailView\">\n<div class=\"thread-view-control abs back-navigation-visible\" tabindex=\"-1\">\n<div class=\"thread-view-list scrollable abs\">\n<div class=\"thread-view list-view\" role=\"region\" aria-label=\"8 settembre - Canne della Battaglia - visita guidata e laboratorio per bambini\">\n<article class=\"list-item mail-item mail-detail f6-target focusable expanded\" tabindex=\"0\" role=\"article\" aria-expanded=\"true\" aria-label=\"Messaggio di posta da ArcheoLogica srl: 8 settembre - Canne della Battaglia - visita guidata e laboratorio per bambini\" data-cid=\"default0\/INBOX.69469\" data-loaded=\"true\">\n<section class=\"body user-select-text focusable\" tabindex=\"0\">\n<div class=\"mail-detail-content noI18n colorQuoted simple-mail\">\n<div id=\"ox-bd80bbe438\">\n<div dir=\"ltr\">\n<p class=\"ox-bd80bbe438-MsoNormal\" align=\"center\"><b><i><span style=\"font-family: comic sans ms, sans-serif;\"><a href=\"http:\/\/www.prolocodeliceto.it\/zeroweb\/wp-content\/uploads\/8-Settembre-Canne-della-Battaglia.jpg\"><img decoding=\"async\" loading=\"lazy\" class=\"alignnone size-thumbnail wp-image-22743\" src=\"http:\/\/www.prolocodeliceto.it\/zeroweb\/wp-content\/uploads\/8-Settembre-Canne-della-Battaglia-150x150.jpg\" alt=\"\" width=\"150\" height=\"150\" \/><\/a><\/span><\/i><\/b><\/p>\n<p class=\"ox-bd80bbe438-MsoNormal\" align=\"center\"><b><i><span style=\"font-family: comic sans ms, sans-serif;\">Visita guidata e Storie sul prato<\/span><\/i><\/b><\/p>\n<p class=\"ox-bd80bbe438-MsoNormal\" align=\"center\"><b><i><span style=\"font-family: comic sans ms, sans-serif;\">8 settembre &#8211; ore 18:00<\/span><\/i><\/b><\/p>\n<p class=\"ox-bd80bbe438-MsoNormal\"><b><span style=\"font-family: comic sans ms, sans-serif;\">Nuovo appuntamento sabato 8 settembre dedicato ad adulti e bambini presso il Parco Archeologico di Canne della Battaglia a cura della nostra societ\u00e0 Archeologica srl.<\/span><\/b><\/p>\n<p class=\"ox-bd80bbe438-MsoNormal\"><span style=\"font-family: comic sans ms, sans-serif;\">All\u2019interno del programma di eventi\u00a0<b><i>\u201cSettembre a Canne della Battaglia\u201d<\/i><\/b>\u00a0promosso dalla\u00a0<b>Direzione del Parco Archeologico di Canne della Battaglia,\u00a0<\/b>dal<b>\u00a0Polo Museale della Puglia<\/b>, dal\u00a0<b>Teatro Pubblico Pugliese\u00a0<\/b>e dalla<b>\u00a0Regione Puglia,<\/b>\u00a0l&#8217;8 settembre, ore 18:00,\u00a0<b>Archeologica S.r.l.<\/b>\u00a0organizza una\u00a0<b>visita guidata<\/b>\u00a0<b>all\u2019<i>Antiquarium<\/i>\u00a0e al Parco Archeologico<\/b>\u00a0e, per i bambini,\u00a0<b>&#8216;Storie sul prato&#8217;<\/b>,<b>\u00a0laboratorio di lettura animata.<\/b><\/span><\/p>\n<p class=\"ox-bd80bbe438-MsoNormal\"><span style=\"font-family: comic sans ms, sans-serif;\">Mentre gli adulti saranno accompagnati da una guida specializzata in un\u00a0<b>percorso di visita<\/b>\u00a0<b>al parco archeologico<\/b>, immersi nel contesto paesaggistico della Valle dell&#8217;Ofanto,\u00a0<b>e all&#8217;<i>Antiquarium<\/i><\/b>, recentemente rinnovato, i bambini, stesi sui prati dell\u2019area archeologica di Canne Fontanella, saranno immersi in una\u00a0<b>lettura interattiva<\/b>\u00a0ad alta voce\u00a0<b>sull\u2019archeologia, sui miti e gli eroi del mondo antico<\/b>.<\/span><\/p>\n<p class=\"ox-bd80bbe438-m_1899147149604944580gmail-Default\"><span style=\"font-family: comic sans ms, sans-serif;\">L\u2019attivit\u00e0 \u00e8 gratuita ed \u00e8 rivolta ad adulti e a bambini di et\u00e0 compresa tra 4 e 10 anni (numero massimo partecipanti 25).<\/span><\/p>\n<p class=\"ox-bd80bbe438-m_1899147149604944580gmail-Default\"><span style=\"font-family: comic sans ms, sans-serif;\">Appuntamento ore 17.45 dinanzi all&#8217;ingresso dell&#8217;<i>Antiquarium<\/i>\u00a0di Canne della Battaglia &#8211; Frazione Canne della Battaglia, Barletta, SP142, 76121 Barletta BT<\/span><\/p>\n<p class=\"ox-bd80bbe438-MsoNormal\"><span style=\"font-family: comic sans ms, sans-serif;\"><a href=\"https:\/\/goo.gl\/maps\/7kEwYypWUME2\" target=\"_blank\" rel=\"noopener\">https:\/\/goo.gl\/maps\/7kEwYypWUME2<\/a><\/span><\/p>\n<p><span style=\"font-family: comic sans ms, sans-serif;\">Le prenotazioni OBBLIGATORIE devono pervenire al numero<b>\u00a0347\/3176098\u00a0<\/b>rigorosamente su chiamata e NON via SMS secondo i\u00a0<b>seguenti orari: 10.00-13.30 \/ 17.00-20.30<\/b><\/span><\/p>\n<p><span style=\"font-family: comic sans ms, sans-serif;\">\u00a0<\/span><\/p>\n<p><span style=\"font-family: comic sans ms, sans-serif;\">Al raggiungimento del numero massimo consentito il call center verr\u00e0 disattivato.\u00a0<\/span><\/p>\n<p><span style=\"font-family: comic sans ms, sans-serif;\">\u00a0<\/span><\/p>\n<p><b><span style=\"font-family: comic sans ms, sans-serif;\">In caso di imprevisti che non dovessero consentire la partecipazione si prega di disdire la prenotazione tramite SMS, al fine di consentirla ad altre persone.\u00a0<\/span><\/b><\/p>\n<p><b><span style=\"font-family: comic sans ms, sans-serif;\">\u00a0<\/span><\/b><\/p>\n<p><b><span style=\"font-family: comic sans ms, sans-serif;\">Vi aspettiamo!<\/span><\/b><\/p>\n<div><\/div>\n<\/div>\n<\/div>\n<\/div>\n<\/section>\n<\/article>\n<\/div>\n<\/div>\n<\/div>\n<\/div>\n<\/div>\n<\/div>\n<\/div>\n<\/div>\n<\/div>\n<\/div>\n<\/div>\n<\/div>\n","protected":false},"excerpt":{"rendered":"<p>Visita guidata e Storie sul prato 8 settembre &#8211; ore 18:00 Nuovo appuntamento sabato 8 settembre dedicato ad adulti e bambini presso il Parco Archeologico di Canne della Battaglia a cura della nostra societ\u00e0 Archeologica srl. All\u2019interno del programma di eventi\u00a0\u201cSettembre a Canne della Battaglia\u201d\u00a0promosso dalla\u00a0Direzione del Parco Archeologico di Canne della Battaglia,\u00a0dal\u00a0Polo Museale della [&hellip;]<\/p>\n","protected":false},"author":29,"featured_media":22743,"comment_status":"closed","ping_status":"closed","sticky":false,"template":"","format":"standard","meta":[],"categories":[7,86],"tags":[],"_links":{"self":[{"href":"http:\/\/www.prolocodeliceto.it\/zeroweb\/index.php?rest_route=\/wp\/v2\/posts\/22742"}],"collection":[{"href":"http:\/\/www.prolocodeliceto.it\/zeroweb\/index.php?rest_route=\/wp\/v2\/posts"}],"about":[{"href":"http:\/\/www.prolocodeliceto.it\/zeroweb\/index.php?rest_route=\/wp\/v2\/types\/post"}],"author":[{"embeddable":true,"href":"http:\/\/www.prolocodeliceto.it\/zeroweb\/index.php?rest_route=\/wp\/v2\/users\/29"}],"replies":[{"embeddable":true,"href":"http:\/\/www.prolocodeliceto.it\/zeroweb\/index.php?rest_route=%2Fwp%2Fv2%2Fcomments&post=22742"}],"version-history":[{"count":1,"href":"http:\/\/www.prolocodeliceto.it\/zeroweb\/index.php?rest_route=\/wp\/v2\/posts\/22742\/revisions"}],"predecessor-version":[{"id":22744,"href":"http:\/\/www.prolocodeliceto.it\/zeroweb\/index.php?rest_route=\/wp\/v2\/posts\/22742\/revisions\/22744"}],"wp:featuredmedia":[{"embeddable":true,"href":"http:\/\/www.prolocodeliceto.it\/zeroweb\/index.php?rest_route=\/wp\/v2\/media\/22743"}],"wp:attachment":[{"href":"http:\/\/www.prolocodeliceto.it\/zeroweb\/index.php?rest_route=%2Fwp%2Fv2%2Fmedia&parent=22742"}],"wp:term":[{"taxonomy":"category","embeddable":true,"href":"http:\/\/www.prolocodeliceto.it\/zeroweb\/index.php?rest_route=%2Fwp%2Fv2%2Fcategories&post=22742"},{"taxonomy":"post_tag","embeddable":true,"href":"http:\/\/www.prolocodeliceto.it\/zeroweb\/index.php?rest_route=%2Fwp%2Fv2%2Ftags&post=22742"}],"curies":[{"name":"wp","href":"https:\/\/api.w.org\/{rel}","templated":true}]}}