{"id":22687,"date":"2018-08-25T12:13:38","date_gmt":"2018-08-25T11:13:38","guid":{"rendered":"http:\/\/www.prolocodeliceto.it\/zeroweb\/?p=22687"},"modified":"2018-08-25T12:43:45","modified_gmt":"2018-08-25T11:43:45","slug":"una-notte-da-oscar","status":"publish","type":"post","link":"http:\/\/www.prolocodeliceto.it\/zeroweb\/?p=22687","title":{"rendered":"UNA NOTTE DA OSCAR"},"content":{"rendered":"<p><a href=\"http:\/\/www.prolocodeliceto.it\/zeroweb\/wp-content\/uploads\/DSC_0393.jpg\"><img decoding=\"async\" loading=\"lazy\" class=\"alignnone size-thumbnail wp-image-22688\" src=\"http:\/\/www.prolocodeliceto.it\/zeroweb\/wp-content\/uploads\/DSC_0393-150x150.jpg\" alt=\"\" width=\"150\" height=\"150\" \/><\/a><\/p>\n<p>UNA NOTTE DA OSCAR, le pi\u00f9 belle colonne sonore. Con il soprano Ripalta Bufo.<br \/>\nSi \u00e8 svolta, venerd\u00ec 24, nel salone del castello Normanno di Deliceto, la seconda serata dedicata al &#8220;Festival Francesco De Matteo&#8221;, nell&#8217;ambito della 7\u00b0 edizione dedicata allo sfortunato musicista delicetano. Organizzato dalla Pro Loco, in collaborazione con il Comune di Deliceto. Sabato 25, terza ed ultima serata, con &#8220;Tango al SUR&#8221;. Vi Aspettiamo<\/p>\n<p><a href=\"http:\/\/www.prolocodeliceto.it\/zeroweb\/wp-content\/uploads\/DSC_0390.jpg\"><img decoding=\"async\" loading=\"lazy\" class=\"alignnone size-thumbnail wp-image-22689\" src=\"http:\/\/www.prolocodeliceto.it\/zeroweb\/wp-content\/uploads\/DSC_0390-150x150.jpg\" alt=\"\" width=\"150\" height=\"150\" \/>\u00a0<\/a><a href=\"http:\/\/www.prolocodeliceto.it\/zeroweb\/wp-content\/uploads\/DSC_0388.jpg\"><img decoding=\"async\" loading=\"lazy\" class=\"alignnone size-thumbnail wp-image-22691\" src=\"http:\/\/www.prolocodeliceto.it\/zeroweb\/wp-content\/uploads\/DSC_0388-150x150.jpg\" alt=\"\" width=\"150\" height=\"150\" \/><\/a><a href=\"http:\/\/www.prolocodeliceto.it\/zeroweb\/wp-content\/uploads\/DSC_0390.jpg\">\u00a0\u00a0<\/a><a href=\"http:\/\/www.prolocodeliceto.it\/zeroweb\/wp-content\/uploads\/DSC_0403.jpg\"><img decoding=\"async\" loading=\"lazy\" class=\"alignnone size-thumbnail wp-image-22692\" src=\"http:\/\/www.prolocodeliceto.it\/zeroweb\/wp-content\/uploads\/DSC_0403-150x150.jpg\" alt=\"\" width=\"150\" height=\"150\" \/><\/a><a href=\"http:\/\/www.prolocodeliceto.it\/zeroweb\/wp-content\/uploads\/DSC_0390.jpg\">\u00a0\u00a0\u00a0<\/a><a href=\"http:\/\/www.prolocodeliceto.it\/zeroweb\/wp-content\/uploads\/DSC_0404.jpg\"><img decoding=\"async\" loading=\"lazy\" class=\"alignnone size-thumbnail wp-image-22694\" src=\"http:\/\/www.prolocodeliceto.it\/zeroweb\/wp-content\/uploads\/DSC_0404-150x150.jpg\" alt=\"\" width=\"150\" height=\"150\" \/>\u00a0\u00a0<\/a><a href=\"http:\/\/www.prolocodeliceto.it\/zeroweb\/wp-content\/uploads\/DSC_0412.jpg\"><img decoding=\"async\" loading=\"lazy\" class=\"alignnone size-thumbnail wp-image-22696\" src=\"http:\/\/www.prolocodeliceto.it\/zeroweb\/wp-content\/uploads\/DSC_0412-150x150.jpg\" alt=\"\" width=\"150\" height=\"150\" \/><\/a><a href=\"http:\/\/www.prolocodeliceto.it\/zeroweb\/wp-content\/uploads\/DSC_0404.jpg\">\u00a0\u00a0<\/a><a href=\"http:\/\/www.prolocodeliceto.it\/zeroweb\/wp-content\/uploads\/DSC_0422.jpg\"><img decoding=\"async\" loading=\"lazy\" class=\"alignnone size-thumbnail wp-image-22697\" src=\"http:\/\/www.prolocodeliceto.it\/zeroweb\/wp-content\/uploads\/DSC_0422-150x150.jpg\" alt=\"\" width=\"150\" height=\"150\" \/><\/a><a href=\"http:\/\/www.prolocodeliceto.it\/zeroweb\/wp-content\/uploads\/DSC_0404.jpg\">\u00a0\u00a0<\/a><a href=\"http:\/\/www.prolocodeliceto.it\/zeroweb\/wp-content\/uploads\/DSC_0423.jpg\"><img decoding=\"async\" loading=\"lazy\" class=\"alignnone size-thumbnail wp-image-22698\" src=\"http:\/\/www.prolocodeliceto.it\/zeroweb\/wp-content\/uploads\/DSC_0423-150x150.jpg\" alt=\"\" width=\"150\" height=\"150\" \/><\/a><a href=\"http:\/\/www.prolocodeliceto.it\/zeroweb\/wp-content\/uploads\/DSC_0404.jpg\">\u00a0<\/a><a href=\"http:\/\/www.prolocodeliceto.it\/zeroweb\/wp-content\/uploads\/DSC_0426.jpg\"><img decoding=\"async\" loading=\"lazy\" class=\"alignnone size-thumbnail wp-image-22699\" src=\"http:\/\/www.prolocodeliceto.it\/zeroweb\/wp-content\/uploads\/DSC_0426-150x150.jpg\" alt=\"\" width=\"150\" height=\"150\" \/><\/a><a href=\"http:\/\/www.prolocodeliceto.it\/zeroweb\/wp-content\/uploads\/DSC_0404.jpg\">\u00a0\u00a0<\/a><a href=\"http:\/\/www.prolocodeliceto.it\/zeroweb\/wp-content\/uploads\/DSC_0429.jpg\"><img decoding=\"async\" loading=\"lazy\" class=\"alignnone size-thumbnail wp-image-22702\" src=\"http:\/\/www.prolocodeliceto.it\/zeroweb\/wp-content\/uploads\/DSC_0429-150x150.jpg\" alt=\"\" width=\"150\" height=\"150\" \/><\/a><\/p>\n","protected":false},"excerpt":{"rendered":"<p>UNA NOTTE DA OSCAR, le pi\u00f9 belle colonne sonore. Con il soprano Ripalta Bufo. Si \u00e8 svolta, venerd\u00ec 24, nel salone del castello Normanno di Deliceto, la seconda serata dedicata al &#8220;Festival Francesco De Matteo&#8221;, nell&#8217;ambito della 7\u00b0 edizione dedicata allo sfortunato musicista delicetano. Organizzato dalla Pro Loco, in collaborazione con il Comune di Deliceto. [&hellip;]<\/p>\n","protected":false},"author":29,"featured_media":22688,"comment_status":"closed","ping_status":"closed","sticky":false,"template":"","format":"standard","meta":[],"categories":[7,86],"tags":[],"_links":{"self":[{"href":"http:\/\/www.prolocodeliceto.it\/zeroweb\/index.php?rest_route=\/wp\/v2\/posts\/22687"}],"collection":[{"href":"http:\/\/www.prolocodeliceto.it\/zeroweb\/index.php?rest_route=\/wp\/v2\/posts"}],"about":[{"href":"http:\/\/www.prolocodeliceto.it\/zeroweb\/index.php?rest_route=\/wp\/v2\/types\/post"}],"author":[{"embeddable":true,"href":"http:\/\/www.prolocodeliceto.it\/zeroweb\/index.php?rest_route=\/wp\/v2\/users\/29"}],"replies":[{"embeddable":true,"href":"http:\/\/www.prolocodeliceto.it\/zeroweb\/index.php?rest_route=%2Fwp%2Fv2%2Fcomments&post=22687"}],"version-history":[{"count":6,"href":"http:\/\/www.prolocodeliceto.it\/zeroweb\/index.php?rest_route=\/wp\/v2\/posts\/22687\/revisions"}],"predecessor-version":[{"id":22703,"href":"http:\/\/www.prolocodeliceto.it\/zeroweb\/index.php?rest_route=\/wp\/v2\/posts\/22687\/revisions\/22703"}],"wp:featuredmedia":[{"embeddable":true,"href":"http:\/\/www.prolocodeliceto.it\/zeroweb\/index.php?rest_route=\/wp\/v2\/media\/22688"}],"wp:attachment":[{"href":"http:\/\/www.prolocodeliceto.it\/zeroweb\/index.php?rest_route=%2Fwp%2Fv2%2Fmedia&parent=22687"}],"wp:term":[{"taxonomy":"category","embeddable":true,"href":"http:\/\/www.prolocodeliceto.it\/zeroweb\/index.php?rest_route=%2Fwp%2Fv2%2Fcategories&post=22687"},{"taxonomy":"post_tag","embeddable":true,"href":"http:\/\/www.prolocodeliceto.it\/zeroweb\/index.php?rest_route=%2Fwp%2Fv2%2Ftags&post=22687"}],"curies":[{"name":"wp","href":"https:\/\/api.w.org\/{rel}","templated":true}]}}