{"id":22528,"date":"2018-08-08T14:33:43","date_gmt":"2018-08-08T13:33:43","guid":{"rendered":"http:\/\/www.prolocodeliceto.it\/zeroweb\/?p=22528"},"modified":"2018-08-08T14:33:43","modified_gmt":"2018-08-08T13:33:43","slug":"in-giro-per-le-strade-di-cerignola-con-88-grammi-di-hashish-e-6-di-marijuana","status":"publish","type":"post","link":"http:\/\/www.prolocodeliceto.it\/zeroweb\/?p=22528","title":{"rendered":"IN GIRO PER LE STRADE DI CERIGNOLA CON 88 GRAMMI DI HASHISH E 6 DI MARIJUANA."},"content":{"rendered":"<p><a href=\"http:\/\/www.prolocodeliceto.it\/zeroweb\/wp-content\/uploads\/Immagine1-45.jpg\"><img decoding=\"async\" loading=\"lazy\" class=\"alignnone size-thumbnail wp-image-22529\" src=\"http:\/\/www.prolocodeliceto.it\/zeroweb\/wp-content\/uploads\/Immagine1-45-150x150.jpg\" alt=\"\" width=\"150\" height=\"150\" \/><\/a><\/p>\n<p><span style=\"line-height: 115%; font-family: 'Times New Roman','serif'; font-size: 12pt;\"><span style=\"color: #000000;\">Gi\u00e0 tratto in arresto pi\u00f9 volte negli ultimi anni per spaccio di stupefacenti nonostante la sua giovane et\u00e0, CURCI ANTONIO, cerignolano cl. &#8217;94 con precedenti specifici, \u00e8 stato nuovamente sorpreso nella recidiva dello stesso reato.<\/span><\/span><\/p>\n<p><span style=\"line-height: 115%; font-family: 'Times New Roman','serif'; font-size: 12pt;\"><span style=\"color: #000000;\">Ad operare i Carabinieri della Stazione di Cerignola che, nei giorni passati, in servizio di pattuglia per le strade cittadine, gli hanno intimato l\u2019alt mentre il giovane era a bordo della sua autovettura con un proprio cugino solo quindicenne. Il ragazzo, che si \u00e8 fermato regolarmente sperando che fosse solo un controllo alla circolazione stradale, non aveva per\u00f2 messo in conto che i militari, conoscendo bene i suoi precedenti, lo avrebbero sottoposto a perquisizione. Ed in effetti, proprio la perquisizione personale e veicolare ha portato i militari a rinvenire nel portaoggetti della portiera dell\u2019auto varie confezioni di stupefacente per un totale di circa 88 grammi di hashish e 6 di marijuana. Al minorenne, invece, \u00e8 stata rinvenuta una dose di hashish nella biancheria intima, fatto per il quale \u00e8 stato segnalato alla Prefettura di Foggia quale assuntore di sostanze stupefacenti.<\/span><\/span><\/p>\n<p><span style=\"line-height: 115%; font-family: 'Times New Roman','serif'; font-size: 12pt;\"><span style=\"color: #000000;\">Il CURCI, sottoposto agli arresti domiciliari, a seguito dell\u2019udienza di convalida e del processo per direttissima per il quale ha optato, \u00e8 stato condannato alla pena di due anni di reclusione, pena che per\u00f2 \u00e8 intanto stata condizionalmente sospesa, come previsto dalla legge, tornando quindi in libert\u00e0<\/span><a name=\"_GoBack\"><\/a><span style=\"color: #000000;\">.<\/span><\/span><\/p>\n<p><span style=\"line-height: 115%; font-family: 'Times New Roman','serif'; font-size: 12pt;\"><span style=\"color: #000000;\">\u00a0<\/span><\/span><\/p>\n<p>&nbsp;<\/p>\n","protected":false},"excerpt":{"rendered":"<p>Gi\u00e0 tratto in arresto pi\u00f9 volte negli ultimi anni per spaccio di stupefacenti nonostante la sua giovane et\u00e0, CURCI ANTONIO, cerignolano cl. &#8217;94 con precedenti specifici, \u00e8 stato nuovamente sorpreso nella recidiva dello stesso reato. Ad operare i Carabinieri della Stazione di Cerignola che, nei giorni passati, in servizio di pattuglia per le strade cittadine, [&hellip;]<\/p>\n","protected":false},"author":29,"featured_media":22529,"comment_status":"closed","ping_status":"closed","sticky":false,"template":"","format":"standard","meta":[],"categories":[87],"tags":[],"_links":{"self":[{"href":"http:\/\/www.prolocodeliceto.it\/zeroweb\/index.php?rest_route=\/wp\/v2\/posts\/22528"}],"collection":[{"href":"http:\/\/www.prolocodeliceto.it\/zeroweb\/index.php?rest_route=\/wp\/v2\/posts"}],"about":[{"href":"http:\/\/www.prolocodeliceto.it\/zeroweb\/index.php?rest_route=\/wp\/v2\/types\/post"}],"author":[{"embeddable":true,"href":"http:\/\/www.prolocodeliceto.it\/zeroweb\/index.php?rest_route=\/wp\/v2\/users\/29"}],"replies":[{"embeddable":true,"href":"http:\/\/www.prolocodeliceto.it\/zeroweb\/index.php?rest_route=%2Fwp%2Fv2%2Fcomments&post=22528"}],"version-history":[{"count":1,"href":"http:\/\/www.prolocodeliceto.it\/zeroweb\/index.php?rest_route=\/wp\/v2\/posts\/22528\/revisions"}],"predecessor-version":[{"id":22530,"href":"http:\/\/www.prolocodeliceto.it\/zeroweb\/index.php?rest_route=\/wp\/v2\/posts\/22528\/revisions\/22530"}],"wp:featuredmedia":[{"embeddable":true,"href":"http:\/\/www.prolocodeliceto.it\/zeroweb\/index.php?rest_route=\/wp\/v2\/media\/22529"}],"wp:attachment":[{"href":"http:\/\/www.prolocodeliceto.it\/zeroweb\/index.php?rest_route=%2Fwp%2Fv2%2Fmedia&parent=22528"}],"wp:term":[{"taxonomy":"category","embeddable":true,"href":"http:\/\/www.prolocodeliceto.it\/zeroweb\/index.php?rest_route=%2Fwp%2Fv2%2Fcategories&post=22528"},{"taxonomy":"post_tag","embeddable":true,"href":"http:\/\/www.prolocodeliceto.it\/zeroweb\/index.php?rest_route=%2Fwp%2Fv2%2Ftags&post=22528"}],"curies":[{"name":"wp","href":"https:\/\/api.w.org\/{rel}","templated":true}]}}