{"id":22414,"date":"2018-07-20T22:07:33","date_gmt":"2018-07-20T21:07:33","guid":{"rendered":"http:\/\/www.prolocodeliceto.it\/zeroweb\/?p=22414"},"modified":"2018-07-20T22:07:33","modified_gmt":"2018-07-20T21:07:33","slug":"artemisia-e-i-pittori-del-conte","status":"publish","type":"post","link":"http:\/\/www.prolocodeliceto.it\/zeroweb\/?p=22414","title":{"rendered":"Artemisia e i pittori del conte"},"content":{"rendered":"<div class=\"ox-281999612a-gmail_default\">\n<p class=\"ox-281999612a-MsoNormal\" align=\"center\"><a href=\"http:\/\/www.prolocodeliceto.it\/zeroweb\/wp-content\/uploads\/testata-lettera-artemisia_2.jpg\"><img decoding=\"async\" loading=\"lazy\" class=\"alignnone size-thumbnail wp-image-22415\" src=\"http:\/\/www.prolocodeliceto.it\/zeroweb\/wp-content\/uploads\/testata-lettera-artemisia_2-150x150.jpg\" alt=\"\" width=\"150\" height=\"150\" \/><\/a><\/p>\n<p class=\"ox-281999612a-MsoNormal\" align=\"center\">La collezione di Giangirolamo II di Acquaviva D\u2019Aragona<\/p>\n<p class=\"ox-281999612a-MsoNormal\" align=\"center\">Conversano, Castello Normanno-Chiesa San Giuseppe<\/p>\n<p class=\"ox-281999612a-MsoNormal\" align=\"center\"><b>14 aprile &#8211; 30 settembre 2018<\/b><\/p>\n<\/div>\n<div class=\"ox-281999612a-gmail_default\"><\/div>\n<div class=\"ox-281999612a-gmail_default\">Dal 14 aprile, nel Castello e nella Chiesa di San Giuseppe a Conversano (Ba), \u00e8 in corso \u201cArtemisia e i pittori del Conte\u201d.<\/div>\n<div class=\"ox-281999612a-gmail_default\">\n<p class=\"ox-281999612a-MsoNormal\" style=\"margin: 0cm 0cm 8pt; text-align: justify; line-height: 22px; font-family: 'Helvetica Neue', Helvetica, Arial, sans-serif; font-size: 11pt;\"><span style=\"font-family: arial, helvetica, sans-serif;\">La mostra, organizzata dalla Cooperativa Armida, a cura della Prof.ssa Viviana Farina (Accademia delle Belle Arti di Napoli) e del Prof. Giacomo Lanzilotta (Pinacoteca Citt\u00e0 Metropolitana Metropolitana Corrado Giaquinto), con la collaborazione di Nicola Cleopazzo (Universit\u00e0 del Salento Lecce), si concluder\u00e0 il 30 Settembre.<\/span><\/p>\n<p class=\"ox-281999612a-MsoNormal\" style=\"margin: 0cm 0cm 8pt; text-align: justify; line-height: 22px; font-family: 'Helvetica Neue', Helvetica, Arial, sans-serif; font-size: 11pt;\"><span style=\"font-family: arial, helvetica, sans-serif;\">L\u2019evento si colloca tra\u00a0<b>i pi\u00f9 importanti appuntamenti culturali italiani del 2018<\/b>, tanto da aver riscosso,\u00a0gi\u00e0 nelle prime settimane di apertura, un notevole successo di pubblico e critica.<\/span><\/p>\n<p class=\"ox-281999612a-MsoNormal\" style=\"margin: 0cm 0cm 8pt; text-align: justify; line-height: 22px; font-family: 'Helvetica Neue', Helvetica, Arial, sans-serif; font-size: 11pt;\"><span style=\"font-family: arial, helvetica, sans-serif;\">La mostra per la prima volta riunisce dipinti provenienti da alcuni tra i pi\u00f9 importanti musei del mondo, come ad esempio il\u00a0<b>Museo Nacional del Prado<\/b>, il\u00a0<b>Museo della Cattedrale di Malta<\/b>\u00a0e il\u00a0<b>Complesso dei Girolamini di Napoli<\/b>.<\/span><\/p>\n<p class=\"ox-281999612a-MsoNormal\" style=\"margin: 0cm 0cm 8pt; text-align: justify; line-height: 22px; font-family: 'Helvetica Neue', Helvetica, Arial, sans-serif; font-size: 11pt;\"><span style=\"font-family: arial, helvetica, sans-serif;\">Il percorso espositivo evoca e sviluppa le suggestioni e i fasti della corte di Giangirolamo e di sua moglie Isabella Filomarino.<\/span><\/p>\n<p class=\"ox-281999612a-MsoNormal\" style=\"margin: 0cm 0cm 8pt; text-align: justify; line-height: 22px; font-family: 'Helvetica Neue', Helvetica, Arial, sans-serif; font-size: 11pt;\"><span style=\"font-family: arial, helvetica, sans-serif;\">La figura\u00a0<b>Artemisia Gentileschi<\/b>, pittrice seicentesca di scuola caravaggesca, fa da filo conduttore a tutto il percorso artistico che annovera i rappresentanti del miglior Barocco pittorico:\u00a0<b>Paolo Finoglio<\/b>,\u00a0<b>Battistello Caracciolo<\/b>,\u00a0<b>Massimo Stanzione<\/b>,\u00a0<b>Cesare Fracanzano<\/b>, a cui si aggiunge il bolognese\u00a0<b>Guido Reni<\/b>. Tutti vengono riproposti al pubblico con quadri e disegni spesso inediti.<\/span><\/p>\n<p class=\"ox-281999612a-MsoNormal\" style=\"margin: 0cm 0cm 8pt; text-align: justify; line-height: 22px; font-family: 'Helvetica Neue', Helvetica, Arial, sans-serif; font-size: 11pt;\"><span style=\"font-family: arial, helvetica, sans-serif;\">Due eventi sono degni di nota: il\u00a0<b>ritorno a Conversano<\/b>, dopo 400 anni, della tela \u201c<b>Il Trionfo di Bacco<\/b>\u201d di Paolo Finoglio, concessa in prestito in esclusiva per l\u2019esposizione dal Museo del Prado, e l\u2019esposizione del dipinto\u00a0\u00a0\u201c<b>Fortitudine Pares (Cupido e la Morte)<\/b>\u201d, proveniente dalle collezioni del Museo della Cattedrale di Malta, presentato per la prima volta in Italia e oggi oggetto di ricerca per valutarne l\u2019attribuzione al Caravaggio.<\/span><\/p>\n<p class=\"ox-281999612a-MsoNormal\" style=\"margin: 0cm 0cm 8pt; text-align: justify; line-height: 22px; font-family: 'Helvetica Neue', Helvetica, Arial, sans-serif; font-size: 11pt;\"><span style=\"font-family: arial, helvetica, sans-serif;\">Visitare la mostra \u201cArtemisia a Conversano\u201d \u00e8 anche l\u2019occasione per scoprire le atmosfere seicentesche di tutta la citt\u00e0: vie, palazzi, il vicino complesso del Monastero di San Benedetto con il suo splendido campanile maiolicato, simbolo del potere della Badessa Mitrata, la visita della chiesa dei Santi Medici Cosma e Damiano, la \u2018Cappella Sistina\u2019 di Paolo Finoglio, anch\u2019essa voluta e decorata a spese di Giangirolamo e Isabella Acquaviva; e di una quarta tappa al Castello di Marchione, la residenza di villeggiatura della famiglia, che ancora custodisce i ritratti dei conti.\u00a0\u00a0\u00a0\u00a0\u00a0\u00a0\u00a0<\/span><\/p>\n<\/div>\n<div>\n<div class=\"ox-281999612a-m_6098447033799602816gmail_signature\" dir=\"ltr\"><i><span style=\"font-family: arial, helvetica, sans-serif; font-size: large;\">Info, ticket e scontistica gruppi su\u00a0\u00a0<a href=\"http:\/\/www.artemisiaconversano.it\/\" target=\"_blank\" rel=\"noopener\">www.artemisiaconversano.it<\/a><\/span><\/i><\/div>\n<\/div>\n","protected":false},"excerpt":{"rendered":"<p>La collezione di Giangirolamo II di Acquaviva D\u2019Aragona Conversano, Castello Normanno-Chiesa San Giuseppe 14 aprile &#8211; 30 settembre 2018 Dal 14 aprile, nel Castello e nella Chiesa di San Giuseppe a Conversano (Ba), \u00e8 in corso \u201cArtemisia e i pittori del Conte\u201d. La mostra, organizzata dalla Cooperativa Armida, a cura della Prof.ssa Viviana Farina (Accademia [&hellip;]<\/p>\n","protected":false},"author":29,"featured_media":22415,"comment_status":"closed","ping_status":"closed","sticky":false,"template":"","format":"standard","meta":[],"categories":[7,86],"tags":[],"_links":{"self":[{"href":"http:\/\/www.prolocodeliceto.it\/zeroweb\/index.php?rest_route=\/wp\/v2\/posts\/22414"}],"collection":[{"href":"http:\/\/www.prolocodeliceto.it\/zeroweb\/index.php?rest_route=\/wp\/v2\/posts"}],"about":[{"href":"http:\/\/www.prolocodeliceto.it\/zeroweb\/index.php?rest_route=\/wp\/v2\/types\/post"}],"author":[{"embeddable":true,"href":"http:\/\/www.prolocodeliceto.it\/zeroweb\/index.php?rest_route=\/wp\/v2\/users\/29"}],"replies":[{"embeddable":true,"href":"http:\/\/www.prolocodeliceto.it\/zeroweb\/index.php?rest_route=%2Fwp%2Fv2%2Fcomments&post=22414"}],"version-history":[{"count":1,"href":"http:\/\/www.prolocodeliceto.it\/zeroweb\/index.php?rest_route=\/wp\/v2\/posts\/22414\/revisions"}],"predecessor-version":[{"id":22416,"href":"http:\/\/www.prolocodeliceto.it\/zeroweb\/index.php?rest_route=\/wp\/v2\/posts\/22414\/revisions\/22416"}],"wp:featuredmedia":[{"embeddable":true,"href":"http:\/\/www.prolocodeliceto.it\/zeroweb\/index.php?rest_route=\/wp\/v2\/media\/22415"}],"wp:attachment":[{"href":"http:\/\/www.prolocodeliceto.it\/zeroweb\/index.php?rest_route=%2Fwp%2Fv2%2Fmedia&parent=22414"}],"wp:term":[{"taxonomy":"category","embeddable":true,"href":"http:\/\/www.prolocodeliceto.it\/zeroweb\/index.php?rest_route=%2Fwp%2Fv2%2Fcategories&post=22414"},{"taxonomy":"post_tag","embeddable":true,"href":"http:\/\/www.prolocodeliceto.it\/zeroweb\/index.php?rest_route=%2Fwp%2Fv2%2Ftags&post=22414"}],"curies":[{"name":"wp","href":"https:\/\/api.w.org\/{rel}","templated":true}]}}