{"id":22410,"date":"2018-07-20T14:36:30","date_gmt":"2018-07-20T13:36:30","guid":{"rendered":"http:\/\/www.prolocodeliceto.it\/zeroweb\/?p=22410"},"modified":"2018-07-20T14:36:30","modified_gmt":"2018-07-20T13:36:30","slug":"visita-al-comando-provinciale-carabinieri-di-foggia-del-generale-di-corpo-darmata-vittorio-tomasone","status":"publish","type":"post","link":"http:\/\/www.prolocodeliceto.it\/zeroweb\/?p=22410","title":{"rendered":"VISITA AL COMANDO PROVINCIALE CARABINIERI DI FOGGIA DEL GENERALE DI CORPO D&#8217;ARMATA VITTORIO TOMASONE"},"content":{"rendered":"<p><a href=\"http:\/\/www.prolocodeliceto.it\/zeroweb\/wp-content\/uploads\/DSC00253.jpg\"><img decoding=\"async\" loading=\"lazy\" class=\"alignnone size-thumbnail wp-image-22411\" src=\"http:\/\/www.prolocodeliceto.it\/zeroweb\/wp-content\/uploads\/DSC00253-150x150.jpg\" alt=\"\" width=\"150\" height=\"150\" \/><\/a><\/p>\n<p><span style=\"line-height: 115%; font-family: 'Times New Roman','serif'; font-size: 12pt;\"><span style=\"color: #000000;\">Iniziata nella prima mattinata di mercoledi, si \u00e8 conclusa ieri la visita che il Comandante Interregionale Carabinieri &#8220;Ogaden&#8221;, Generale di Corpo d&#8217;Armata Vittorio Tomasone, ha voluto dedicare al Comando Provinciale dei Carabinieri di Foggia.<\/span><\/span><\/p>\n<p><span style=\"line-height: 115%; font-family: 'Times New Roman','serif'; font-size: 12pt;\"><span style=\"color: #000000;\">Il Generale Tomasone dallo scorso gennaio ricopre il Comando di vertice da cui dipendono le Legioni Carabinieri Abruzzo, Molise, Campania, Basilicata e Puglia.<\/span><\/span><\/p>\n<p><span style=\"line-height: 115%; font-family: 'Times New Roman','serif'; font-size: 12pt;\"><span style=\"color: #000000;\">Ufficiale Generale di grande esperienza operativa,<\/span> \u00e8 stato accolto dal Comandante Provinciale, Col. Marco Aquilio, e accompagnato dal Comandante della Legione Carabinieri Puglia, Generale di Brigata Giovanni Cataldo, ai quali, <span style=\"color: #000000;\">dopo aver verificato il buon andamento delle diverse componenti del Comando Provinciale, ha espressamente richiesto di entrare nel vivo delle problematiche locali, analizzando le strategie di lotta ad ogni forma di criminalit\u00e0 e le attivit\u00e0 di indagine in corso e in via di pianificazione. Ha quindi incontrato il personale, e a<\/span> tutti ha rivolto espressioni di ringraziamento e apprezzamento per il servizio svolto e per la quotidiana opera di prevenzione e repressione svolta sul territorio, ribadendo l&#8217;importanza e il ruolo di assoluta centralit\u00e0 ricoperto dall&#8217;Arma dei Carabinieri nel &#8220;sistema sicurezza&#8221; del Paese. Nella circostanza il Comandante Interregionale ha esortato tutti i Carabinieri a continuare ad impegnarsi sempre al meglio delle proprie possibilit\u00e0 per garantire ai cittadini sicurezza e civile convivenza, invitandoli a farsi sempre pi\u00f9 carico delle loro esigenze. Nell&#8217;incontro il Generale Tomasone ha voluto anche salutare una delegazione dell\u2019Associazione Nazionale Carabinieri e gli organi della rappresentanza militare.<\/span><\/p>\n<p><span style=\"line-height: 115%; font-family: 'Times New Roman','serif'; font-size: 12pt;\"><span style=\"color: #000000;\">Successivamente, nel corso di un lungo confronto con gli altri Ufficiali del Comando Provinciale, i Comandanti delle Compagnie, dei Nuclei Operativi e Radiomobili,<\/span> del Gruppo Carabinieri Forestale,<span style=\"color: #000000;\"> e i Comandanti delle Stazioni delle provincia, ha affrontato le peculiarit\u00e0 di ciascuna zona, condividendo un approfondito punto di situazione sull&#8217;azione di contrasto e sul controllo del territorio e mettendo a disposizione la sua esperienza e gli strumenti di cui dispone.<\/span><\/span><\/p>\n<p><span style=\"line-height: 115%; font-family: 'Times New Roman','serif'; font-size: 12pt;\"><span style=\"color: #000000;\">Il Generale ha poi salutato il Prefetto di Foggia, dott. Massimo Mariani, il Procuratore di Foggia, dott. Ludovico Vaccaro, e l\u2019Arcivescovo della diocesi di Foggia-Bovino, Mons. Vincenzo Pelvi.<\/span><\/span><\/p>\n<p><span style=\"line-height: 115%; font-family: 'Times New Roman','serif'; font-size: 12pt;\"><span style=\"color: #000000;\">Dopo questa prima fase, il Comandante Provinciale ha quindi accompagnato il Generale Tomasone a visitare alcuni dei pi\u00f9 impegnati Comandi del territorio provinciale, dove l&#8217;alto Ufficiale ha potuto constatare personalmente l&#8217;impegno che l&#8217;Arma locale quotidianamente pone sia nella lotta ad ogni forma di illegalit\u00e0, che nell&#8217;assicurare alle popolazioni la vicinanza dell&#8217;Istituzione e dello Stato.<\/span><\/span><\/p>\n<p><span style=\"line-height: 115%; font-family: 'Times New Roman','serif'; font-size: 12pt;\"><span style=\"color: #000000;\">La &#8220;quarantott&#8217;ore&#8221; di approfondimenti si sta quindi ora concludendo sul Gargano, dove il Generale Tomasone ha potuto verificare l&#8217;efficienza del composito dispositivo che l&#8217;Arma dei Carabinieri ha schierato in risposta ai gravi fatti di sangue che, ormai da qualche anno, rischiano di piegare una delle zone pi\u00f9 attraenti, e potenzialmente pi\u00f9 ricche, dell&#8217;intera regione. Qui, infatti, da ben prima dei ben noti fatti dello scorso agosto, il Comando Provinciale dei Carabinieri di Foggia aveva gi\u00e0 riposto le maggiori attenzioni e risorse, sia a livello preventivo che investigativo-repressivo, con una rimodulazione dei propri assetti sul territorio, rendendoli pi\u00f9 aderenti alle necessit\u00e0, e con una pi\u00f9 spinta proiezione esterna di ogni propria risorsa.<\/span><\/span><\/p>\n<p><span style=\"line-height: 115%; font-family: 'Times New Roman','serif'; font-size: 12pt;\"><span style=\"color: #000000;\">Nella convinzione che i risultati positivi di tanti sforzi potranno, finalmente, vedersi a breve, il Comandante Interregionale dopo aver toccato con mano la realt\u00e0 foggiana, ha assicurato che la seguir\u00e0 con ancora grande attenzione dando il massimo sostegno<\/span><a name=\"_GoBack\"><\/a><span style=\"color: #000000;\"> a tutti i reparti che quotidianamente vi operano.<\/span><\/span><\/p>\n<p>&nbsp;<\/p>\n","protected":false},"excerpt":{"rendered":"<p>Iniziata nella prima mattinata di mercoledi, si \u00e8 conclusa ieri la visita che il Comandante Interregionale Carabinieri &#8220;Ogaden&#8221;, Generale di Corpo d&#8217;Armata Vittorio Tomasone, ha voluto dedicare al Comando Provinciale dei Carabinieri di Foggia. Il Generale Tomasone dallo scorso gennaio ricopre il Comando di vertice da cui dipendono le Legioni Carabinieri Abruzzo, Molise, Campania, Basilicata [&hellip;]<\/p>\n","protected":false},"author":29,"featured_media":22411,"comment_status":"closed","ping_status":"closed","sticky":false,"template":"","format":"standard","meta":[],"categories":[7,86],"tags":[],"_links":{"self":[{"href":"http:\/\/www.prolocodeliceto.it\/zeroweb\/index.php?rest_route=\/wp\/v2\/posts\/22410"}],"collection":[{"href":"http:\/\/www.prolocodeliceto.it\/zeroweb\/index.php?rest_route=\/wp\/v2\/posts"}],"about":[{"href":"http:\/\/www.prolocodeliceto.it\/zeroweb\/index.php?rest_route=\/wp\/v2\/types\/post"}],"author":[{"embeddable":true,"href":"http:\/\/www.prolocodeliceto.it\/zeroweb\/index.php?rest_route=\/wp\/v2\/users\/29"}],"replies":[{"embeddable":true,"href":"http:\/\/www.prolocodeliceto.it\/zeroweb\/index.php?rest_route=%2Fwp%2Fv2%2Fcomments&post=22410"}],"version-history":[{"count":1,"href":"http:\/\/www.prolocodeliceto.it\/zeroweb\/index.php?rest_route=\/wp\/v2\/posts\/22410\/revisions"}],"predecessor-version":[{"id":22412,"href":"http:\/\/www.prolocodeliceto.it\/zeroweb\/index.php?rest_route=\/wp\/v2\/posts\/22410\/revisions\/22412"}],"wp:featuredmedia":[{"embeddable":true,"href":"http:\/\/www.prolocodeliceto.it\/zeroweb\/index.php?rest_route=\/wp\/v2\/media\/22411"}],"wp:attachment":[{"href":"http:\/\/www.prolocodeliceto.it\/zeroweb\/index.php?rest_route=%2Fwp%2Fv2%2Fmedia&parent=22410"}],"wp:term":[{"taxonomy":"category","embeddable":true,"href":"http:\/\/www.prolocodeliceto.it\/zeroweb\/index.php?rest_route=%2Fwp%2Fv2%2Fcategories&post=22410"},{"taxonomy":"post_tag","embeddable":true,"href":"http:\/\/www.prolocodeliceto.it\/zeroweb\/index.php?rest_route=%2Fwp%2Fv2%2Ftags&post=22410"}],"curies":[{"name":"wp","href":"https:\/\/api.w.org\/{rel}","templated":true}]}}