{"id":22402,"date":"2018-07-19T22:59:16","date_gmt":"2018-07-19T21:59:16","guid":{"rendered":"http:\/\/www.prolocodeliceto.it\/zeroweb\/?p=22402"},"modified":"2018-07-19T22:59:16","modified_gmt":"2018-07-19T21:59:16","slug":"archeotrekking-a-canne-della-battaglia","status":"publish","type":"post","link":"http:\/\/www.prolocodeliceto.it\/zeroweb\/?p=22402","title":{"rendered":"ARCHEOTREKKING A CANNE DELLA BATTAGLIA"},"content":{"rendered":"<p class=\"ox-dd17da31f5-gmail-Default\" style=\"margin: 0cm 0cm 0pt; text-align: center; color: black; text-transform: none; text-indent: 0px; letter-spacing: normal; font-family: 'Times New Roman', serif; font-size: 12pt; font-style: normal; font-weight: 400; word-spacing: 0px; white-space: normal; orphans: 2; widows: 2; background-color: #ffffff; font-variant-ligatures: normal; font-variant-caps: normal; -webkit-text-stroke-width: 0px; text-decoration-style: initial; text-decoration-color: initial;\" align=\"center\"><b><i><span style=\"font-family: 'Comic Sans MS'; font-size: 11pt;\"><a href=\"http:\/\/www.prolocodeliceto.it\/zeroweb\/wp-content\/uploads\/Canne-della-Battaglia.jpg\"><img decoding=\"async\" loading=\"lazy\" class=\"alignnone size-thumbnail wp-image-22403\" src=\"http:\/\/www.prolocodeliceto.it\/zeroweb\/wp-content\/uploads\/Canne-della-Battaglia-150x150.jpg\" alt=\"\" width=\"150\" height=\"150\" \/><\/a><\/span><\/i><\/b><\/p>\n<p class=\"ox-dd17da31f5-gmail-Default\" style=\"margin: 0cm 0cm 0pt; text-align: center; color: black; text-transform: none; text-indent: 0px; letter-spacing: normal; font-family: 'Times New Roman', serif; font-size: 12pt; font-style: normal; font-weight: 400; word-spacing: 0px; white-space: normal; orphans: 2; widows: 2; background-color: #ffffff; font-variant-ligatures: normal; font-variant-caps: normal; -webkit-text-stroke-width: 0px; text-decoration-style: initial; text-decoration-color: initial;\" align=\"center\"><b><i><span style=\"font-family: 'Comic Sans MS'; font-size: 11pt;\">percorso archeologico-naturalistico<\/span><\/i><\/b><\/p>\n<p class=\"ox-dd17da31f5-gmail-Default\" style=\"margin: 0cm 0cm 0pt; text-align: center; color: black; text-transform: none; text-indent: 0px; letter-spacing: normal; font-family: 'Times New Roman', serif; font-size: 12pt; font-style: normal; font-weight: 400; word-spacing: 0px; white-space: normal; orphans: 2; widows: 2; background-color: #ffffff; font-variant-ligatures: normal; font-variant-caps: normal; -webkit-text-stroke-width: 0px; text-decoration-style: initial; text-decoration-color: initial;\" align=\"center\"><b><i><span style=\"font-family: 'Comic Sans MS'; font-size: 11pt;\">21 luglio 2018<\/span><\/i><\/b><\/p>\n<p class=\"ox-dd17da31f5-gmail-Default\" style=\"margin: 0cm 0cm 0pt; text-align: center; color: black; text-transform: none; text-indent: 0px; letter-spacing: normal; font-family: 'Times New Roman', serif; font-size: 12pt; font-style: normal; font-weight: 400; word-spacing: 0px; white-space: normal; orphans: 2; widows: 2; background-color: #ffffff; font-variant-ligatures: normal; font-variant-caps: normal; -webkit-text-stroke-width: 0px; text-decoration-style: initial; text-decoration-color: initial;\" align=\"center\"><span style=\"font-family: 'Comic Sans MS'; font-size: 11pt;\">\u00a0<\/span><\/p>\n<p class=\"ox-dd17da31f5-gmail-Default\" style=\"margin: 0cm 0cm 0pt; text-align: justify; color: black; text-transform: none; text-indent: 0px; letter-spacing: normal; font-family: 'Times New Roman', serif; font-size: 12pt; font-style: normal; font-weight: 400; word-spacing: 0px; white-space: normal; orphans: 2; widows: 2; background-color: #ffffff; font-variant-ligatures: normal; font-variant-caps: normal; -webkit-text-stroke-width: 0px; text-decoration-style: initial; text-decoration-color: initial;\"><span style=\"font-family: 'Comic Sans MS'; font-size: 11pt;\">All\u2019interno della programmazione estiva delle attivit\u00e0 di valorizzazione del Parco Archeologico di Canne della Battaglia, con il supporto della\u00a0<b>Direzione del Parco Archeologico di Canne della Battaglia e del Polo Museale della Puglia<\/b>, il\u00a0<b>21 luglio<\/b>,\u00a0<b>ArcheoLogica srl\u00a0<\/b>organizza un percorso di\u00a0<b>archeotrekking<\/b>\u00a0tra il sito di Canne della Battaglia ed il territorio circostante, in occasione dell\u2019apertura straordinaria serale del sito.<\/span><\/p>\n<p class=\"ox-dd17da31f5-gmail-Default\" style=\"margin: 0cm 0cm 0pt; text-align: justify; color: black; text-transform: none; text-indent: 0px; letter-spacing: normal; font-family: 'Times New Roman', serif; font-size: 12pt; font-style: normal; font-weight: 400; word-spacing: 0px; white-space: normal; orphans: 2; widows: 2; background-color: #ffffff; font-variant-ligatures: normal; font-variant-caps: normal; -webkit-text-stroke-width: 0px; text-decoration-style: initial; text-decoration-color: initial;\"><span style=\"font-family: 'Comic Sans MS'; font-size: 11pt;\">L\u2019appuntamento con\u00a0<b>il percorso di Archeotrekking\u00a0<\/b>\u00e8 alle ore 18.00, presso l\u2019Antiquarium di Canne della Battaglia.<\/span><\/p>\n<p class=\"ox-dd17da31f5-gmail-Default\" style=\"margin: 0cm 0cm 0pt; text-align: justify; color: black; text-transform: none; text-indent: 0px; letter-spacing: normal; font-family: 'Times New Roman', serif; font-size: 12pt; font-style: normal; font-weight: 400; word-spacing: 0px; white-space: normal; orphans: 2; widows: 2; background-color: #ffffff; font-variant-ligatures: normal; font-variant-caps: normal; -webkit-text-stroke-width: 0px; text-decoration-style: initial; text-decoration-color: initial;\"><span style=\"font-family: 'Comic Sans MS'; font-size: 11pt;\">\u00a0<\/span><\/p>\n<p class=\"ox-dd17da31f5-gmail-Default\" style=\"margin: 0cm 0cm 0pt; text-align: justify; color: black; text-transform: none; text-indent: 0px; letter-spacing: normal; font-family: 'Times New Roman', serif; font-size: 12pt; font-style: normal; font-weight: 400; word-spacing: 0px; white-space: normal; orphans: 2; widows: 2; background-color: #ffffff; font-variant-ligatures: normal; font-variant-caps: normal; -webkit-text-stroke-width: 0px; text-decoration-style: initial; text-decoration-color: initial;\"><span style=\"font-family: 'Comic Sans MS'; font-size: 11pt;\">Immersi in una natura rigogliosa, percorreremo con guide specializzate i sentieri che portano ai luoghi salienti di questo importante sito: la Cittadella medievale con il suo Antiquarium totalmente rinnovato, il villaggio daunio,\u00a0\u00a0il menhir,\u00a0\u00a0Masseria Canne, la fontana di San Ruggero, gli scavi archeologici di San Mercurio.<\/span><\/p>\n<p class=\"ox-dd17da31f5-gmail-Default\" style=\"margin: 0cm 0cm 0pt; text-align: justify; color: black; text-transform: none; text-indent: 0px; letter-spacing: normal; font-family: 'Times New Roman', serif; font-size: 12pt; font-style: normal; font-weight: 400; word-spacing: 0px; white-space: normal; orphans: 2; widows: 2; background-color: #ffffff; font-variant-ligatures: normal; font-variant-caps: normal; -webkit-text-stroke-width: 0px; text-decoration-style: initial; text-decoration-color: initial;\"><span style=\"font-family: 'Comic Sans MS'; font-size: 11pt;\">\u00a0<\/span><\/p>\n<p class=\"ox-dd17da31f5-gmail-Default\" style=\"margin: 0cm 0cm 0pt; text-align: justify; color: black; text-transform: none; text-indent: 0px; letter-spacing: normal; font-family: 'Times New Roman', serif; font-size: 12pt; font-style: normal; font-weight: 400; word-spacing: 0px; white-space: normal; orphans: 2; widows: 2; background-color: #ffffff; font-variant-ligatures: normal; font-variant-caps: normal; -webkit-text-stroke-width: 0px; text-decoration-style: initial; text-decoration-color: initial;\"><span style=\"font-family: 'Comic Sans MS'; font-size: 11pt;\">Per chi volesse portarli, con l\u2019ausilio di binocoli andremo alla scoperta del paesaggio fluviale e non mancheranno cenni sulle masserie cannensi, sulle tradizioni e le leggende popolari che contraddistinguono questo territorio.<\/span><\/p>\n<p class=\"ox-dd17da31f5-gmail-Default\" style=\"margin: 0cm 0cm 0pt; text-align: justify; color: black; text-transform: none; text-indent: 0px; letter-spacing: normal; font-family: 'Times New Roman', serif; font-size: 12pt; font-style: normal; font-weight: 400; word-spacing: 0px; white-space: normal; orphans: 2; widows: 2; background-color: #ffffff; font-variant-ligatures: normal; font-variant-caps: normal; -webkit-text-stroke-width: 0px; text-decoration-style: initial; text-decoration-color: initial;\"><span style=\"font-family: 'Comic Sans MS'; font-size: 11pt;\">Sfondo della passeggiata il panorama mozzafiato che si pu\u00f2 godere da queste alture che dominano la valle dell\u2019Ofanto.<\/span><\/p>\n<p class=\"ox-dd17da31f5-gmail-Default\" style=\"margin: 0cm 0cm 0pt; text-align: justify; color: black; text-transform: none; text-indent: 0px; letter-spacing: normal; font-family: 'Times New Roman', serif; font-size: 12pt; font-style: normal; font-weight: 400; word-spacing: 0px; white-space: normal; orphans: 2; widows: 2; background-color: #ffffff; font-variant-ligatures: normal; font-variant-caps: normal; -webkit-text-stroke-width: 0px; text-decoration-style: initial; text-decoration-color: initial;\"><span style=\"font-family: 'Comic Sans MS'; font-size: 11pt;\">\u00a0<\/span><\/p>\n<p class=\"ox-dd17da31f5-gmail-Default\" style=\"margin: 0cm 0cm 0pt; text-align: justify; color: black; text-transform: none; text-indent: 0px; letter-spacing: normal; font-family: 'Times New Roman', serif; font-size: 12pt; font-style: normal; font-weight: 400; word-spacing: 0px; white-space: normal; orphans: 2; widows: 2; background-color: #ffffff; font-variant-ligatures: normal; font-variant-caps: normal; -webkit-text-stroke-width: 0px; text-decoration-style: initial; text-decoration-color: initial;\"><span style=\"font-family: 'Comic Sans MS'; font-size: 11pt;\">Il progetto \u201cArcheotrekking\u201d \u00e8 rivolto a giovani e adulti, in buono stato di salute, che hanno voglia di conoscere questo territorio abbinando cultura e natura.<\/span><\/p>\n<p class=\"ox-dd17da31f5-gmail-Default\" style=\"margin: 0cm 0cm 0pt; text-align: justify; color: black; text-transform: none; text-indent: 0px; letter-spacing: normal; font-family: 'Times New Roman', serif; font-size: 12pt; font-style: normal; font-weight: 400; word-spacing: 0px; white-space: normal; orphans: 2; widows: 2; background-color: #ffffff; font-variant-ligatures: normal; font-variant-caps: normal; -webkit-text-stroke-width: 0px; text-decoration-style: initial; text-decoration-color: initial;\"><span style=\"font-family: 'Comic Sans MS'; font-size: 11pt;\">\u00a0<\/span><\/p>\n<p class=\"ox-dd17da31f5-gmail-Default\" style=\"margin: 0cm 0cm 0pt; text-align: justify; color: black; text-transform: none; text-indent: 0px; letter-spacing: normal; font-family: 'Times New Roman', serif; font-size: 12pt; font-style: normal; font-weight: 400; word-spacing: 0px; white-space: normal; orphans: 2; widows: 2; background-color: #ffffff; font-variant-ligatures: normal; font-variant-caps: normal; -webkit-text-stroke-width: 0px; text-decoration-style: initial; text-decoration-color: initial;\"><span style=\"font-family: 'Comic Sans MS'; font-size: 11pt;\">L\u2019attivit\u00e0 \u00e8 GRATUITA ed \u00e8 rivolta ad adulti a partire dai 18 anni di et\u00e0.<\/span><\/p>\n<p class=\"ox-dd17da31f5-gmail-Default\" style=\"margin: 0cm 0cm 0pt; text-align: justify; color: black; text-transform: none; text-indent: 0px; letter-spacing: normal; font-family: 'Times New Roman', serif; font-size: 12pt; font-style: normal; font-weight: 400; word-spacing: 0px; white-space: normal; orphans: 2; widows: 2; background-color: #ffffff; font-variant-ligatures: normal; font-variant-caps: normal; -webkit-text-stroke-width: 0px; text-decoration-style: initial; text-decoration-color: initial;\"><span style=\"font-family: 'Comic Sans MS'; font-size: 11pt;\">Il numero massimo di partecipanti ammessi, previa prenotazione, \u00e8 di 30 persone.<\/span><\/p>\n<p class=\"ox-dd17da31f5-gmail-Default\" style=\"margin: 0cm 0cm 0pt; text-align: justify; color: black; text-transform: none; text-indent: 0px; letter-spacing: normal; font-family: 'Times New Roman', serif; font-size: 12pt; font-style: normal; font-weight: 400; word-spacing: 0px; white-space: normal; orphans: 2; widows: 2; background-color: #ffffff; font-variant-ligatures: normal; font-variant-caps: normal; -webkit-text-stroke-width: 0px; text-decoration-style: initial; text-decoration-color: initial;\"><span style=\"font-family: 'Comic Sans MS'; font-size: 11pt;\">Si consiglia abbigliamento comodo, uso di cappellini, pantaloni lunghi e di portare una buona scorta d&#8217;acqua.<\/span><\/p>\n<p class=\"ox-dd17da31f5-gmail-Default\" style=\"margin: 0cm 0cm 0pt; text-align: justify; color: black; text-transform: none; text-indent: 0px; letter-spacing: normal; font-family: 'Times New Roman', serif; font-size: 12pt; font-style: normal; font-weight: 400; word-spacing: 0px; white-space: normal; orphans: 2; widows: 2; background-color: #ffffff; font-variant-ligatures: normal; font-variant-caps: normal; -webkit-text-stroke-width: 0px; text-decoration-style: initial; text-decoration-color: initial;\"><span style=\"font-family: 'Comic Sans MS'; font-size: 11pt;\">\u00a0<\/span><\/p>\n<p class=\"ox-dd17da31f5-gmail-Default\" style=\"margin: 0cm 0cm 0pt; text-align: justify; color: black; text-transform: none; text-indent: 0px; letter-spacing: normal; font-family: 'Times New Roman', serif; font-size: 12pt; font-style: normal; font-weight: 400; word-spacing: 0px; white-space: normal; orphans: 2; widows: 2; background-color: #ffffff; font-variant-ligatures: normal; font-variant-caps: normal; -webkit-text-stroke-width: 0px; text-decoration-style: initial; text-decoration-color: initial;\"><span style=\"font-family: 'Comic Sans MS'; font-size: 11pt;\">Le prenotazioni OBBLIGATORIE devono pervenire ai seguenti contatti:<\/span><\/p>\n<p class=\"ox-dd17da31f5-gmail-Default\" style=\"margin: 0cm 0cm 0pt; text-align: justify; color: black; text-transform: none; text-indent: 0px; letter-spacing: normal; font-family: 'Times New Roman', serif; font-size: 12pt; font-style: normal; font-weight: 400; word-spacing: 0px; white-space: normal; orphans: 2; widows: 2; background-color: #ffffff; font-variant-ligatures: normal; font-variant-caps: normal; -webkit-text-stroke-width: 0px; text-decoration-style: initial; text-decoration-color: initial;\"><b><span style=\"font-family: 'Comic Sans MS'; font-size: 11pt;\">Email:\u00a0<a class=\"mailto-link\" href=\"mailto:archeologicasrl@gmail.com\" target=\"_blank\" rel=\"noopener\">archeologicasrl@gmail.com<\/a><\/span><\/b><\/p>\n<p class=\"ox-dd17da31f5-gmail-Default\" style=\"margin: 0cm 0cm 0pt; text-align: justify; color: black; text-transform: none; text-indent: 0px; letter-spacing: normal; font-family: 'Times New Roman', serif; font-size: 12pt; font-style: normal; font-weight: 400; word-spacing: 0px; white-space: normal; orphans: 2; widows: 2; background-color: #ffffff; font-variant-ligatures: normal; font-variant-caps: normal; -webkit-text-stroke-width: 0px; text-decoration-style: initial; text-decoration-color: initial;\"><b><span style=\"font-family: 'Comic Sans MS'; font-size: 11pt;\">Tel. 3473176098- 3401545644\u00a0\u00a0<\/span><\/b><span style=\"color: windowtext; font-family: 'Comic Sans MS'; font-size: 11pt;\">(dalle ore 10:00 alle 13:00 e dalle 16:00 alle 20:00, dal luned\u00ec al venerd\u00ec; il sabato dalle ore 9:00 alle ore 12:00).<\/span><\/p>\n","protected":false},"excerpt":{"rendered":"<p>percorso archeologico-naturalistico 21 luglio 2018 \u00a0 All\u2019interno della programmazione estiva delle attivit\u00e0 di valorizzazione del Parco Archeologico di Canne della Battaglia, con il supporto della\u00a0Direzione del Parco Archeologico di Canne della Battaglia e del Polo Museale della Puglia, il\u00a021 luglio,\u00a0ArcheoLogica srl\u00a0organizza un percorso di\u00a0archeotrekking\u00a0tra il sito di Canne della Battaglia ed il territorio circostante, in [&hellip;]<\/p>\n","protected":false},"author":29,"featured_media":22403,"comment_status":"closed","ping_status":"closed","sticky":false,"template":"","format":"standard","meta":[],"categories":[7,86],"tags":[],"_links":{"self":[{"href":"http:\/\/www.prolocodeliceto.it\/zeroweb\/index.php?rest_route=\/wp\/v2\/posts\/22402"}],"collection":[{"href":"http:\/\/www.prolocodeliceto.it\/zeroweb\/index.php?rest_route=\/wp\/v2\/posts"}],"about":[{"href":"http:\/\/www.prolocodeliceto.it\/zeroweb\/index.php?rest_route=\/wp\/v2\/types\/post"}],"author":[{"embeddable":true,"href":"http:\/\/www.prolocodeliceto.it\/zeroweb\/index.php?rest_route=\/wp\/v2\/users\/29"}],"replies":[{"embeddable":true,"href":"http:\/\/www.prolocodeliceto.it\/zeroweb\/index.php?rest_route=%2Fwp%2Fv2%2Fcomments&post=22402"}],"version-history":[{"count":1,"href":"http:\/\/www.prolocodeliceto.it\/zeroweb\/index.php?rest_route=\/wp\/v2\/posts\/22402\/revisions"}],"predecessor-version":[{"id":22404,"href":"http:\/\/www.prolocodeliceto.it\/zeroweb\/index.php?rest_route=\/wp\/v2\/posts\/22402\/revisions\/22404"}],"wp:featuredmedia":[{"embeddable":true,"href":"http:\/\/www.prolocodeliceto.it\/zeroweb\/index.php?rest_route=\/wp\/v2\/media\/22403"}],"wp:attachment":[{"href":"http:\/\/www.prolocodeliceto.it\/zeroweb\/index.php?rest_route=%2Fwp%2Fv2%2Fmedia&parent=22402"}],"wp:term":[{"taxonomy":"category","embeddable":true,"href":"http:\/\/www.prolocodeliceto.it\/zeroweb\/index.php?rest_route=%2Fwp%2Fv2%2Fcategories&post=22402"},{"taxonomy":"post_tag","embeddable":true,"href":"http:\/\/www.prolocodeliceto.it\/zeroweb\/index.php?rest_route=%2Fwp%2Fv2%2Ftags&post=22402"}],"curies":[{"name":"wp","href":"https:\/\/api.w.org\/{rel}","templated":true}]}}