{"id":224,"date":"2008-05-13T18:27:50","date_gmt":"2008-05-13T17:27:50","guid":{"rendered":"http:\/\/www.prolocodeliceto.it\/zeroweb\/?p=224"},"modified":"2008-05-13T18:56:46","modified_gmt":"2008-05-13T17:56:46","slug":"seconda-categoria-il-sogno-continua","status":"publish","type":"post","link":"http:\/\/www.prolocodeliceto.it\/zeroweb\/?p=224","title":{"rendered":"Seconda categoria&#8230; il sogno continua"},"content":{"rendered":"<p><strong><span style=\"font-size: 16pt; font-family: 'Times New Roman'\"><\/span><\/strong><strong><span style=\"font-size: 16pt; font-family: 'Times New Roman'\">Semifinale di play-off, gara di ritorno <\/span><\/strong><strong><span style=\"font-size: 16pt; font-family: 'Times New Roman'\">U.S. Elce Deliceto &#8211; Giovent\u00f9 Calcio Bovino : 1-0<\/span><\/strong><strong><span style=\"font-size: 14pt; font-family: 'Times New Roman'\"> <\/span><\/strong><strong><span style=\"font-size: 14pt; font-family: 'Times New Roman'\"><span style=\"font-size: 14pt; font-family: 'Times New Roman'\"><a href=\"http:\/\/www.prolocodeliceto.it\/zeroweb\/wp-content\/us-elce2008.jpg\" title=\"us-elce2008.jpg\"><img decoding=\"async\" loading=\"lazy\" vspace=\"10\" align=\"left\" width=\"192\" src=\"http:\/\/www.prolocodeliceto.it\/zeroweb\/wp-content\/us-elce2008.jpg\" hspace=\"10\" alt=\"us-elce2008.jpg\" height=\"135\" style=\"width: 192px; height: 135px\" title=\"us-elce2008.jpg\" \/><\/a>In un domenica tipicamente primaverile e in un clima di corretta rivalit\u00e0 sportiva si disputa la gara di ritorno della semifinale di play off tra l\u2019U.S. Elce Deliceto e il Giovent\u00f9 Calcio Bovino. Si affrontano oggi due squadre \u201cvicine\u201d, ma non solo territorialmente parlando, ma anche e soprattutto per le finalit\u00e0 che perseguono, ossia fare sport nel rispetto delle regole e degli avversari, puntando sui giovani locali, e ricercando prima del risultato sportivo il risultato sociale. Il Bovino parte favorito avendo dalla sua due risultati su tre, infatti l\u2019U.S. Elce per passare il turno deve obbligatoriamente vincere, con qualsiasi risultato, avendo perso l\u2019andata per <metricconverter ProductID=\"1 a\" w:st=\"on\"><\/metricconverter>1 a 0 (a parit\u00e0 di risultato passa la migliore classificata, ossia l\u2019Elce). Gli spalti del campo di Deliceto sono gremiti di tifosi (di entrambi gli schieramenti) e la gara si presenta subito entusiasmante con l\u2019Elce che spinge alla ricerca del goal che vale il passaggio del turno, mentre il Bovino si chiude in difesa (forte della vittoria dell\u2019andata) e cerca di colpire in contropiede. Nel primo tempo un\u2019occasione per parte: prima il Bovino sfiora il goal con il centrocampista laterale destro che non centra la porta dopo un errore difensivo avversario; poi l\u2019Elce che si rende pericolosa con un tiro di Lamatrice Antonio, e poi, nella conseguente azione, con D\u2019Emilio Michele, che non inquadra la porta, sulla corta respinta del portiere ospite.<\/span><span style=\"font-size: 14pt; font-family: 'Times New Roman'\">Nel secondo tempo i ragazzi di Deliceto aumentano il ritmo di gara, rinchiudono gli avversari nella propria met\u00e0 campo e si riversano in avanti creando diverse azioni pericolose senza per\u00f2 riuscire a far realmente male. I ragazzi di Deliceto per\u00f2 non riescono a superare la concreta difesa avversaria e soprattutto il portiere ospite che compie diversi interventi decisivi, su tutti devia incredibilmente sulla traversa un tiro ravvicinato del Capitano Doto Pietro. Con i ragazzi di Deliceto riversati in avanti, il Bovino trova pi\u00f9 spazio per ripartire in contropiede, e si rende estremamente pericolosa in una sola occasione, con l\u2019attaccante che calcia al volo su un rilancio della difesa, ma la palla esce fuori di un niente. L\u2019arbitro, a causa delle numerose interruzioni, concede altri 6 minuti di gioco, e proprio quando sembra ormai scontato il pareggio i ragazzi di Deliceto trovano il goal partita: dalla tre quarti il subentrato Doto Mariano calcia direttamente in porta, il portiere ospite \u00e8 ingannato dal movimento di Bellebuono Michele e la palla si insacca in rete, facendo esplodere i numerosi tifosi arancioni. La partita finisce cos\u00ec, con la vittoria e la gioia dell\u2019Elce e qualche scaramuccia finale tra la squadra ospite e il direttore di gara. <span>  <\/span><\/span><span style=\"font-size: 14pt; font-family: 'Times New Roman'\">Prima di tutto bisogna dare onore e merito al Giovent\u00f9 Calcio Bovino, sia per il campionato disputato, sia per l\u2019entusiasmo con cui hanno affrontato le due gare della semifinale dei play off, vendendo cara la pelle, ma sempre in maniera corretta e leale.<\/span><span style=\"font-size: 14pt; font-family: 'Times New Roman'\">I ragazzi di Deliceto invece, riescono cos\u00ec a conquistare, per il secondo anno consecutivo, la finale dei play off, grazie al proprio impegno e al proprio sudore, ma anche alla fortuna, che in questa circostanza, la favorisce. Ora l\u2019Elce deve preparasi per la difficile finale contro<\/p>\n<personname ProductID=\"la F.C. Carapellese\" w:st=\"on\"><\/personname>\n<personname ProductID=\"la F.C.\" w:st=\"on\"><\/personname>la F.C. Carapellese (andata, domenica <metricconverter ProductID=\"18 a\" w:st=\"on\"><\/metricconverter>18 a Deliceto; ritorno, domenica <metricconverter ProductID=\"25 a\" w:st=\"on\"><\/metricconverter>25 a Carapelle) puntando ancora una volta alla vittoria, per sperare, ancora una volta, nel ripescaggio in seconda categoria. FORZA ELCE. <span> <\/span><span>  <\/span><span>     <\/span><span>      <\/span><\/span><\/p>\n<p><\/span><\/strong><span style=\"font-size: 14pt; font-family: 'Times New Roman'\"><span> <\/span><\/span><span style=\"font-size: 14pt; font-family: 'Times New Roman'\">L\u2019U.S. Elce Deliceto<\/span><span style=\"font-size: 14pt; font-family: 'Times New Roman'\"><span>1.<span style=\"font: 7pt 'Times New Roman'\">     <\/span><\/span><\/span><span style=\"font-size: 14pt; font-family: 'Times New Roman'\">Troccola Antonio<\/span><span style=\"font-size: 14pt; font-family: 'Times New Roman'\"><span>2.<span style=\"font: 7pt 'Times New Roman'\">     <\/span><\/span><\/span><span style=\"font-size: 14pt; font-family: 'Times New Roman'\">Troccola Felice<\/span><span style=\"font-size: 14pt; font-family: 'Times New Roman'\"><span>3.<span style=\"font: 7pt 'Times New Roman'\">     <\/span><\/span><\/span><span style=\"font-size: 14pt; font-family: 'Times New Roman'\">Suriano Davide<\/span><span style=\"font-size: 14pt; font-family: 'Times New Roman'\"><span>4.<span style=\"font: 7pt 'Times New Roman'\">     <\/span><\/span><\/span><span style=\"font-size: 14pt; font-family: 'Times New Roman'\">Di Francesco Luigi<\/span><span style=\"font-size: 14pt; font-family: 'Times New Roman'\"><span>5.<span style=\"font: 7pt 'Times New Roman'\">     <\/span><\/span><\/span><span style=\"font-size: 14pt; font-family: 'Times New Roman'\">Capano Pasquale<\/span><span style=\"font-size: 14pt; font-family: 'Times New Roman'\"><span>6.<span style=\"font: 7pt 'Times New Roman'\">     <\/span><\/span><\/span><span style=\"font-size: 14pt; font-family: 'Times New Roman'\">Petrella Ciro<\/span><span style=\"font-size: 14pt; font-family: 'Times New Roman'\"><span>7.<span style=\"font: 7pt 'Times New Roman'\">     <\/span><\/span><\/span><span style=\"font-size: 14pt; font-family: 'Times New Roman'\">Baldassarro Francesco<\/span><span style=\"font-size: 14pt; font-family: 'Times New Roman'\"><span>8.<span style=\"font: 7pt 'Times New Roman'\">     <\/span><\/span><\/span><span style=\"font-size: 14pt; font-family: 'Times New Roman'\">Lamatrice Antonio<\/span><span style=\"font-size: 14pt; font-family: 'Times New Roman'\"><span>9.<span style=\"font: 7pt 'Times New Roman'\">     <\/span><\/span><\/span><span style=\"font-size: 14pt; font-family: 'Times New Roman'\">Lamatrice Giuseppe<\/span><span style=\"font-size: 14pt; font-family: 'Times New Roman'\"><span>10.<span style=\"font: 7pt 'Times New Roman'\"> <\/span><\/span><\/span><span style=\"font-size: 14pt; font-family: 'Times New Roman'\">Doto Pietro<\/span><span style=\"font-size: 14pt; font-family: 'Times New Roman'\"><span>11.<span style=\"font: 7pt 'Times New Roman'\"> <\/span><\/span><\/span><span style=\"font-size: 14pt; font-family: 'Times New Roman'\">D\u2019Emilio Michele<\/span><span style=\"font-size: 14pt; font-family: 'Times New Roman'\"> <\/span><span style=\"font-size: 14pt; font-family: 'Times New Roman'\"><span>12.<span style=\"font: 7pt 'Times New Roman'\"> <\/span><\/span><\/span><span style=\"font-size: 14pt; font-family: 'Times New Roman'\">Minichella Giuseppe<\/span><span style=\"font-size: 14pt; font-family: 'Times New Roman'\"><span>13.<span style=\"font: 7pt 'Times New Roman'\"> <\/span><\/span><\/span><span style=\"font-size: 14pt; font-family: 'Times New Roman'\">Doto Mariano<\/span><span style=\"font-size: 14pt; font-family: 'Times New Roman'\"><span>14.<span style=\"font: 7pt 'Times New Roman'\"> <\/span><\/span><\/span><span style=\"font-size: 14pt; font-family: 'Times New Roman'\">Doto Michele<\/span><span style=\"font-size: 14pt; font-family: 'Times New Roman'\"><span>15.<span style=\"font: 7pt 'Times New Roman'\"> <\/span><\/span><\/span><span style=\"font-size: 14pt; font-family: 'Times New Roman'\">Bruno Vincenzo<\/span><span style=\"font-size: 14pt; font-family: 'Times New Roman'\"><span>16.<span style=\"font: 7pt 'Times New Roman'\"> <\/span><\/span><\/span><span style=\"font-size: 14pt; font-family: 'Times New Roman'\">Lombardi Rocco<\/span><span style=\"font-size: 14pt; font-family: 'Times New Roman'\"><span>17.<span style=\"font: 7pt 'Times New Roman'\"> <\/span><\/span><\/span><span style=\"font-size: 14pt; font-family: 'Times New Roman'\">Frascella Pierluigi<\/span><span style=\"font-size: 14pt; font-family: 'Times New Roman'\"><span>18.<span style=\"font: 7pt 'Times New Roman'\"> <\/span><\/span><\/span><span style=\"font-size: 14pt; font-family: 'Times New Roman'\">Bellebuono Michele<\/span><span style=\"font-size: 14pt; font-family: 'Times New Roman'\"> <\/span><span style=\"font-size: 14pt; font-family: 'Times New Roman'\"><span style=\"font-size: 14pt; font-family: 'Times New Roman'\">Assistente tecnico: Baldassarro Luigi<\/span><span style=\"font-size: 14pt; font-family: 'Times New Roman'\">Staff tecnico: Racioppo Domenco e Lamatrice Alfonso<\/span><span style=\"font-size: 14pt; font-family: 'Times New Roman'\">Mister: Ippolito Gerardo<\/span><\/p>\n<p><\/span><\/p>\n","protected":false},"excerpt":{"rendered":"<p>Semifinale di play-off, gara di ritorno U.S. Elce Deliceto &#8211; Giovent\u00f9 Calcio Bovino : 1-0 In un domenica tipicamente primaverile e in un clima di corretta rivalit\u00e0 sportiva si disputa la gara di ritorno della semifinale di play off tra l\u2019U.S. Elce Deliceto e il Giovent\u00f9 Calcio Bovino. Si affrontano oggi due squadre \u201cvicine\u201d, ma [&hellip;]<\/p>\n","protected":false},"author":2,"featured_media":0,"comment_status":"open","ping_status":"open","sticky":false,"template":"","format":"standard","meta":[],"categories":[6],"tags":[],"_links":{"self":[{"href":"http:\/\/www.prolocodeliceto.it\/zeroweb\/index.php?rest_route=\/wp\/v2\/posts\/224"}],"collection":[{"href":"http:\/\/www.prolocodeliceto.it\/zeroweb\/index.php?rest_route=\/wp\/v2\/posts"}],"about":[{"href":"http:\/\/www.prolocodeliceto.it\/zeroweb\/index.php?rest_route=\/wp\/v2\/types\/post"}],"author":[{"embeddable":true,"href":"http:\/\/www.prolocodeliceto.it\/zeroweb\/index.php?rest_route=\/wp\/v2\/users\/2"}],"replies":[{"embeddable":true,"href":"http:\/\/www.prolocodeliceto.it\/zeroweb\/index.php?rest_route=%2Fwp%2Fv2%2Fcomments&post=224"}],"version-history":[{"count":0,"href":"http:\/\/www.prolocodeliceto.it\/zeroweb\/index.php?rest_route=\/wp\/v2\/posts\/224\/revisions"}],"wp:attachment":[{"href":"http:\/\/www.prolocodeliceto.it\/zeroweb\/index.php?rest_route=%2Fwp%2Fv2%2Fmedia&parent=224"}],"wp:term":[{"taxonomy":"category","embeddable":true,"href":"http:\/\/www.prolocodeliceto.it\/zeroweb\/index.php?rest_route=%2Fwp%2Fv2%2Fcategories&post=224"},{"taxonomy":"post_tag","embeddable":true,"href":"http:\/\/www.prolocodeliceto.it\/zeroweb\/index.php?rest_route=%2Fwp%2Fv2%2Ftags&post=224"}],"curies":[{"name":"wp","href":"https:\/\/api.w.org\/{rel}","templated":true}]}}