{"id":22359,"date":"2018-07-14T14:27:30","date_gmt":"2018-07-14T13:27:30","guid":{"rendered":"http:\/\/www.prolocodeliceto.it\/zeroweb\/?p=22359"},"modified":"2018-07-14T14:27:30","modified_gmt":"2018-07-14T13:27:30","slug":"pugno-duro-dopo-lennesima-rissa-nella-baraccopoli-di-borgo-mezzanone","status":"publish","type":"post","link":"http:\/\/www.prolocodeliceto.it\/zeroweb\/?p=22359","title":{"rendered":"PUGNO DURO DOPO L&#8217;ENNESIMA RISSA NELLA BARACCOPOLI DI BORGO MEZZANONE."},"content":{"rendered":"<p>&nbsp;<\/p>\n<p style=\"margin: 0cm 0cm 0pt -14.2pt; text-align: justify;\"><span style=\"line-height: 115%; font-family: 'Times New Roman','serif'; font-size: 12pt;\"><span style=\"color: #000000;\">Nel pomeriggio di sabato scorso la baraccopoli che costeggia la vecchia pista dell&#8217;ex aeroporto militare di Borgo Mezzanone \u00e8 stata teatro dell&#8217;ennesima rissa tra extracomunitari.<\/span><\/span><\/p>\n<p>&nbsp;<\/p>\n<p style=\"margin: 0cm 0cm 0pt -14.2pt; text-align: justify;\"><span style=\"line-height: 115%; font-family: 'Times New Roman','serif'; font-size: 12pt;\"><span style=\"color: #000000;\">Il fatto si \u00e8 saputo solo quando tre dei responsabili si sono presentati, malconci, al vicino C.A.R.A. chiedendo di poter essere soccorsi, in quanto vi avevano riportato ferite e lesioni varie.<\/span><\/span><\/p>\n<p>&nbsp;<\/p>\n<p style=\"margin: 0cm 0cm 0pt -14.2pt; text-align: justify;\"><span style=\"line-height: 115%; font-family: 'Times New Roman','serif'; font-size: 12pt;\"><span style=\"color: #000000;\">Il personale del centro di accoglienza, dopo aver prestato le prime cure e aver fatto intervenire il 118, ha cos\u00ec potuto avvisare i Carabinieri di quanto era accaduto, mettendoli quindi nella condizione di poter verificare l&#8217;accaduto e le conseguenti responsabilit\u00e0.<\/span><\/span><\/p>\n<p>&nbsp;<\/p>\n<p style=\"margin: 0cm 0cm 0pt -14.2pt; text-align: justify;\"><span style=\"line-height: 115%; font-family: 'Times New Roman','serif'; font-size: 12pt;\"><span style=\"color: #000000;\">I militari delle Compagnie Carabinieri di Foggia e Manfredonia, subito intervenuti per gli accertamenti, con non poche difficolt\u00e0, anche a causa dell&#8217;omert\u00e0 che regna in quel particolare ambiente, sono comunque riusciti a risalire al coinvolgimento dei tre feriti, nel frattempo fatti trasportare agli Ospedali Riuniti di Foggia, nella lite, probabilmente riconducibile a dissidi legati alle diverse provenienze dei soggetti presenti.<\/span><\/span><\/p>\n<p>&nbsp;<\/p>\n<p style=\"margin: 0cm 0cm 0pt -14.2pt; text-align: justify;\"><span style=\"line-height: 115%; font-family: 'Times New Roman','serif'; font-size: 12pt;\"><span style=\"color: #000000;\">Sono quindi stati identificati con certezza, anche grazie ai riscontri dattiloscopici, i tre indagati, un senegalese, cl. &#8217;95, ed un ivoriano, cl. &#8217;90, entrambi in possesso di permessi di soggiorno ormai scaduti, ed un gambiano, cl. &#8217;90, con un permesso di soggiorno ancora in corso di validit\u00e0, che, dopo le prime cure ricevute dal Pronto Soccorso, sono stati ricoverati tra i Reparti di Ortopedia e Neurochirurgia, e qui piantonati dai Carabinieri in attesa delle verifiche sulla legittimit\u00e0 della loro presenza sul territorio nazionale.<\/span><\/span><\/p>\n<p>&nbsp;<\/p>\n<p style=\"margin: 0cm 0cm 0pt -14.2pt; text-align: justify;\"><span style=\"line-height: 115%; font-family: 'Times New Roman','serif'; font-size: 12pt;\"><span style=\"color: #000000;\">Vista la gravit\u00e0 dell&#8217;episodio, infatti, Comando Provinciale dei Carabinieri, Questura, Procura della Repubblica e Prefettura si sono immediatamente attivate di concerto, nonostante il fine settimana ormai avviato, per dare una risposta a tale violenza che coniugasse l&#8217;efficacia con la legittimit\u00e0 e le tempestivit\u00e0.<\/span><\/span><\/p>\n<p>&nbsp;<\/p>\n<p style=\"margin: 0cm 0cm 0pt -14.2pt; text-align: justify;\"><span style=\"line-height: 115%; font-family: 'Times New Roman','serif'; font-size: 12pt;\"><span style=\"color: #000000;\">La concretezza del risultato di tutto questo sinergico lavoro ha poi dovuto attendere solamente le dimissioni dal luogo di cura dei tre correi.<\/span><\/span><\/p>\n<p>&nbsp;<\/p>\n<p style=\"margin: 0cm 0cm 0pt -14.2pt; text-align: justify;\"><span style=\"line-height: 115%; font-family: 'Times New Roman','serif'; font-size: 12pt;\"><span style=\"color: #000000;\">Fermo restando il procedimento penale per rissa aggravata che li vedr\u00e0 &#8220;alla sbarra&#8221;, grazie alla celerit\u00e0 della Procura della Repubblica di Foggia nell&#8217;emettere il necessario &#8220;nulla osta&#8221; gi\u00e0 martedi scorso, alla sua dimissione dall&#8217;ospedale, l&#8217;ivoriano \u00e8 stato accompagnato al C.I.E. di Bari, da dove verr\u00e0 rimpatriato, mentre gli altri due si sono visti notificare un provvedimento di ritorno nei comuni di Foggia e di Manfredonia.<\/span><\/span><\/p>\n<p>&nbsp;<\/p>\n<p style=\"margin: 0cm 0cm 0pt -14.2pt; text-align: justify;\"><span style=\"line-height: 115%; font-family: 'Times New Roman','serif'; font-size: 12pt;\"><span style=\"color: #000000;\">Le gi\u00e0 sottolineate efficacia e celerit\u00e0 cos\u00ec dimostrate dalla &#8220;squadra Stato&#8221; possono essere non solo motivo di maggiore sicurezza per la popolazione, ma soprattutto un importante monito per chi, privo dei requisiti per rimanervi, intendesse ignorare le leggi del nostro Paese.<\/span><\/span><\/p>\n<p>&nbsp;<\/p>\n","protected":false},"excerpt":{"rendered":"<p>&nbsp; Nel pomeriggio di sabato scorso la baraccopoli che costeggia la vecchia pista dell&#8217;ex aeroporto militare di Borgo Mezzanone \u00e8 stata teatro dell&#8217;ennesima rissa tra extracomunitari. &nbsp; Il fatto si \u00e8 saputo solo quando tre dei responsabili si sono presentati, malconci, al vicino C.A.R.A. chiedendo di poter essere soccorsi, in quanto vi avevano riportato ferite [&hellip;]<\/p>\n","protected":false},"author":29,"featured_media":0,"comment_status":"closed","ping_status":"closed","sticky":false,"template":"","format":"standard","meta":[],"categories":[87],"tags":[],"_links":{"self":[{"href":"http:\/\/www.prolocodeliceto.it\/zeroweb\/index.php?rest_route=\/wp\/v2\/posts\/22359"}],"collection":[{"href":"http:\/\/www.prolocodeliceto.it\/zeroweb\/index.php?rest_route=\/wp\/v2\/posts"}],"about":[{"href":"http:\/\/www.prolocodeliceto.it\/zeroweb\/index.php?rest_route=\/wp\/v2\/types\/post"}],"author":[{"embeddable":true,"href":"http:\/\/www.prolocodeliceto.it\/zeroweb\/index.php?rest_route=\/wp\/v2\/users\/29"}],"replies":[{"embeddable":true,"href":"http:\/\/www.prolocodeliceto.it\/zeroweb\/index.php?rest_route=%2Fwp%2Fv2%2Fcomments&post=22359"}],"version-history":[{"count":1,"href":"http:\/\/www.prolocodeliceto.it\/zeroweb\/index.php?rest_route=\/wp\/v2\/posts\/22359\/revisions"}],"predecessor-version":[{"id":22360,"href":"http:\/\/www.prolocodeliceto.it\/zeroweb\/index.php?rest_route=\/wp\/v2\/posts\/22359\/revisions\/22360"}],"wp:attachment":[{"href":"http:\/\/www.prolocodeliceto.it\/zeroweb\/index.php?rest_route=%2Fwp%2Fv2%2Fmedia&parent=22359"}],"wp:term":[{"taxonomy":"category","embeddable":true,"href":"http:\/\/www.prolocodeliceto.it\/zeroweb\/index.php?rest_route=%2Fwp%2Fv2%2Fcategories&post=22359"},{"taxonomy":"post_tag","embeddable":true,"href":"http:\/\/www.prolocodeliceto.it\/zeroweb\/index.php?rest_route=%2Fwp%2Fv2%2Ftags&post=22359"}],"curies":[{"name":"wp","href":"https:\/\/api.w.org\/{rel}","templated":true}]}}