{"id":22306,"date":"2018-07-03T23:16:03","date_gmt":"2018-07-03T22:16:03","guid":{"rendered":"http:\/\/www.prolocodeliceto.it\/zeroweb\/?p=22306"},"modified":"2018-07-03T23:16:03","modified_gmt":"2018-07-03T22:16:03","slug":"capitanata-turismo-estate-a-quattro-ruote","status":"publish","type":"post","link":"http:\/\/www.prolocodeliceto.it\/zeroweb\/?p=22306","title":{"rendered":"CAPITANATA, TURISMO: ESTATE A QUATTRO RUOTE"},"content":{"rendered":"<p><br style=\"color: #000000; text-transform: none; text-indent: 0px; letter-spacing: normal; font-family: 'Helvetica Neue', Helvetica, Arial, sans-serif; font-size: 13px; font-style: normal; font-weight: 400; word-spacing: 0px; white-space: normal; orphans: 2; widows: 2; background-color: #ffffff; font-variant-ligatures: normal; font-variant-caps: normal; -webkit-text-stroke-width: 0px; text-decoration-style: initial; text-decoration-color: initial;\" \/><a href=\"http:\/\/www.prolocodeliceto.it\/zeroweb\/wp-content\/uploads\/33401837_2061446537511425_5525966152087371776_o.jpg\"><img decoding=\"async\" loading=\"lazy\" class=\"alignnone size-thumbnail wp-image-22307\" src=\"http:\/\/www.prolocodeliceto.it\/zeroweb\/wp-content\/uploads\/33401837_2061446537511425_5525966152087371776_o-150x150.jpg\" alt=\"\" width=\"150\" height=\"150\" \/><\/a><br style=\"color: #000000; text-transform: none; text-indent: 0px; letter-spacing: normal; font-family: 'Helvetica Neue', Helvetica, Arial, sans-serif; font-size: 13px; font-style: normal; font-weight: 400; word-spacing: 0px; white-space: normal; orphans: 2; widows: 2; background-color: #ffffff; font-variant-ligatures: normal; font-variant-caps: normal; -webkit-text-stroke-width: 0px; text-decoration-style: initial; text-decoration-color: initial;\" \/><br style=\"color: #000000; text-transform: none; text-indent: 0px; letter-spacing: normal; font-family: 'Helvetica Neue', Helvetica, Arial, sans-serif; font-size: 13px; font-style: normal; font-weight: 400; word-spacing: 0px; white-space: normal; orphans: 2; widows: 2; background-color: #ffffff; font-variant-ligatures: normal; font-variant-caps: normal; -webkit-text-stroke-width: 0px; text-decoration-style: initial; text-decoration-color: initial;\" \/><span style=\"color: #000000; text-transform: none; text-indent: 0px; letter-spacing: normal; font-family: 'Helvetica Neue', Helvetica, Arial, sans-serif; font-size: 13px; font-style: normal; font-weight: 400; word-spacing: 0px; float: none; display: inline !important; white-space: normal; orphans: 2; widows: 2; background-color: #ffffff; font-variant-ligatures: normal; font-variant-caps: normal; -webkit-text-stroke-width: 0px; text-decoration-style: initial; text-decoration-color: initial;\">Arrivano i tour su gomma per raggiungere le mete pi\u00f9 gettonate: finalmente una collaborazione tra le realt\u00e0 turistiche di Capitanata\u00a0<\/span><br style=\"color: #000000; text-transform: none; text-indent: 0px; letter-spacing: normal; font-family: 'Helvetica Neue', Helvetica, Arial, sans-serif; font-size: 13px; font-style: normal; font-weight: 400; word-spacing: 0px; white-space: normal; orphans: 2; widows: 2; background-color: #ffffff; font-variant-ligatures: normal; font-variant-caps: normal; -webkit-text-stroke-width: 0px; text-decoration-style: initial; text-decoration-color: initial;\" \/><br style=\"color: #000000; text-transform: none; text-indent: 0px; letter-spacing: normal; font-family: 'Helvetica Neue', Helvetica, Arial, sans-serif; font-size: 13px; font-style: normal; font-weight: 400; word-spacing: 0px; white-space: normal; orphans: 2; widows: 2; background-color: #ffffff; font-variant-ligatures: normal; font-variant-caps: normal; -webkit-text-stroke-width: 0px; text-decoration-style: initial; text-decoration-color: initial;\" \/><span style=\"color: #000000; text-transform: none; text-indent: 0px; letter-spacing: normal; font-family: 'Helvetica Neue', Helvetica, Arial, sans-serif; font-size: 13px; font-style: normal; font-weight: 400; word-spacing: 0px; float: none; display: inline !important; white-space: normal; orphans: 2; widows: 2; background-color: #ffffff; font-variant-ligatures: normal; font-variant-caps: normal; -webkit-text-stroke-width: 0px; text-decoration-style: initial; text-decoration-color: initial;\">A stagione balneare oramai inoltrata \u00e8 gi\u00e0 tempo di bilanci in Capitanata. Nonostante si avverta la mancanza di infrastrutture come l\u2019aeroporto (che rappresenterebbe un sicuro volano di crescita dal punto di vista turistico e non solo), c\u2019\u00e8 chi da Manfredonia ha dato vita ad un progetto molto interessante, che collega le pi\u00f9 gettonate localit\u00e0 turistiche di Capitanata, ma che permette ulteriori possibilit\u00e0 di viaggio. Si tratta de &#8220;La Pelandra&#8221;, un\u2019associazione presieduta da Valentina Sapone, archeologa sipontina, che da poco meno di un anno, grazie a un minibus a nove posti, effettua tour personalizzabili in tutta la Puglia.\u00a0<\/span><br style=\"color: #000000; text-transform: none; text-indent: 0px; letter-spacing: normal; font-family: 'Helvetica Neue', Helvetica, Arial, sans-serif; font-size: 13px; font-style: normal; font-weight: 400; word-spacing: 0px; white-space: normal; orphans: 2; widows: 2; background-color: #ffffff; font-variant-ligatures: normal; font-variant-caps: normal; -webkit-text-stroke-width: 0px; text-decoration-style: initial; text-decoration-color: initial;\" \/><br style=\"color: #000000; text-transform: none; text-indent: 0px; letter-spacing: normal; font-family: 'Helvetica Neue', Helvetica, Arial, sans-serif; font-size: 13px; font-style: normal; font-weight: 400; word-spacing: 0px; white-space: normal; orphans: 2; widows: 2; background-color: #ffffff; font-variant-ligatures: normal; font-variant-caps: normal; -webkit-text-stroke-width: 0px; text-decoration-style: initial; text-decoration-color: initial;\" \/><span style=\"color: #000000; text-transform: none; text-indent: 0px; letter-spacing: normal; font-family: 'Helvetica Neue', Helvetica, Arial, sans-serif; font-size: 13px; font-style: normal; font-weight: 400; word-spacing: 0px; float: none; display: inline !important; white-space: normal; orphans: 2; widows: 2; background-color: #ffffff; font-variant-ligatures: normal; font-variant-caps: normal; -webkit-text-stroke-width: 0px; text-decoration-style: initial; text-decoration-color: initial;\">In una terra dove troppo spesso \u00e8 mancato il coordinamento tra Comuni, dove si \u00e8 fatto poco \u201cbrand\u201d, La Pelandra si \u00e8 proposta come trait d\u2019union tra le mille sfaccettature di una terra fantastica. Nove i tour gi\u00e0 all&#8217;attivo, che hanno come destinazioni alcune tra le pi\u00f9 significative realt\u00e0 archeologiche, storico-artistiche e paesaggistiche della provincia di Foggia: Manfredonia, Monte Sant&#8217;Angelo, Mattinata, San Severo, Lucera, Vieste, San Marco in Lamis, Pulsano, San Giovanni Rotondo. Di questo e di quelli che potrebbero essere definiti gli \u201cstati generali del turismo di Capitanata si parler\u00e0 in una conferenza stampa che avr\u00e0 luogo gioved\u00ec 5 luglio 2018, alle ore 17.30, a Palazzo Dogana a Foggia.\u00a0<\/span><br style=\"color: #000000; text-transform: none; text-indent: 0px; letter-spacing: normal; font-family: 'Helvetica Neue', Helvetica, Arial, sans-serif; font-size: 13px; font-style: normal; font-weight: 400; word-spacing: 0px; white-space: normal; orphans: 2; widows: 2; background-color: #ffffff; font-variant-ligatures: normal; font-variant-caps: normal; -webkit-text-stroke-width: 0px; text-decoration-style: initial; text-decoration-color: initial;\" \/><br style=\"color: #000000; text-transform: none; text-indent: 0px; letter-spacing: normal; font-family: 'Helvetica Neue', Helvetica, Arial, sans-serif; font-size: 13px; font-style: normal; font-weight: 400; word-spacing: 0px; white-space: normal; orphans: 2; widows: 2; background-color: #ffffff; font-variant-ligatures: normal; font-variant-caps: normal; -webkit-text-stroke-width: 0px; text-decoration-style: initial; text-decoration-color: initial;\" \/><span style=\"color: #000000; text-transform: none; text-indent: 0px; letter-spacing: normal; font-family: 'Helvetica Neue', Helvetica, Arial, sans-serif; font-size: 13px; font-style: normal; font-weight: 400; word-spacing: 0px; float: none; display: inline !important; white-space: normal; orphans: 2; widows: 2; background-color: #ffffff; font-variant-ligatures: normal; font-variant-caps: normal; -webkit-text-stroke-width: 0px; text-decoration-style: initial; text-decoration-color: initial;\">Saranno presenti l&#8217;assessore regionale Raffaele Piemontese, il parlamentare Antonio Tasso, il consigliere regionale, vice presidente del Consiglio regionale ed ex presidente del Parco del Gargano Giandiego Gatta, la consigliera regionale Rosa Barone, il presidente della Provincia di Foggia Francesco Miglio e l&#8217;assessore alla cultura del Comune di Foggia, Anna Paola Giuliani, oltre a Valentina Sapone, vincitrice con \u201cLa Pelandra\u201d di un bando Pin della Regione Puglia.\u00a0<\/span><br style=\"color: #000000; text-transform: none; text-indent: 0px; letter-spacing: normal; font-family: 'Helvetica Neue', Helvetica, Arial, sans-serif; font-size: 13px; font-style: normal; font-weight: 400; word-spacing: 0px; white-space: normal; orphans: 2; widows: 2; background-color: #ffffff; font-variant-ligatures: normal; font-variant-caps: normal; -webkit-text-stroke-width: 0px; text-decoration-style: initial; text-decoration-color: initial;\" \/><br style=\"color: #000000; text-transform: none; text-indent: 0px; letter-spacing: normal; font-family: 'Helvetica Neue', Helvetica, Arial, sans-serif; font-size: 13px; font-style: normal; font-weight: 400; word-spacing: 0px; white-space: normal; orphans: 2; widows: 2; background-color: #ffffff; font-variant-ligatures: normal; font-variant-caps: normal; -webkit-text-stroke-width: 0px; text-decoration-style: initial; text-decoration-color: initial;\" \/><span style=\"color: #000000; text-transform: none; text-indent: 0px; letter-spacing: normal; font-family: 'Helvetica Neue', Helvetica, Arial, sans-serif; font-size: 13px; font-style: normal; font-weight: 400; word-spacing: 0px; float: none; display: inline !important; white-space: normal; orphans: 2; widows: 2; background-color: #ffffff; font-variant-ligatures: normal; font-variant-caps: normal; -webkit-text-stroke-width: 0px; text-decoration-style: initial; text-decoration-color: initial;\">A coronamento dell&#8217;evento a Palazzo Dogana, al termine della conferenza stampa, Luigi di Tuccio, patron di &#8220;Antica Enotria&#8221;, presenter\u00e0 i vini di sua produzione. A moderare il convegno sar\u00e0 il giornalista Piero Russo.\u00a0<\/span><\/p>\n","protected":false},"excerpt":{"rendered":"<p>Arrivano i tour su gomma per raggiungere le mete pi\u00f9 gettonate: finalmente una collaborazione tra le realt\u00e0 turistiche di Capitanata\u00a0A stagione balneare oramai inoltrata \u00e8 gi\u00e0 tempo di bilanci in Capitanata. Nonostante si avverta la mancanza di infrastrutture come l\u2019aeroporto (che rappresenterebbe un sicuro volano di crescita dal punto di vista turistico e non solo), [&hellip;]<\/p>\n","protected":false},"author":29,"featured_media":22307,"comment_status":"closed","ping_status":"closed","sticky":false,"template":"","format":"standard","meta":[],"categories":[87],"tags":[],"_links":{"self":[{"href":"http:\/\/www.prolocodeliceto.it\/zeroweb\/index.php?rest_route=\/wp\/v2\/posts\/22306"}],"collection":[{"href":"http:\/\/www.prolocodeliceto.it\/zeroweb\/index.php?rest_route=\/wp\/v2\/posts"}],"about":[{"href":"http:\/\/www.prolocodeliceto.it\/zeroweb\/index.php?rest_route=\/wp\/v2\/types\/post"}],"author":[{"embeddable":true,"href":"http:\/\/www.prolocodeliceto.it\/zeroweb\/index.php?rest_route=\/wp\/v2\/users\/29"}],"replies":[{"embeddable":true,"href":"http:\/\/www.prolocodeliceto.it\/zeroweb\/index.php?rest_route=%2Fwp%2Fv2%2Fcomments&post=22306"}],"version-history":[{"count":1,"href":"http:\/\/www.prolocodeliceto.it\/zeroweb\/index.php?rest_route=\/wp\/v2\/posts\/22306\/revisions"}],"predecessor-version":[{"id":22308,"href":"http:\/\/www.prolocodeliceto.it\/zeroweb\/index.php?rest_route=\/wp\/v2\/posts\/22306\/revisions\/22308"}],"wp:featuredmedia":[{"embeddable":true,"href":"http:\/\/www.prolocodeliceto.it\/zeroweb\/index.php?rest_route=\/wp\/v2\/media\/22307"}],"wp:attachment":[{"href":"http:\/\/www.prolocodeliceto.it\/zeroweb\/index.php?rest_route=%2Fwp%2Fv2%2Fmedia&parent=22306"}],"wp:term":[{"taxonomy":"category","embeddable":true,"href":"http:\/\/www.prolocodeliceto.it\/zeroweb\/index.php?rest_route=%2Fwp%2Fv2%2Fcategories&post=22306"},{"taxonomy":"post_tag","embeddable":true,"href":"http:\/\/www.prolocodeliceto.it\/zeroweb\/index.php?rest_route=%2Fwp%2Fv2%2Ftags&post=22306"}],"curies":[{"name":"wp","href":"https:\/\/api.w.org\/{rel}","templated":true}]}}