{"id":22265,"date":"2018-06-28T13:42:33","date_gmt":"2018-06-28T12:42:33","guid":{"rendered":"http:\/\/www.prolocodeliceto.it\/zeroweb\/?p=22265"},"modified":"2018-06-28T13:42:33","modified_gmt":"2018-06-28T12:42:33","slug":"festival-del-turismo-responsabile","status":"publish","type":"post","link":"http:\/\/www.prolocodeliceto.it\/zeroweb\/?p=22265","title":{"rendered":"FESTIVAL DEL TURISMO RESPONSABILE"},"content":{"rendered":"<p align=\"center\"><a href=\"http:\/\/www.prolocodeliceto.it\/zeroweb\/wp-content\/uploads\/image001.png\"><img decoding=\"async\" loading=\"lazy\" class=\"alignnone size-thumbnail wp-image-22180\" src=\"http:\/\/www.prolocodeliceto.it\/zeroweb\/wp-content\/uploads\/image001-150x102.png\" alt=\"\" width=\"150\" height=\"102\" \/><\/a><\/p>\n<p class=\"ox-1a6ce5aee1-MsoNormal\" align=\"center\">Con il patrocinio del GAL Meridaunia<br \/>\n<b>Al via IT.A.C\u00c1 \u2013 MONTI DAUNI, FESTIVAL DEL TURISMO RESPONSABILE<br \/>\n<\/b><i>A Biccari, dal 28 giugno al 1 luglio 2018<br \/>\n<\/i><b><i>Incontri, degustazioni, musica, workshop, mostre, escursioni ed esperienze sotto Il tetto<\/i><\/b><b><i><\/i><\/b><\/p>\n<p class=\"ox-1a6ce5aee1-MsoNormal\">Meridaunia ha patrocinato e sostiene la prima edizione dei Monti Dauni del Festival del Turismo Sostenibile, la decima a livello nazionale. Una manifestazione di 4 giorni organizzata e promossa dalla Cooperativa di Comunit\u00e0 di Biccari, una realt\u00e0 che opera sul territorio per la promozione delle politiche di sviluppo sostenibile e di turismo condiviso e partecipato.<\/p>\n<p class=\"ox-1a6ce5aee1-MsoNormal\">Il presidente del GAL<b>\u00a0Alberto Casoria<\/b>\u00a0sar\u00e0 presente al tavolo dei relatori dell\u2019incontro-dibattito che si terr\u00e0 gioved\u00ec 28 giugno alle ore 18.30 in piazza Municipio dal titolo: \u2018<b><i>Il Turismo Responsabile: una nuova opportunit\u00e0 per i Monti Dauni?<\/i><\/b>\u2019, un tema a cui Meridaunia pone grande attenzione, testimoniata anche dai bandi in via di pubblicazione, in attuazione del Piano di Azione locale, finalizzati a promuovere il turismo sostenibile del territorio e a stimolare la ricettivit\u00e0 dei piccoli centri dauni in piena coerenza con la vocazione turistica dei luoghi.<\/p>\n<p class=\"ox-1a6ce5aee1-MsoNormal\">\n<p class=\"ox-1a6ce5aee1-MsoNormal\">Quattro giorni di appuntamenti ed eventi da seguire per comprendere il percorso di sviluppo del turismo dei Monti Dauni partendo dalle esperienze positive di altre realt\u00e0 rurali italiane. E ancora, mercatini, corsi di formazione, workshop tematici, degustazioni, musica e balli popolari.<\/p>\n<p class=\"ox-1a6ce5aee1-MsoNormal\">\n<p class=\"ox-1a6ce5aee1-MsoNormal\">Infine, domenica 01 luglio alle ore 9.30 partir\u00e0 dal Lago Pescara un\u2019escursione in mountain bike per circa 25 km con 500mt di dislivello fino al rifugio di Monte Cornacchia che, con i suoi 1.151mt, \u00e8 il punto pi\u00f9 alto di Puglia guidata da due guide esperte che racconteranno il territorio nella sua diversit\u00e0!<\/p>\n","protected":false},"excerpt":{"rendered":"<p>Con il patrocinio del GAL Meridaunia Al via IT.A.C\u00c1 \u2013 MONTI DAUNI, FESTIVAL DEL TURISMO RESPONSABILE A Biccari, dal 28 giugno al 1 luglio 2018 Incontri, degustazioni, musica, workshop, mostre, escursioni ed esperienze sotto Il tetto Meridaunia ha patrocinato e sostiene la prima edizione dei Monti Dauni del Festival del Turismo Sostenibile, la decima a [&hellip;]<\/p>\n","protected":false},"author":29,"featured_media":22180,"comment_status":"closed","ping_status":"closed","sticky":false,"template":"","format":"standard","meta":[],"categories":[7,86],"tags":[],"_links":{"self":[{"href":"http:\/\/www.prolocodeliceto.it\/zeroweb\/index.php?rest_route=\/wp\/v2\/posts\/22265"}],"collection":[{"href":"http:\/\/www.prolocodeliceto.it\/zeroweb\/index.php?rest_route=\/wp\/v2\/posts"}],"about":[{"href":"http:\/\/www.prolocodeliceto.it\/zeroweb\/index.php?rest_route=\/wp\/v2\/types\/post"}],"author":[{"embeddable":true,"href":"http:\/\/www.prolocodeliceto.it\/zeroweb\/index.php?rest_route=\/wp\/v2\/users\/29"}],"replies":[{"embeddable":true,"href":"http:\/\/www.prolocodeliceto.it\/zeroweb\/index.php?rest_route=%2Fwp%2Fv2%2Fcomments&post=22265"}],"version-history":[{"count":1,"href":"http:\/\/www.prolocodeliceto.it\/zeroweb\/index.php?rest_route=\/wp\/v2\/posts\/22265\/revisions"}],"predecessor-version":[{"id":22266,"href":"http:\/\/www.prolocodeliceto.it\/zeroweb\/index.php?rest_route=\/wp\/v2\/posts\/22265\/revisions\/22266"}],"wp:featuredmedia":[{"embeddable":true,"href":"http:\/\/www.prolocodeliceto.it\/zeroweb\/index.php?rest_route=\/wp\/v2\/media\/22180"}],"wp:attachment":[{"href":"http:\/\/www.prolocodeliceto.it\/zeroweb\/index.php?rest_route=%2Fwp%2Fv2%2Fmedia&parent=22265"}],"wp:term":[{"taxonomy":"category","embeddable":true,"href":"http:\/\/www.prolocodeliceto.it\/zeroweb\/index.php?rest_route=%2Fwp%2Fv2%2Fcategories&post=22265"},{"taxonomy":"post_tag","embeddable":true,"href":"http:\/\/www.prolocodeliceto.it\/zeroweb\/index.php?rest_route=%2Fwp%2Fv2%2Ftags&post=22265"}],"curies":[{"name":"wp","href":"https:\/\/api.w.org\/{rel}","templated":true}]}}