{"id":22254,"date":"2018-06-26T15:33:07","date_gmt":"2018-06-26T14:33:07","guid":{"rendered":"http:\/\/www.prolocodeliceto.it\/zeroweb\/?p=22254"},"modified":"2018-06-26T15:36:04","modified_gmt":"2018-06-26T14:36:04","slug":"i-carabinieri-arrestano-cinque-persone-e-ne-denunciano-altre-due","status":"publish","type":"post","link":"http:\/\/www.prolocodeliceto.it\/zeroweb\/?p=22254","title":{"rendered":"I CARABINIERI ARRESTANO CINQUE PERSONE E NE DENUNCIANO ALTRE DUE"},"content":{"rendered":"<p><a href=\"http:\/\/www.prolocodeliceto.it\/zeroweb\/wp-content\/uploads\/carabinieri-arresto.jpg\"><img decoding=\"async\" loading=\"lazy\" class=\"alignnone size-thumbnail wp-image-22041\" src=\"http:\/\/www.prolocodeliceto.it\/zeroweb\/wp-content\/uploads\/carabinieri-arresto-150x150.jpg\" alt=\"\" width=\"150\" height=\"150\" \/><\/a><\/p>\n<p><span style=\"line-height: 115%; font-family: 'Times New Roman','serif'; font-size: 12pt;\"><span style=\"color: #000000;\">Fine settimana movimento per i Carabinieri della Compagnia di Cerignola che, tra la serata di venerd\u00ec e la domenica hanno tratto in arresto cinque persone, deferendone in stato di libert\u00e0 ulteriori due. In particolare, i militari, anche grazie al prezioso supporto di un velivolo del 6\u00b0 Elinucleo di Bari-Palese, e alla collaborazione di due unit\u00e0 cinofile, una antidroga e una per la ricerca di esplosivi, hanno sorpreso tutti e cinque gli arrestati in flagranza per reati che vanno dalla detenzione ai fini di spaccio di stupefacenti, all\u2019evasione e alla resistenza a pubblico ufficiale.<\/span><\/span><\/p>\n<p><span style=\"line-height: 115%; font-family: 'Times New Roman','serif'; font-size: 12pt;\"><span style=\"color: #000000;\">A Margherita di Savoia i Carabinieri della locale Stazione hanno tratto in arresto RONZULLI GABRIELE, cl. &#8217;64, pluripregiudicato del posto. Durante un\u2019accurata perquisizione domiciliare, il cane antidroga ha indicato ai militari di controllare il cestino dell\u2019immondizia. Svuotatolo, al di sotto di un cumulo di pattume i militari hanno rinvenivano 28 dosi di hashish, del peso di circa 21 grammi. Per il RONZULLI, non nuovo ad episodi di spaccio di droga, quindi, sono scattati gli arresti domiciliari, cos\u00ec come disposto dal Pubblico Ministero di turno.<\/span><\/span><\/p>\n<p><span style=\"line-height: 115%; font-family: 'Times New Roman','serif'; font-size: 12pt;\"><span style=\"color: #000000;\">A Cerignola, invece, i Carabinieri dell\u2019Aliquota Radiomobile del NORM hanno arrestato CIRULLI ANTONIO, cl. &#8217;90, pregiudicato cerignolano. I militari, intervenuti a casa sua su segnalazione del 118, che vi aveva inviato un\u2019ambulanza su richiesta dei genitori del CIRULLI a causa del suo grave stato di agitazione dovuto all\u2019abuso di alcol e droga, sono stati fatti oggetto di gravi offese e minacce da parte dell&#8217;esagitato che, ad un certo punto, \u00e8 addirittura balzato dal balcone di casa, scagliandosi contro i militari che, per bloccarlo, si sono visti costretti a far ricorso alla forza. Finalmente ammanettato, il CIRULLI \u00e8 stato dichiarato in arresto per resistenza a pubblico ufficiale e, a causa della gravit\u00e0 della condotta tenuta, \u00e8 stato poi rinchiuso nel carcere di Foggia.<\/span><\/span><\/p>\n<p><span style=\"line-height: 115%; font-family: 'Times New Roman','serif'; font-size: 12pt;\"><span style=\"color: #000000;\">Per resistenza a pubblico ufficiale \u00e8 finito in manette anche CALVIO GIUSEPPE, cl. &#8217;93, incensurato cerignolano, il quale, alla guida della propria auto, non si era fermato all\u2019alt intimatogli da una pattuglia della Stazione di Cerignola e si era dato alla fuga per le vie del centro cittadino, venendo infine bloccato nei pressi della propria abitazione nel quartiere \u201cTorricelli\u201d. Il giovane \u00e8 stato sottoposto agli arresti domiciliari.<\/span><\/span><\/p>\n<p><span style=\"line-height: 115%; font-family: 'Times New Roman','serif'; font-size: 12pt;\"><span style=\"color: #000000;\">Sempre a Cerignola, infine, doppio arresto per evasione effettuato ancora dai Carabinieri della Stazione di Cerignola. Si tratta di MONOPOLI FABRIZIO, cl. &#8217;91, e TARANTINO ANTONIO, cl. &#8217;90, entrambi pregiudicati e sottoposti ai domiciliari per reati inerenti lo spaccio di sostanze stupefacenti. Entrambi sono stati sorpresi dai militari all\u2019esterno delle rispettive abitazioni, ed entrambi sono stati risottoposti agli arresti domiciliari.<\/span><\/span><\/p>\n<p><span style=\"line-height: 115%; font-family: 'Times New Roman','serif'; font-size: 12pt;\"><span style=\"color: #000000;\">GIOVANE RIFUGIATO ORIGINARIO DELLA GUINEA SI INTRODUCE DI NASCOSTO NEL C.A.R.A. DI BORGO MEZZANONE E DEVASTA LA MENSA.<\/span><\/span><\/p>\n<p>Nella notte tra sabato e domenica scorsi i Carabinieri della Stazione di Zapponeta, unitamente ai militari della Stazione di Stornara, hanno tratto in arresto nella flagranza di reato per resistenza a Pubblico Ufficiale e danneggiamento aggravato il 20enne PERETE Bangal, originario della Guinea e titolare di un permesso di soggiorno per motivi umanitari<strong>.<\/strong><\/p>\n<p>Nel Centro Accoglienza Richiedenti Asilo di Manfredonia, in localit\u00e0 Borgo Mezzanone, durante la notte, i militari di servizio erano stati allarmati da rumori provenienti dal locale adibito a sala mensa. Immediatamente accorsi sul posto, vi avevano sorpreso il giovane che, dopo aver sfondato la porta di ingresso, si era introdotto nel locale e aveva distrutto ogni arredo della sala.<\/p>\n<p>Solo dopo notevoli sforzi, e adoperando la necessaria forza per contenerlo, i militari erano riusciti a immobilizzare l&#8217;esagitato e a condurlo presso gli uffici della Compagnia Carabinieri di Manfredonia per gli accertamenti sulla sua identit\u00e0, essendo, al momento, privo di qualsiasi documento.<\/p>\n<p>Si \u00e8 cos\u00ec appurato che il ragazzo della Guinea, in passato gi\u00e0 ospite del C.A.R.A., ne era stato dimesso, e aveva probabilmente trovato sistemazione in qualche baracca presente lungo la vicina \u201cex pista\u201d, situata all\u2019esterno del Centro Accoglienza. Lo stesso \u00e8 inoltre risultato titolare di regolare permesso di soggiorno, in corso di validit\u00e0, per motivi umanitari.<\/p>\n<p>Inspiegabili al momento le motivazioni poste alla base del gesto.<\/p>\n<p>Al termine delle formalit\u00e0, il PERETE \u00e8 stato dichiarato in arresto e tradotto dagli uomini dell\u2019Arma presso il carcere di Foggia, a disposizione dell\u2019Autorit\u00e0 Giudiziaria.<\/p>\n<p>&nbsp;<\/p>\n","protected":false},"excerpt":{"rendered":"<p>Fine settimana movimento per i Carabinieri della Compagnia di Cerignola che, tra la serata di venerd\u00ec e la domenica hanno tratto in arresto cinque persone, deferendone in stato di libert\u00e0 ulteriori due. In particolare, i militari, anche grazie al prezioso supporto di un velivolo del 6\u00b0 Elinucleo di Bari-Palese, e alla collaborazione di due unit\u00e0 [&hellip;]<\/p>\n","protected":false},"author":29,"featured_media":22041,"comment_status":"closed","ping_status":"closed","sticky":false,"template":"","format":"standard","meta":[],"categories":[87],"tags":[],"_links":{"self":[{"href":"http:\/\/www.prolocodeliceto.it\/zeroweb\/index.php?rest_route=\/wp\/v2\/posts\/22254"}],"collection":[{"href":"http:\/\/www.prolocodeliceto.it\/zeroweb\/index.php?rest_route=\/wp\/v2\/posts"}],"about":[{"href":"http:\/\/www.prolocodeliceto.it\/zeroweb\/index.php?rest_route=\/wp\/v2\/types\/post"}],"author":[{"embeddable":true,"href":"http:\/\/www.prolocodeliceto.it\/zeroweb\/index.php?rest_route=\/wp\/v2\/users\/29"}],"replies":[{"embeddable":true,"href":"http:\/\/www.prolocodeliceto.it\/zeroweb\/index.php?rest_route=%2Fwp%2Fv2%2Fcomments&post=22254"}],"version-history":[{"count":3,"href":"http:\/\/www.prolocodeliceto.it\/zeroweb\/index.php?rest_route=\/wp\/v2\/posts\/22254\/revisions"}],"predecessor-version":[{"id":22257,"href":"http:\/\/www.prolocodeliceto.it\/zeroweb\/index.php?rest_route=\/wp\/v2\/posts\/22254\/revisions\/22257"}],"wp:featuredmedia":[{"embeddable":true,"href":"http:\/\/www.prolocodeliceto.it\/zeroweb\/index.php?rest_route=\/wp\/v2\/media\/22041"}],"wp:attachment":[{"href":"http:\/\/www.prolocodeliceto.it\/zeroweb\/index.php?rest_route=%2Fwp%2Fv2%2Fmedia&parent=22254"}],"wp:term":[{"taxonomy":"category","embeddable":true,"href":"http:\/\/www.prolocodeliceto.it\/zeroweb\/index.php?rest_route=%2Fwp%2Fv2%2Fcategories&post=22254"},{"taxonomy":"post_tag","embeddable":true,"href":"http:\/\/www.prolocodeliceto.it\/zeroweb\/index.php?rest_route=%2Fwp%2Fv2%2Ftags&post=22254"}],"curies":[{"name":"wp","href":"https:\/\/api.w.org\/{rel}","templated":true}]}}