{"id":22240,"date":"2018-06-23T14:58:17","date_gmt":"2018-06-23T13:58:17","guid":{"rendered":"http:\/\/www.prolocodeliceto.it\/zeroweb\/?p=22240"},"modified":"2018-06-23T15:02:19","modified_gmt":"2018-06-23T14:02:19","slug":"i-carabinieri-scoprono-una-discarica-abusiva-ad-apricena","status":"publish","type":"post","link":"http:\/\/www.prolocodeliceto.it\/zeroweb\/?p=22240","title":{"rendered":"I CARABINIERI SCOPRONO UNA DISCARICA ABUSIVA AD APRICENA."},"content":{"rendered":"<p>&nbsp;<\/p>\n<p><a href=\"http:\/\/www.prolocodeliceto.it\/zeroweb\/wp-content\/uploads\/Immagine3-1.jpg\"><img decoding=\"async\" loading=\"lazy\" class=\"alignnone size-thumbnail wp-image-22241\" src=\"http:\/\/www.prolocodeliceto.it\/zeroweb\/wp-content\/uploads\/Immagine3-1-150x150.jpg\" alt=\"\" width=\"150\" height=\"150\" \/><\/a>\u00a0<a href=\"http:\/\/www.prolocodeliceto.it\/zeroweb\/wp-content\/uploads\/Immagine1-39.jpg\"><img decoding=\"async\" loading=\"lazy\" class=\"alignnone size-thumbnail wp-image-22242\" src=\"http:\/\/www.prolocodeliceto.it\/zeroweb\/wp-content\/uploads\/Immagine1-39-150x150.jpg\" alt=\"\" width=\"150\" height=\"150\" \/><\/a>\u00a0 <a href=\"http:\/\/www.prolocodeliceto.it\/zeroweb\/wp-content\/uploads\/Immagine4-7.jpg\"><img decoding=\"async\" loading=\"lazy\" class=\"alignnone size-thumbnail wp-image-22243\" src=\"http:\/\/www.prolocodeliceto.it\/zeroweb\/wp-content\/uploads\/Immagine4-7-150x150.jpg\" alt=\"\" width=\"150\" height=\"150\" \/><\/a><\/p>\n<p style=\"margin: 0cm 0cm 0pt; text-align: justify; line-height: 150%;\"><span style=\"line-height: 150%; font-family: 'Times New Roman','serif'; font-size: 12pt; mso-bidi-font-size: 11.0pt;\"><span style=\"color: #000000;\">I Carabinieri della locale Stazione, nel corso di una specifica attivit\u00e0 di controllo nelle aree rurali, hanno scoperto una pericolosissima discarica abusiva allestita nelle campagne di Apricena, in pieno Parco del Gargano.<\/span><\/span><\/p>\n<p>&nbsp;<\/p>\n<p style=\"margin: 0cm 0cm 0pt; text-align: justify; line-height: 150%;\"><span style=\"line-height: 150%; font-family: 'Times New Roman','serif'; font-size: 12pt; mso-bidi-font-size: 11.0pt;\"><span style=\"color: #000000;\">I militari si stavano apprestando ad ispezionare un&#8217;azienda zootecnica del posto e, appena fattovi ingresso, si sono ritrovati davanti a numerosi bovini che stavano pascolando nel bel mezzo di un&#8217;impressionante distesa di rifiuti. Addentrandosi pi\u00f9 in profondit\u00e0 all\u2019interno dei terreni della masseria, parzialmente nascosti dalla vegetazione, i Carabinieri hanno anche sorpreso due uomini che, a bordo di muletto e trattore, erano intenti a scaricare alcune ecoballe. Dopo averli bloccati, i Carabinieri hanno fatto intervenire sul posto anche i colleghi del Comando Gruppo Carabinieri Forestale di Foggia, con i quali hanno poi esteso l\u2019ispezione a tutta l\u2019aerea interessata, verificando la presenza di migliaia di tonnellate di rifiuti solidi urbani che erano gi\u00e0 stati sistemati e occultati. <\/span><\/span><\/p>\n<p>&nbsp;<\/p>\n<p style=\"margin: 0cm 0cm 0pt; text-align: justify; line-height: 150%;\"><span style=\"line-height: 150%; font-family: 'Times New Roman','serif'; font-size: 12pt; mso-bidi-font-size: 11.0pt;\"><span style=\"color: #000000;\">Dal sopralluogo \u00e8 stato inoltre possibile appurare che erano stati gi\u00e0 creati vari altri piazzali, che avrebbero potuto ancora contenere nuove impressionanti quantit\u00e0 di immondizia.<\/span><\/span><\/p>\n<p>&nbsp;<\/p>\n<p style=\"margin: 0cm 0cm 0pt; text-align: justify; line-height: 150%;\"><span style=\"line-height: 150%; font-family: 'Times New Roman','serif'; font-size: 12pt; mso-bidi-font-size: 11.0pt;\"><span style=\"color: #000000;\">Dai preliminari accertamenti effettuati sul posto \u00e8 stato possibile quantificare in circa 20.000 tonnellate i rifiuti gi\u00e0 presenti a terra.<\/span><\/span><\/p>\n<p>&nbsp;<\/p>\n<p style=\"margin: 0cm 0cm 0pt; text-align: justify; line-height: 150%;\"><span style=\"line-height: 150%; font-family: 'Times New Roman','serif'; font-size: 12pt; mso-bidi-font-size: 11.0pt;\"><span style=\"color: #000000;\">Come gi\u00e0 accennato, i Carabinieri hanno individuato una trentina di bovini che stavano pascolando tra le immondizie e che sono stati immediatamente sequestrati per sottoporli ad accertamenti veterinari.<\/span><\/span><\/p>\n<p>&nbsp;<\/p>\n<p style=\"margin: 0cm 0cm 0pt; text-align: justify; line-height: 150%;\"><span style=\"line-height: 150%; font-family: 'Times New Roman','serif'; font-size: 12pt; mso-bidi-font-size: 11.0pt;\"><span style=\"color: #000000;\">I due uomini presenti sul posto e intenti a \u201clavorare\u201d i rifiuti sono stati denunciati per i reati di \u201cgestione illecita di rifiuti\u201d e per \u201cdistruzione e deturpamento di bellezze naturali\u201d, in quanto l\u2019intera area di stoccaggio ricade all\u2019interno del Parco Nazionale del Gargano.<\/span><\/span><\/p>\n<p>&nbsp;<\/p>\n<p style=\"margin: 0cm 0cm 0pt; text-align: justify; line-height: 150%;\"><span style=\"line-height: 150%; font-family: 'Times New Roman','serif'; font-size: 12pt; mso-bidi-font-size: 11.0pt;\"><span style=\"color: #000000;\">Fortunatamente la scoperta dei Carabinieri, che hanno posto i mezzi presenti e l\u2019intera area sotto sequestro per ulteriori accertamenti relativi anche all\u2019inquinamento del terreno, ha impedito il protrarsi dell\u2019illecito smaltimento, evitando cos\u00ec il peggioramento di una gi\u00e0 gravissima situazione di inquinamento ambientale nel cuore del polmone verde della Capitanata.<\/span><a name=\"_GoBack\"><\/a><\/span><\/p>\n<p>&nbsp;<\/p>\n<p>Nella serata di ieri, a Vieste, i Carabinieri della locale Tenenza, unitamente ai colleghi della Compagnia di Intervento Operativo di Bari, hanno tratto in arresto in flagranza di reato un cittadino rumeno di 26 anni, TUDOR Marius Florinel, con le gravi accuse di maltrattamenti contro familiari e sequestro di persona.<\/p>\n<p>Su disposizione della Centrale Operativa della Compagnia di Manfredonia, una pattuglia della Tenenza di Vieste \u00e8 intervenuta presso una &#8220;braceria&#8221; di Vieste, dove era stato segnalato un individuo che, armato di coltello, aveva minacciato alcuni dipendenti. Giunti immediatamente sul posto, ai militari veniva confermato che poco prima una dipendente era stata portata via con la forza e sotto la minaccia di un coltello dal suo ex compagno, del quale veniva per\u00f2 fornita solo una sommaria descrizione. I Carabinieri si sono quindi immediatamente attivati nella ricerca dei due, imbattendosi poco dopo in una giovane donna rumena che, ancora visibilmente scossa, riferiva loro di essere appena riuscita a sfuggire al proprio sequestratore. La ragazza raccontava quindi che circa un&#8217;ora prima, nel rientrare nella propria stanza, occupata insieme ad una collega sopra al ristorante, aveva notato la porta d\u2019ingresso socchiusa, e che erano spariti i documenti. Tale circostanza l&#8217;aveva preoccupata, facendole subito sospettare che c&#8217;entrasse in qualche modo il proprio ex fidanzato, TUDOR Marius Florinel, dal quale si era recentemente lasciata per il suo carattere irascibile e violento. Ed infatti, all&#8217;improvviso il TUDOR Marius, dopo aver sfondato con un calcio la porta della stanza, l&#8217;aveva afferrata per i capelli e, minacciandola con un grosso coltello da cucina, l&#8217;aveva trascinata fuori, lasciando all&#8217;interno la sola sua coinquilina in preda al terrore. Si erano cos\u00ec incamminati per circa 200 metri lungo una strada di campagna, sino ad una baracca abbandonata, dove l&#8217;aveva costretta ad entrare. A questo punto per\u00f2, il TUDOR, allarmato dall&#8217;avvicinarsi delle sirene delle pattuglie dei Carabinieri, dopo averla minacciata di morte affinch\u00e9 non chiedesse aiuto, si era distratto nel tentativo di barricare gli accessi, e lei ne aveva approfittato per fuggire, andando infine incontro ai militari che stavano pattugliando i paraggi.<\/p>\n<p>Un&#8217;altra squadra di Carabinieri, che intanto aveva proseguito le ricerche, era riuscita a rintracciare il fuggiasco presso una stazione di servizio, con ancora addosso il coltellaccio usato poco prima.<\/p>\n<p>L\u2019immediata attivit\u00e0 di indagine, espletata anche attraverso l\u2019escussione di tutte le persone presenti ed informate sui fatti, in merito non solo ai fatti della serata stessa bens\u00ec anche per le violenze precedenti, ha cos\u00ec consentito in brevissimo tempo ai Carabinieri di Vieste di acclarare la veridicit\u00e0 e concretezza di importanti elementi di colpevolezza a carico di TUDOR, che \u00e8 quindi stato tratto in arresto con le gravi ipotesi di reato di sequestro di persona e maltrattamenti contro familiari.<\/p>\n<p>Al termine delle formalit\u00e0 l\u2019uomo \u00e8 stato portato al carcere di Foggia, a disposizione dell\u2019Autorit\u00e0 Giudiziaria.<\/p>\n<p>&nbsp;<\/p>\n","protected":false},"excerpt":{"rendered":"<p>&nbsp; \u00a0\u00a0 I Carabinieri della locale Stazione, nel corso di una specifica attivit\u00e0 di controllo nelle aree rurali, hanno scoperto una pericolosissima discarica abusiva allestita nelle campagne di Apricena, in pieno Parco del Gargano. &nbsp; I militari si stavano apprestando ad ispezionare un&#8217;azienda zootecnica del posto e, appena fattovi ingresso, si sono ritrovati davanti a [&hellip;]<\/p>\n","protected":false},"author":29,"featured_media":22242,"comment_status":"closed","ping_status":"closed","sticky":false,"template":"","format":"standard","meta":[],"categories":[7,86],"tags":[],"_links":{"self":[{"href":"http:\/\/www.prolocodeliceto.it\/zeroweb\/index.php?rest_route=\/wp\/v2\/posts\/22240"}],"collection":[{"href":"http:\/\/www.prolocodeliceto.it\/zeroweb\/index.php?rest_route=\/wp\/v2\/posts"}],"about":[{"href":"http:\/\/www.prolocodeliceto.it\/zeroweb\/index.php?rest_route=\/wp\/v2\/types\/post"}],"author":[{"embeddable":true,"href":"http:\/\/www.prolocodeliceto.it\/zeroweb\/index.php?rest_route=\/wp\/v2\/users\/29"}],"replies":[{"embeddable":true,"href":"http:\/\/www.prolocodeliceto.it\/zeroweb\/index.php?rest_route=%2Fwp%2Fv2%2Fcomments&post=22240"}],"version-history":[{"count":3,"href":"http:\/\/www.prolocodeliceto.it\/zeroweb\/index.php?rest_route=\/wp\/v2\/posts\/22240\/revisions"}],"predecessor-version":[{"id":22246,"href":"http:\/\/www.prolocodeliceto.it\/zeroweb\/index.php?rest_route=\/wp\/v2\/posts\/22240\/revisions\/22246"}],"wp:featuredmedia":[{"embeddable":true,"href":"http:\/\/www.prolocodeliceto.it\/zeroweb\/index.php?rest_route=\/wp\/v2\/media\/22242"}],"wp:attachment":[{"href":"http:\/\/www.prolocodeliceto.it\/zeroweb\/index.php?rest_route=%2Fwp%2Fv2%2Fmedia&parent=22240"}],"wp:term":[{"taxonomy":"category","embeddable":true,"href":"http:\/\/www.prolocodeliceto.it\/zeroweb\/index.php?rest_route=%2Fwp%2Fv2%2Fcategories&post=22240"},{"taxonomy":"post_tag","embeddable":true,"href":"http:\/\/www.prolocodeliceto.it\/zeroweb\/index.php?rest_route=%2Fwp%2Fv2%2Ftags&post=22240"}],"curies":[{"name":"wp","href":"https:\/\/api.w.org\/{rel}","templated":true}]}}