{"id":22153,"date":"2018-06-11T13:46:18","date_gmt":"2018-06-11T12:46:18","guid":{"rendered":"http:\/\/www.prolocodeliceto.it\/zeroweb\/?p=22153"},"modified":"2018-06-11T13:49:59","modified_gmt":"2018-06-11T12:49:59","slug":"san-severo-sequestrati-stupefacenti-e-armi-tra-cui-un-micidiale-ak-47","status":"publish","type":"post","link":"http:\/\/www.prolocodeliceto.it\/zeroweb\/?p=22153","title":{"rendered":"SAN SEVERO. SEQUESTRATI STUPEFACENTI E ARMI, TRA CUI UN MICIDIALE AK 47"},"content":{"rendered":"<p><a href=\"http:\/\/www.prolocodeliceto.it\/zeroweb\/wp-content\/uploads\/Dettaglio-AK-47-e-colpi.png\"><img decoding=\"async\" loading=\"lazy\" class=\"alignnone size-thumbnail wp-image-22154\" src=\"http:\/\/www.prolocodeliceto.it\/zeroweb\/wp-content\/uploads\/Dettaglio-AK-47-e-colpi-150x150.png\" alt=\"\" width=\"150\" height=\"150\" \/><\/a><\/p>\n<p>E\u2019 scattato sabato mattina all\u2019alba il Blitz dei Carabinieri di San Severo che, unitamente ai colleghi della Compagnia di Intervento Operativo e del reparto di Supporto all\u2019Arma Territoriale e con la collaborazione degli squadroni Cacciatori di Sardegna, Sicilia e Calabria hanno passato al setaccio la citt\u00e0 Dauna.<\/p>\n<p>Gli uomini dell\u2019Arma hanno infatti \u201caccerchiato\u201d il noto quartiere di San Berardino, presidiando e bloccando tutte le vie di fuga e accesso alla zona, per poi procedere ad una serie di perquisizioni nei confronti di alcuni pregiudicati li residenti a cui hanno partecipato anche le unit\u00e0 cinofile per la ricerca di armi e droga.<\/p>\n<p>Proprio nel corso di tale attivit\u00e0 i militari hanno tratto in arresto De Cesare Luigi, classe \u201876. L\u2019uomo, che si trovava gi\u00e0 sottoposto ai domiciliari per reati inerenti gli stupefacenti, veniva infatti sottoposto ad una meticolosa perquisizione all\u2019interno della sua abitazione che consentiva di rinvenire circa 10 gr di cocaina e 40 grammi di eroina, oltre a materiale per il confezionamento in dosi della sostanza e circa 12.000 euro in banconote di piccolo taglio. Tutto quanto veniva posto sotto sequestro mentre il De Cesare, dichiarato in arresto, veniva tradotto presso il carcere di Foggia.<\/p>\n<p>Il controllo \u00e8 stato esteso anche ad alcuni terreni agricoli dove i carabinieri scoprivano un ingegnoso nascondiglio per l\u2019occultamento di stupefacente: infatti nel tronco di una pianta di olivo era stato ricavato un vero e proprio vano al cui interno erano state collocate 7 buste contenti complessivamente circa 700 gr di marijuana.<\/p>\n<p>I risultati conseguiti dall\u2019Arma non hanno riguardato soltanto gli stupefacenti: nel corso dell\u2019operazione infatti i carabinieri sono riusciti a recuperare un micidiale e perfettamente funzionate mitragliatore Kalashnikov, arma da guerra dal potenziale offensivo elevatissimo e tristemente noto per il suo utilizzo nel compimento di efferati omicidi, oltre al munizionamento, circa 100 colpi ed una perfetta replica di una pistola semiautomatica. Il rinvenimento del temibile AK 47, oltre a costituire un ulteriore positivo risultato nell\u2019azione di \u201cdisarmo\u201d messa in atto in tutta la provincia dall\u2019Arma dei Carabinieri, potrebbe consentire anche nuovi spunti investigativi: l\u2019arma verr\u00e0 infatti inviata al R.I.S. per ulteriori accertamenti di natura tecnica che consentiranno di stabilirne l\u2019eventuale utilizzo in altri reati.<\/p>\n<p>Il servizio di controllo straordinario del territorio organizzato dai Carabinieri e che complessivamente ha visto impiegati 50 militari, \u00e8 proseguito fino a tarda notte: nel corso della serata infatti la Stazione di San Severo procedeva all\u2019arresto di Martellucci Salvatore, classe \u201867 colpito da un ordine di carcerazione per una pena residua di due mesi sottoponendo l\u2019uomo agli arresti domiciliari. I carabinieri della Stazione di Lesina procedevano invece ad eseguire un ordinanza di carcerazione nei confronti di Troccolo Salvatore, classe \u201986, originario di San Severo ma residente a Lesina, il quale veniva invece tradotto in carcere dovendo scontare una pena di due anni.<\/p>\n<p>Al termine di tutta l\u2019attivit\u00e0, oltre agli arresti e ai vari rinvenimenti, venivano complessivamente<\/p>\n<p>controllate 137 persone di cui 41 con precedenti di polizia e 88 veicoli di cui 5 venivano posti sotto sequestro per mancanza di copertura assicurativa.<\/p>\n<p>&nbsp;<\/p>\n<p>Dalle prime ore di questa mattina Carabinieri e Polizia di Stato sono impegnati in una vasta operazione con numerose perquisizioni, posti di controllo e verifiche ad attivit\u00e0 commerciali nel comune di mattinata.<\/p>\n<p>Le attivit\u00e0, condotte dai Carabinieri della Compagnia di Manfredonia, coadiuvati dagli Squadroni Eliportati Cacciatori e dai rinforzi della Compagnia Intervento Operativo e del Supporto Arma Territoriale, unitamente al Commissariato di Polizia di Manfredonia e alla Squadra Mobile della Questura di Foggia, sono finalizzate anche a verificare alcune situazioni emerse dalla visione del video-clip della canzone <em>Eazy Padrino<\/em>, postato su alcuni siti internet, del repper italo-tedesco <em>Razor Prala<\/em>, figlio di un emigrato mattinatese.<\/p>\n<p>Nel video, infatti, oltre a essere pi\u00f9 volte ripetuta la parola \u201cMafia\u201d, il protagonista impugna una pistola ed esplode due colpi in aria, pertanto i controlli sono finalizzati anche a recuperare l\u2019arma e verificare se sia originale o una replica.<\/p>\n<p>Il comune di Mattinata \u00e8 stato sciolto lo scorso 16 marzo per sospetto condizionamento mafioso.<\/p>\n<p>Nel corso della giornata saranno comunicate eventuali novit\u00e0 che dovessero emergere dall\u2019attivit\u00e0 in questione.<\/p>\n<p>&nbsp;<\/p>\n<p><span style=\"color: #000000; font-family: Times New Roman;\">Dalle prime ore di questa mattina, Carabinieri e Polizia di Stato, sono stati impegnati in una vasta operazione con numerose perquisizioni, posti di controllo e verifiche ad attivit\u00e0 commerciali nel territorio del Comune di Mattinata.<\/span><\/p>\n<p><span style=\"color: #000000; font-family: Times New Roman;\">\u00a0<\/span><\/p>\n<p><span style=\"color: #000000; font-family: Times New Roman;\">Le attivit\u00e0 di perquisizione, condotte dai militari dell\u2019Arma della Compagnia unitamente a personale del Commissariato di P.S. di Manfredonia, coadiuvati dagli Squadroni Eliportati Cacciatori Carabinieri e personale della Squadra Mobile della Questura di Foggia, dalla Compagnia di Intervento Operativo e Supporto Arma Territoriale e dal Reparto Prevenzione Crimine della Puglia Settentrionale, si sono estese anche nei confronti di soggetti ritratti nel videoclip della canzone Eazy Padrino, postata su alcuni siti internet dal rapper italo-tedesco Razoe Prala, figlio di un emigrato mattinatese.<\/span><\/p>\n<p><span style=\"color: #000000; font-family: Times New Roman;\">\u00a0<\/span><\/p>\n<p><span style=\"color: #000000; font-family: Times New Roman;\">Nel video infatti, che ha suscitato grande eco mediatica e le cui riprese sono state effettuate nel Comune garganico gi\u00e0 noto alle cronache per lo scioglimento dell\u2019ente comunale per condizionamento mafioso avvenuto lo scorso 16 marzo 2018, viene pi\u00f9 volte ripetuta la parola \u201cmafia\u201d e vengono esplosi due colpi di arma da fuoco.<\/span><\/p>\n<p><span style=\"color: #000000; font-family: Times New Roman;\">\u00a0<\/span><\/p>\n<p><a name=\"_a0kk0hc7s271\"><\/a><span style=\"color: #000000; font-family: Times New Roman;\">Gli accertamenti esperiti hanno consentito di acclarare l\u2019utilizzo di una pistola a salve e di rinvenire e recuperare anche i bossoli esplosi, sempre a salve, all\u2019interno di una propriet\u00e0 privata utilizzata come location per le riprese.<\/span><\/p>\n<p><a name=\"_gjdgxs\"><\/a><span style=\"color: #000000; font-family: Times New Roman;\">All\u2019esito delle attivit\u00e0 uno degli uomini ritratti nel filmato \u00e8 stato deferito all\u2019Autorit\u00e0 Giudiziaria per ricettazione, essendo stato trovato in possesso di diverse targhe per veicoli di nazionalit\u00e0 tedesca, delle quali una \u00e9 risultata sicuramente contraffatta e sulle altre sono in corso accertamenti tecnici. <\/span><\/p>\n<p><span style=\"color: #000000; font-family: Times New Roman;\">\u00a0<\/span><\/p>\n<p>&nbsp;<\/p>\n","protected":false},"excerpt":{"rendered":"<p>E\u2019 scattato sabato mattina all\u2019alba il Blitz dei Carabinieri di San Severo che, unitamente ai colleghi della Compagnia di Intervento Operativo e del reparto di Supporto all\u2019Arma Territoriale e con la collaborazione degli squadroni Cacciatori di Sardegna, Sicilia e Calabria hanno passato al setaccio la citt\u00e0 Dauna. Gli uomini dell\u2019Arma hanno infatti \u201caccerchiato\u201d il noto [&hellip;]<\/p>\n","protected":false},"author":29,"featured_media":22154,"comment_status":"closed","ping_status":"closed","sticky":false,"template":"","format":"standard","meta":[],"categories":[87],"tags":[],"_links":{"self":[{"href":"http:\/\/www.prolocodeliceto.it\/zeroweb\/index.php?rest_route=\/wp\/v2\/posts\/22153"}],"collection":[{"href":"http:\/\/www.prolocodeliceto.it\/zeroweb\/index.php?rest_route=\/wp\/v2\/posts"}],"about":[{"href":"http:\/\/www.prolocodeliceto.it\/zeroweb\/index.php?rest_route=\/wp\/v2\/types\/post"}],"author":[{"embeddable":true,"href":"http:\/\/www.prolocodeliceto.it\/zeroweb\/index.php?rest_route=\/wp\/v2\/users\/29"}],"replies":[{"embeddable":true,"href":"http:\/\/www.prolocodeliceto.it\/zeroweb\/index.php?rest_route=%2Fwp%2Fv2%2Fcomments&post=22153"}],"version-history":[{"count":4,"href":"http:\/\/www.prolocodeliceto.it\/zeroweb\/index.php?rest_route=\/wp\/v2\/posts\/22153\/revisions"}],"predecessor-version":[{"id":22158,"href":"http:\/\/www.prolocodeliceto.it\/zeroweb\/index.php?rest_route=\/wp\/v2\/posts\/22153\/revisions\/22158"}],"wp:featuredmedia":[{"embeddable":true,"href":"http:\/\/www.prolocodeliceto.it\/zeroweb\/index.php?rest_route=\/wp\/v2\/media\/22154"}],"wp:attachment":[{"href":"http:\/\/www.prolocodeliceto.it\/zeroweb\/index.php?rest_route=%2Fwp%2Fv2%2Fmedia&parent=22153"}],"wp:term":[{"taxonomy":"category","embeddable":true,"href":"http:\/\/www.prolocodeliceto.it\/zeroweb\/index.php?rest_route=%2Fwp%2Fv2%2Fcategories&post=22153"},{"taxonomy":"post_tag","embeddable":true,"href":"http:\/\/www.prolocodeliceto.it\/zeroweb\/index.php?rest_route=%2Fwp%2Fv2%2Ftags&post=22153"}],"curies":[{"name":"wp","href":"https:\/\/api.w.org\/{rel}","templated":true}]}}