{"id":22139,"date":"2018-06-08T12:34:36","date_gmt":"2018-06-08T11:34:36","guid":{"rendered":"http:\/\/www.prolocodeliceto.it\/zeroweb\/?p=22139"},"modified":"2018-06-08T12:38:25","modified_gmt":"2018-06-08T11:38:25","slug":"ancora-aggressioni-ai-danni-dei-carabinieri","status":"publish","type":"post","link":"http:\/\/www.prolocodeliceto.it\/zeroweb\/?p=22139","title":{"rendered":"ANCORA AGGRESSIONI AI DANNI DEI CARABINIERI."},"content":{"rendered":"<p align=\"justify\"><a href=\"http:\/\/www.prolocodeliceto.it\/zeroweb\/wp-content\/uploads\/C_2_articolo_3093854_upiImagepp-1.jpg\"><img decoding=\"async\" loading=\"lazy\" class=\"alignnone size-thumbnail wp-image-21052\" src=\"http:\/\/www.prolocodeliceto.it\/zeroweb\/wp-content\/uploads\/C_2_articolo_3093854_upiImagepp-1-150x150.jpg\" alt=\"\" width=\"150\" height=\"150\" \/><\/a><\/p>\n<p class=\"western\" align=\"justify\"><span style=\"font-family: Times New Roman, serif;\"><span style=\"font-size: medium;\">Continuano le operazioni di servizio nella bassa capitanata da parte dei Carabinieri di Cerignola. Nell\u2019ultimo servizio straordinario di controllo del territorio sono finite in manette tre persone per reati che vanno dalla detenzione illecita di stupefacente alla ricettazione alla resistenza a pubblico ufficiale.<\/span><\/span><\/p>\n<p class=\"western\" align=\"justify\"><span style=\"font-family: Times New Roman, serif;\"><span style=\"font-size: medium;\">I primi a finire in manette sono stati SACCOTELLI IVANO, cl. &#8217;99, e PUGLIESE GIUSEPPE, cl. &#8217;56, rispettivamente nipote e nonno, entrambi cerignolani e con precedenti, l\u2019ultimo anche per associazione mafiosa. In particolare, gli uomini dell&#8217;Aliquota Radiomobile del NORM, nel transitare in via Maddaloni, poco distante dalla caserma, hanno notato che il Saccotelli, seduto su uno scooter, aveva appena passato qualcosa ad un altro giovane, dopo aver propria volta passato di mano cinque euro, \u00e8 riuscito a dileguarsi a piedi. Il Saccotelli, accortosi dei Carabinieri, ha messo in moto lo scooter tentando di allontanarsi, ma i militari sono riusciti a sbarrargli la strada e a bloccarlo. L\u2019accurata perquisizione personale e veicolare ha quindi portato i suoi frutti: infatti il giovane, all\u2019interno dell&#8217;imbottitura del casco, nascondeva 6 grammi di marijuana e 20 di hashish, tutta suddivisa in singole dosi, mentre nelle tasche aveva una somma di denaro contante di 345 euro, in banconote di piccolo taglio, che per lui, nullafacente, \u00e8 subito apparsa ingiustificata. Estesa la perquisizione all\u2019abitazione dove il giovane risiede unitamente al nonno, Pugliese Giuseppe, quest&#8217;ultimo ha reagito in malo modo al controllo, iniziando dapprima a minacciare i militari, assumendo un comportamento sempre pi\u00f9 aggressivo, fino ad arrivare a scagliarsi contro gli stessi, venendo allora bloccato dopo una colluttazione. Pertanto anch\u2019egli \u00e8 stato dichiarato in arresto per resistenza a pubblico ufficiale. Entrambi, su disposizione del P.M. di turno, sono stati sottoposti agli arresti domiciliari.<\/span><\/span><\/p>\n<p class=\"western\" align=\"justify\"><span style=\"font-family: Times New Roman, serif;\"><span style=\"font-size: medium;\">In manette, poi, \u00e8 finito DIAFERIO SIMONE, cl. &#8217;90. I Carabinieri della Stazione di Cerignola, accortisi di uno strano movimento di furgoni mentre erano in servizio di perlustrazione in aperta campagna, si sono avvicinati al caseggiato rurale dietro il quale erano stati parcheggiati, col chiaro intento di nascorderli a sguardi indiscreti, due mezzi. I malfattori, accortisi dei militari, sono balzati a bordo dei due furgoni, dandosi velocemente alla fuga. I militari per\u00f2, dopo un pericoloso inseguimento, sono riusciti a bloccare uno dei due mezzi in fuga, a bordo del quale vi era il Diaferio. Perquisito il mezzo, \u00e8 finalmente stato chiaro il motivo della fuga: nel cassone, infatti, i Carabinieri hanno rinvenuto tre scocche di autovetture, gi\u00e0 cannibalizzate, provenienti da una Hyundai e da una Citroen, risultate rubate a Polignano a Mare, Conversano e Casamassima, nell\u2019hinterland barese. Diaferio, quindi, su disposizione del P.M. di turno, \u00e8 stato rinchiuso nel carcere di Foggia.<\/span><\/span><\/p>\n<p align=\"justify\">\n<p class=\"western\" align=\"justify\"><span style=\"font-family: Times New Roman, serif;\"><span style=\"font-size: medium;\">I Carabinieri della Stazione di Monte Sant\u2019Angelo, in esecuzione di un ordine espiazione pena definitiva di quattro mesi di reclusione, hanno tratto in arresto il pregiudicato 44enne SILVESTRI Michele.<\/span><\/span><\/p>\n<p class=\"western\" align=\"justify\"><span style=\"font-family: Times New Roman, serif;\"><span style=\"font-size: medium;\">A carico dell\u2019uomo, che vanta precedenti di polizia anche in materia di armi, le condotte contestate in questa circostanza riguardano i reati di minaccia grave continuata e danneggiamento, fatti commessi a Monte Sant\u2019Angelo nel 2010, precisamente il 18 ed il 19 febbraio, nei confronti della propria ex compagna e della madre di quest\u2019ultima. <\/span><\/span><\/p>\n<p class=\"western\" align=\"justify\"><span style=\"font-family: Times New Roman, serif;\"><span style=\"font-size: medium;\">L\u2019uomo \u00e8 stato individuato nel centro garganico e, al termine delle formalit\u00e0, sottoposto alla misura domiciliare per l\u2019espiazione della pena.<\/span><\/span><\/p>\n<p class=\"western\" align=\"justify\"><span style=\"font-family: Times New Roman, serif;\"><span style=\"font-size: medium;\">Il fratello del Silvestri, Biagio, venne assassinato nel 1998.<\/span><\/span><\/p>\n<p class=\"western\" align=\"justify\">\n<p class=\"western\" align=\"justify\"><span style=\"font-family: Times New Roman, serif;\"><span style=\"font-size: medium;\">I Carabinieri della Tenenza di Vieste, invece, hanno tratto in arresto il pluripregiudicato 61enne SANTORO Emilio, sottoponendolo, su provvedimento dell\u2019Autorit\u00e0 Giudiziaria, alla misura detentiva domiciliare.<\/span><\/span><\/p>\n<p class=\"western\" align=\"justify\"><span style=\"font-family: Times New Roman, serif;\"><span style=\"font-size: medium;\">Resosi responsabile nel tempo di svariati gravi reati, l\u2019uomo \u00e8 oggi chiamato a rispondere di un&#8217;evasione commessa a Vieste nel 2008, a causa della quale, con provvedimento emesso gli ultimi giorni dalla Procura della Repubblica di Foggia \u2013 Ufficio Esecuzioni Penali, deve espiare una pena residua definitiva pari a sei mesi di reclusione.<\/span><\/span><\/p>\n<p class=\"western\" align=\"justify\"><span style=\"font-family: Times New Roman, serif;\"><span style=\"font-size: medium;\">Al termine delle formalit\u00e0, SANTORO Emilio \u00e8 stato ristretto presso la propria abitazione a disposizione dell\u2019Autorit\u00e0 Giudiziaria mandante.<\/span><\/span><\/p>\n<p class=\"western\" align=\"justify\">\n<p class=\"western\" align=\"justify\"><span style=\"font-family: Times New Roman, serif;\"><span style=\"font-size: medium;\">Ancora i Carabinieri della Tenenza di Vieste, nel centro storico di quel comune, nel corso di un servizio condotto unitamente al personale della CIO \u201cPuglia\u201d, hanno tratto in arresto <\/span><\/span><span style=\"font-family: Times New Roman, serif;\"><span style=\"font-size: medium;\">il 54enne pluripregiudicato<\/span><\/span><b> <\/b><span style=\"font-family: Times New Roman, serif;\"><span style=\"font-size: medium;\">CARPANO Pasqualino<\/span><\/span><span style=\"font-family: Times New Roman, serif;\"><span style=\"font-size: medium;\">. <\/span><\/span><\/p>\n<p class=\"western\" align=\"justify\"><span style=\"font-family: Times New Roman, serif;\"><span style=\"font-size: medium;\">L\u2019uomo, arrestato lo scorso 9 maggio nel corso di un ampio servizio a largo raggio dagli stessi uomini dell\u2019Arma per spaccio di sostanza stupefacente ed inizialmente condotto i carcere, a seguito di convalida era poi stato posto agli arresti domiciliari presso la propria abitazione di Vieste.<\/span><\/span><\/p>\n<p class=\"western\" align=\"justify\"><span style=\"font-family: Times New Roman, serif;\"><span style=\"font-size: medium;\">Ieri \u00e8 stato sorpreso all\u2019esterno del luogo dove deve espiare la misura, motivo per il quale, al termine delle formalit\u00e0, \u00e8 stato dichiarato in stato di arresto e tradotto presso il carcere di Foggia. <\/span><\/span><\/p>\n<p class=\"western\" align=\"justify\">\n<p class=\"western\" align=\"justify\"><span style=\"font-family: Times New Roman, serif;\"><span style=\"font-size: medium;\">Infine, i Carabinieri della Stazione di Mattinata, unitamente ai colleghi dell&#8217;Aliquota Radiomobile del NORM della Compagnia di Manfredonia, hanno tratto in arresto il pluripregiudicato 46enne PRENCIPE Antonio Pio, gi\u00e0 noto per essere stato vittima di tentato omicidio, e poi anche di un&#8217;ulteriore aggressione prima dell&#8217;udienza che aveva ad oggetto proprio quel fatto, episodi per i quali i Carabinieri di Manfredonia avevano arrestato sei persone.<\/span><\/span><\/p>\n<p class=\"western\" align=\"justify\"><span style=\"font-family: Times New Roman, serif;\"><span style=\"font-size: medium;\">Una telefonata giunta durante la notte alla Centrale Operativa del Comando Compagnia di Manfredonia aveva segnalato la presenza dell\u2019uomo nei pressi di un\u2019abitazione, contro la quale era stato visto lanciare delle pietre, per poi tentare di scavalcarne la recinzione. <\/span><\/span><\/p>\n<p class=\"western\" align=\"justify\"><span style=\"font-family: Times New Roman, serif;\"><span style=\"font-size: medium;\">Immediatamente gli uomini dell\u2019Arma, gi\u00e0 al corrente anche di una serie di dissidi in atto con un vicino per problemi di confine, sono intervenuti sul posto, sorprendendo il pregiudicato che, alla vista dei militari, ha subito preso ad oltraggiarli, arrivando persino a spintonarli all\u2019atto del dovuto controllo.<\/span><\/span><\/p>\n<p class=\"western\" align=\"justify\"><span style=\"font-family: Times New Roman, serif;\"><span style=\"font-size: medium;\">Vista la reazione, l\u2019uomo \u00e8 stato accompagnato presso gli uffici della Stazione di Mattinata dove, al termine delle formalit\u00e0, \u00e8 poi stato dichiarato in arresto per resistenza a Pubblico Ufficiale ed oltraggio, venendo infine tradotto presso il carcere di Foggia, a disposizione dell\u2019Autorit\u00e0 Giudiziaria.<\/span><\/span><\/p>\n","protected":false},"excerpt":{"rendered":"<p>Continuano le operazioni di servizio nella bassa capitanata da parte dei Carabinieri di Cerignola. Nell\u2019ultimo servizio straordinario di controllo del territorio sono finite in manette tre persone per reati che vanno dalla detenzione illecita di stupefacente alla ricettazione alla resistenza a pubblico ufficiale. I primi a finire in manette sono stati SACCOTELLI IVANO, cl. &#8217;99, [&hellip;]<\/p>\n","protected":false},"author":29,"featured_media":21052,"comment_status":"closed","ping_status":"closed","sticky":false,"template":"","format":"standard","meta":[],"categories":[7,86,87],"tags":[],"_links":{"self":[{"href":"http:\/\/www.prolocodeliceto.it\/zeroweb\/index.php?rest_route=\/wp\/v2\/posts\/22139"}],"collection":[{"href":"http:\/\/www.prolocodeliceto.it\/zeroweb\/index.php?rest_route=\/wp\/v2\/posts"}],"about":[{"href":"http:\/\/www.prolocodeliceto.it\/zeroweb\/index.php?rest_route=\/wp\/v2\/types\/post"}],"author":[{"embeddable":true,"href":"http:\/\/www.prolocodeliceto.it\/zeroweb\/index.php?rest_route=\/wp\/v2\/users\/29"}],"replies":[{"embeddable":true,"href":"http:\/\/www.prolocodeliceto.it\/zeroweb\/index.php?rest_route=%2Fwp%2Fv2%2Fcomments&post=22139"}],"version-history":[{"count":3,"href":"http:\/\/www.prolocodeliceto.it\/zeroweb\/index.php?rest_route=\/wp\/v2\/posts\/22139\/revisions"}],"predecessor-version":[{"id":22142,"href":"http:\/\/www.prolocodeliceto.it\/zeroweb\/index.php?rest_route=\/wp\/v2\/posts\/22139\/revisions\/22142"}],"wp:featuredmedia":[{"embeddable":true,"href":"http:\/\/www.prolocodeliceto.it\/zeroweb\/index.php?rest_route=\/wp\/v2\/media\/21052"}],"wp:attachment":[{"href":"http:\/\/www.prolocodeliceto.it\/zeroweb\/index.php?rest_route=%2Fwp%2Fv2%2Fmedia&parent=22139"}],"wp:term":[{"taxonomy":"category","embeddable":true,"href":"http:\/\/www.prolocodeliceto.it\/zeroweb\/index.php?rest_route=%2Fwp%2Fv2%2Fcategories&post=22139"},{"taxonomy":"post_tag","embeddable":true,"href":"http:\/\/www.prolocodeliceto.it\/zeroweb\/index.php?rest_route=%2Fwp%2Fv2%2Ftags&post=22139"}],"curies":[{"name":"wp","href":"https:\/\/api.w.org\/{rel}","templated":true}]}}