{"id":21707,"date":"2018-04-12T15:13:22","date_gmt":"2018-04-12T14:13:22","guid":{"rendered":"http:\/\/www.prolocodeliceto.it\/zeroweb\/?p=21707"},"modified":"2018-04-12T15:17:31","modified_gmt":"2018-04-12T14:17:31","slug":"otto-arresti-per-concorso-in-furto-aggravato-e-continuato-di-energia-elettrica","status":"publish","type":"post","link":"http:\/\/www.prolocodeliceto.it\/zeroweb\/?p=21707","title":{"rendered":"OTTO ARRESTI PER CONCORSO IN FURTO, AGGRAVATO E CONTINUATO, DI ENERGIA ELETTRICA."},"content":{"rendered":"<p align=\"justify\"><a href=\"http:\/\/www.prolocodeliceto.it\/zeroweb\/wp-content\/uploads\/Immagine3-2.jpg\"><img decoding=\"async\" loading=\"lazy\" class=\"alignnone size-thumbnail wp-image-21711\" src=\"http:\/\/www.prolocodeliceto.it\/zeroweb\/wp-content\/uploads\/Immagine3-2-150x150.jpg\" alt=\"\" width=\"150\" height=\"150\" \/><\/a><a href=\"http:\/\/www.prolocodeliceto.it\/zeroweb\/wp-content\/uploads\/Immagine3-1.jpg\">\u00a0 <\/a><a href=\"http:\/\/www.prolocodeliceto.it\/zeroweb\/wp-content\/uploads\/Immagine2-6.jpg\"><img decoding=\"async\" loading=\"lazy\" class=\"alignnone size-thumbnail wp-image-21709\" src=\"http:\/\/www.prolocodeliceto.it\/zeroweb\/wp-content\/uploads\/Immagine2-6-150x150.jpg\" alt=\"\" width=\"150\" height=\"150\" \/><\/a><a href=\"http:\/\/www.prolocodeliceto.it\/zeroweb\/wp-content\/uploads\/Immagine3-1.jpg\">\u00a0\u00a0<\/a><a href=\"http:\/\/www.prolocodeliceto.it\/zeroweb\/wp-content\/uploads\/Immagine1-18.jpg\"><img decoding=\"async\" loading=\"lazy\" class=\"alignnone size-thumbnail wp-image-21712\" src=\"http:\/\/www.prolocodeliceto.it\/zeroweb\/wp-content\/uploads\/Immagine1-18-150x150.jpg\" alt=\"\" width=\"150\" height=\"150\" \/><\/a><\/p>\n<p class=\"western\" align=\"justify\"><span style=\"font-family: Times\\ New\\ Roman, serif;\"><span style=\"font-size: medium;\">Nei giorni scorsi i militari della Compagnia di San Giovanni Rotondo, unitamente a personale dello Squadrone Eliportato Cacciatori Sardegna, nell&#8217;ambito di un servizio volto alla ricerca di refurtiva proveniente da alcuni furti che recentemente si sono verificati nelle campagne del circondario, nel corso di una perquisizione di un casolare in localit\u00e0 \u201cSanta Tecchia\u201d si sono accorti che gli otto nuclei familiari che lo occupavano, e che vi avevano ricavato altrettanti alloggi indipendenti, erano tutti privi di contatore dell&#8217;energia elettrica, pur fruendone abbondantemente.<\/span><\/span><\/p>\n<p class=\"western\" align=\"justify\"><span style=\"font-family: Times\\ New\\ Roman, serif;\"><span style=\"font-size: medium;\">Fattisi a questo punto supportare da personale tecnico dell&#8217;Enel, i Carabinieri hanno cos\u00ec potuto accertare che l&#8217;intero stabile era alimentato elettricamente da un pericolosissimo collegamento abusivo alla rete stesa nelle immediate vicinanze, traendo quindi in arresto gli otto braccianti agricoli, tutti cittadini rumeni tranne l&#8217;ultimo, di nazionalit\u00e0 bulgara, Bica Mioara, cl. &#8217;71, gi\u00e0 nota alle forze dell\u2019ordine, Vasile Dorel, cl. &#8217;75, Gusatu Ilie Catalin, cl. &#8217;90, gi\u00e0 noto alle forze dell\u2019ordine, Barac Stefan, nato in Romania, classe \u201c86, anche lui gi\u00e0 conosciuto dalle forze di polizia; Soare Octavian Florin, cl. &#8217;78, Soare Adi Marius, cl. &#8217;79, Nechifor Marin, cl. &#8217;60, e Iliev Mihail, cl. &#8217;78, tutti responsabili, in concorso, di furto aggravato e continuato di energia elettrica.<br \/>\nIl danno \u00e8 stato complessivamente quantificato in 14.000 euro circa.<br \/>\nL\u2019 Autorit\u00e0 Giudiziaria ha disposto la restrizione degli arrestati al proprio domicilio, in regime di arresti domiciliari.<\/span><\/span><\/p>\n<p class=\"western\" align=\"justify\"><span style=\"font-family: Times\\ New\\ Roman, serif;\"><span style=\"font-size: medium;\">Ieri i Carabinieri della Stazione di San Nicandro Garganico hanno eseguito un\u2019ordinanza di custodia cautelare in carcere nei confronti di Fini Luca, cl. \u201999, gi\u00e0 noto alle Forze dell\u2019Ordine. I militari si sono presentati all\u2019alba presso la sua abitazione, dalla quale \u00e8 stato prelevato e portano al carcere di Foggia.<\/span><\/span><\/p>\n<p class=\"western\" align=\"justify\"><a name=\"_GoBack\"><\/a> <span style=\"font-family: Times\\ New\\ Roman, serif;\"><span style=\"font-size: medium;\">Il provvedimento, emesso dal G.I.P. del Tribunale di Foggia su richiesta della Procura della Repubblica, giunge al termine di una minuziosa attivit\u00e0 di indagine condotta dai Carabinieri della cittadina garganica. I militari avevano inizialmente raccolto lo sfogo disperato di una donna del posto, che si era confidata con loro raccontando di essere vittima ormai da mesi di continue e reiterate vessazioni da parte del fratello. La donna, restia a sporgere una formale denuncia, rassicurata e sostenuta dai Carabinieri si \u00e8 per\u00f2 poi convinta a procedere, descrivendo minuziosamente quanto sofferto nel corso di numerosi episodi. La vittima ha cos\u00ec raccontato di come il fratello si presentasse quasi quotidianamente presso la sua abitazione, pretendendo denaro, minacciandola di morte ed insultandola pesantemente. I Carabinieri hanno accertato che il giovane aveva anche causato alcuni danneggiamenti nei confronti della sorella, tagliandole gli pneumatici dell\u2019auto e distruggendo il citofono del portone di casa. In un occasione, l\u2019uomo, coltello a serramanico in pugno, era anche arrivato a minacciare di sgozzare la sorella se questa non avesse ceduto alle sue richieste estorsive.<\/span><\/span><\/p>\n<p class=\"western\" align=\"justify\"><span style=\"font-family: Times\\ New\\ Roman, serif;\"><span style=\"font-size: medium;\">Raccolti tutti gli elementi necessari, i Carabinieri hanno riportato all\u2019 A.G. quanto accertato, consentendo quindi l\u2019emissione della misura coercitiva.<\/span><\/span><\/p>\n<p class=\"western\" align=\"justify\"><span style=\"font-family: Times\\ New\\ Roman, serif;\"><span style=\"font-size: medium;\">Il giovane, tradotto presso il carcere di Foggia, dovr\u00e0 rispondere dei reati di estorsione continuata e danneggiamento.<\/span><\/span><\/p>\n<p align=\"justify\">\n","protected":false},"excerpt":{"rendered":"<p>\u00a0 \u00a0\u00a0 Nei giorni scorsi i militari della Compagnia di San Giovanni Rotondo, unitamente a personale dello Squadrone Eliportato Cacciatori Sardegna, nell&#8217;ambito di un servizio volto alla ricerca di refurtiva proveniente da alcuni furti che recentemente si sono verificati nelle campagne del circondario, nel corso di una perquisizione di un casolare in localit\u00e0 \u201cSanta Tecchia\u201d [&hellip;]<\/p>\n","protected":false},"author":29,"featured_media":21711,"comment_status":"closed","ping_status":"closed","sticky":false,"template":"","format":"standard","meta":[],"categories":[7,86],"tags":[],"_links":{"self":[{"href":"http:\/\/www.prolocodeliceto.it\/zeroweb\/index.php?rest_route=\/wp\/v2\/posts\/21707"}],"collection":[{"href":"http:\/\/www.prolocodeliceto.it\/zeroweb\/index.php?rest_route=\/wp\/v2\/posts"}],"about":[{"href":"http:\/\/www.prolocodeliceto.it\/zeroweb\/index.php?rest_route=\/wp\/v2\/types\/post"}],"author":[{"embeddable":true,"href":"http:\/\/www.prolocodeliceto.it\/zeroweb\/index.php?rest_route=\/wp\/v2\/users\/29"}],"replies":[{"embeddable":true,"href":"http:\/\/www.prolocodeliceto.it\/zeroweb\/index.php?rest_route=%2Fwp%2Fv2%2Fcomments&post=21707"}],"version-history":[{"count":3,"href":"http:\/\/www.prolocodeliceto.it\/zeroweb\/index.php?rest_route=\/wp\/v2\/posts\/21707\/revisions"}],"predecessor-version":[{"id":21715,"href":"http:\/\/www.prolocodeliceto.it\/zeroweb\/index.php?rest_route=\/wp\/v2\/posts\/21707\/revisions\/21715"}],"wp:featuredmedia":[{"embeddable":true,"href":"http:\/\/www.prolocodeliceto.it\/zeroweb\/index.php?rest_route=\/wp\/v2\/media\/21711"}],"wp:attachment":[{"href":"http:\/\/www.prolocodeliceto.it\/zeroweb\/index.php?rest_route=%2Fwp%2Fv2%2Fmedia&parent=21707"}],"wp:term":[{"taxonomy":"category","embeddable":true,"href":"http:\/\/www.prolocodeliceto.it\/zeroweb\/index.php?rest_route=%2Fwp%2Fv2%2Fcategories&post=21707"},{"taxonomy":"post_tag","embeddable":true,"href":"http:\/\/www.prolocodeliceto.it\/zeroweb\/index.php?rest_route=%2Fwp%2Fv2%2Ftags&post=21707"}],"curies":[{"name":"wp","href":"https:\/\/api.w.org\/{rel}","templated":true}]}}