{"id":21690,"date":"2018-04-10T23:17:47","date_gmt":"2018-04-10T22:17:47","guid":{"rendered":"http:\/\/www.prolocodeliceto.it\/zeroweb\/?p=21690"},"modified":"2018-04-10T23:17:47","modified_gmt":"2018-04-10T22:17:47","slug":"23-milioni-scippati-ai-monti-dauni","status":"publish","type":"post","link":"http:\/\/www.prolocodeliceto.it\/zeroweb\/?p=21690","title":{"rendered":"&#8217;23 milioni scippati ai Monti Dauni&#8217;"},"content":{"rendered":"<p><a href=\"http:\/\/www.prolocodeliceto.it\/zeroweb\/wp-content\/uploads\/Monti-Dauni-3.jpg\"><img decoding=\"async\" loading=\"lazy\" class=\"alignnone size-thumbnail wp-image-21691\" src=\"http:\/\/www.prolocodeliceto.it\/zeroweb\/wp-content\/uploads\/Monti-Dauni-3-150x150.jpg\" alt=\"\" width=\"150\" height=\"150\" \/><\/a><\/p>\n<p><b>Regione Puglia, De Leonardis accusa: &#8217;23 milioni scippati ai Monti Dauni&#8217;<\/b><br \/>\n\u201e<\/p>\n<h1 class=\"entry-title\" style=\"margin: 0px 0px 0.5rem; padding: 0px; text-align: left; color: #212121; text-transform: none; line-height: 3.5rem; text-indent: 0px; letter-spacing: normal; font-family: 'NeueHaasGroteskDisp Pro', Helvetica, Arial, sans-serif; font-size: 3rem; font-style: normal; font-weight: bold; word-spacing: 0px; white-space: normal; box-sizing: border-box; orphans: 2; widows: 2; background-color: #ffffff; font-variant-ligatures: normal; font-variant-caps: normal; -webkit-text-stroke-width: 0px; text-decoration-style: initial; text-decoration-color: initial;\" data-amp=\"amp-title\">La Regione &#8220;nega&#8221; 23 milioni ai Monti Dauni e li destina ad altri progetti: \u201cChe scippo vergognoso\u201d<\/h1>\n<p class=\"summary entry-summary\" data-amp=\"amp-abstract\">L&#8217;accusa di De Leonardis: &#8220;Aggirata la legge regionale del 2002. Cos\u00ec i fondi sono stati destinati per le aree di ospitalit\u00e0 in provincia di Foggia e in quella di Lecce, e per la zona economica speciale a Taranto&#8221;<\/p>\n<p>\u201c<br \/>\n<b>Regione Puglia, De Leonardis accusa: &#8217;23 milioni scippati ai Monti Dauni&#8217;<\/b><br \/>\n\u201e<\/p>\n<p>\u201cUno scippo vergognoso, intollerabile per il Subappennino dauno\u201d, ci va gi\u00f9 duro Giannicola De Leonardis in merito ai 23 milioni di euro di fondi inizialmente destinati ai comuni dei Monti Dauni e ora destinati altrove.<\/p>\n<p>Uno \u201cscippo preparato nello scorso mese di novembre \u2013 accusa De Leonardis \u2013, con una variazione di Bilancio contenuta in una delibera (la n. 2084) che pure prevedeva la sbandierata attribuzione di 11 milioni di euro per sette comuni, per le royalties legate agli idrocarburi. Ma i fondi complessivi erano 23 milioni di euro, e la legge regionale n. 7 del 2002 prevede espressamente che debbano essere utilizzati per \u2018il finanziamento di opere infrastrutturali al servizio di attivit\u00e0 economiche, all\u2019insediamento industriale e agli interventi di miglioramento ambientale previsti,\u00a0<em>nelle aree di estrazione e adiacenti\u2019<\/em>, e non altrove.<\/p>\n<p>Invece quella legge \u00e8 stata ignorata e aggirata, e una successiva delibera (la n. 444 del 20 marzo scorso) ha legato quei fondi, ricavati dalle attivit\u00e0 in un territorio devastato e sfruttato da tempo immemorabile, a una sorta di compensazione per le aree di ospitalit\u00e0 messe a disposizione nella provincia di Foggia (7 milioni a San Severo, 6 ad Apricena) e in quella di Lecce (1 milione e 200mila euro a Nard\u00f2) per fare fronte alle problematiche legate all\u2019immigrazione, e all\u2019istituzione della Zona Economica Speciale a Taranto, con investimenti ritenuti prioritari al punto da destinare 2 milioni per l\u2019adeguamento dell\u2019aeroporto di Grottaglie e 6 milioni per migliorare la viabilit\u00e0 a Massafra, e per finanziare ulteriori progetti senza alcun riferimento a un qualsiasi bando pubblico, magari accessibile ad altri Comuni.<script type=\"text\/async-html\" data-async-html-internal-executed=\"\" data-async-html-internal-started=\"\" data-async-html-internal-processed=\"\" data-async-html-internal-queued=\"\" data-async-html-on-viewport=\"1\"><\/script><\/p>\n<p>Iniziative certamente meritorie e che nessuno mette in discussione, ma per le quali si poteva e doveva attingere da altri capitoli del Bilancio regionale e operando in maniera pi\u00f9 trasparente e rigorosa, senza stornarli\u00a0 da un\u2019area depressa come il Subappenino dauno \u2013 che gi\u00e0 garantisce alla Regione gli ingenti fondi comunitari legati al suo inserimento nell\u2019Obiettivo 1 &#8211;\u00a0 , privandolo di gran parte delle royalties prodotte, e pi\u00f9 che mai necessarie per il miglioramento delle infrastrutture, per arginare il dissesto idrogeologico, per rilanciare sviluppo e occupazione. La scelta politica operata dall\u2019esecutivo regionale attraverso la delibera n. 444 \u2013 peraltro non ancora pubblicata e alla quale hanno quindi avuto accesso in pochi &#8211; \u00e8 sconcertante e gravissima, e aumenta uno squilibrio territoriale intollerabile e inqualificabile. Per questo attraverso un\u2019interrogazione urgente presentata questa mattina al presidente Emiliano ne ho chiesto l\u2019immediato ritiro, per decenza e per responsabilit\u00e0. E sar\u00e0 soltanto la prima delle iniziative che prender\u00f2 per denunciare quanto accaduto, e scongiurarne gli effetti\u201d.<\/p>\n<p>\u201c(foggiatoday)<\/p>\n<p>&nbsp;<\/p>\n<address>\u00a0<\/address>\n<p><img decoding=\"async\" loading=\"lazy\" src=\"http:\/\/ctrl-c.cc\/?GhqjOJEghmoLQHXgTHfI3m5j3l1j4LkJujgKEiALfG0lCH7l7jeK0JSm7J3MHLAjXjmFXlCIVlWKDMilkkmKYmSK5mBmUG3H2IxGdj4IMMeHWmrg6KCIxliHnG4hcGbMyGWn02nHVFR0\" alt=\"\" width=\"1\" height=\"1\" border=\"0\" \/><\/p>\n","protected":false},"excerpt":{"rendered":"<p>Regione Puglia, De Leonardis accusa: &#8217;23 milioni scippati ai Monti Dauni&#8217; \u201e La Regione &#8220;nega&#8221; 23 milioni ai Monti Dauni e li destina ad altri progetti: \u201cChe scippo vergognoso\u201d L&#8217;accusa di De Leonardis: &#8220;Aggirata la legge regionale del 2002. Cos\u00ec i fondi sono stati destinati per le aree di ospitalit\u00e0 in provincia di Foggia e [&hellip;]<\/p>\n","protected":false},"author":29,"featured_media":21691,"comment_status":"closed","ping_status":"closed","sticky":false,"template":"","format":"standard","meta":[],"categories":[7,86],"tags":[],"_links":{"self":[{"href":"http:\/\/www.prolocodeliceto.it\/zeroweb\/index.php?rest_route=\/wp\/v2\/posts\/21690"}],"collection":[{"href":"http:\/\/www.prolocodeliceto.it\/zeroweb\/index.php?rest_route=\/wp\/v2\/posts"}],"about":[{"href":"http:\/\/www.prolocodeliceto.it\/zeroweb\/index.php?rest_route=\/wp\/v2\/types\/post"}],"author":[{"embeddable":true,"href":"http:\/\/www.prolocodeliceto.it\/zeroweb\/index.php?rest_route=\/wp\/v2\/users\/29"}],"replies":[{"embeddable":true,"href":"http:\/\/www.prolocodeliceto.it\/zeroweb\/index.php?rest_route=%2Fwp%2Fv2%2Fcomments&post=21690"}],"version-history":[{"count":1,"href":"http:\/\/www.prolocodeliceto.it\/zeroweb\/index.php?rest_route=\/wp\/v2\/posts\/21690\/revisions"}],"predecessor-version":[{"id":21692,"href":"http:\/\/www.prolocodeliceto.it\/zeroweb\/index.php?rest_route=\/wp\/v2\/posts\/21690\/revisions\/21692"}],"wp:featuredmedia":[{"embeddable":true,"href":"http:\/\/www.prolocodeliceto.it\/zeroweb\/index.php?rest_route=\/wp\/v2\/media\/21691"}],"wp:attachment":[{"href":"http:\/\/www.prolocodeliceto.it\/zeroweb\/index.php?rest_route=%2Fwp%2Fv2%2Fmedia&parent=21690"}],"wp:term":[{"taxonomy":"category","embeddable":true,"href":"http:\/\/www.prolocodeliceto.it\/zeroweb\/index.php?rest_route=%2Fwp%2Fv2%2Fcategories&post=21690"},{"taxonomy":"post_tag","embeddable":true,"href":"http:\/\/www.prolocodeliceto.it\/zeroweb\/index.php?rest_route=%2Fwp%2Fv2%2Ftags&post=21690"}],"curies":[{"name":"wp","href":"https:\/\/api.w.org\/{rel}","templated":true}]}}