{"id":2028,"date":"2010-08-06T19:44:41","date_gmt":"2010-08-06T18:44:41","guid":{"rendered":"http:\/\/www.prolocodeliceto.it\/zeroweb\/?p=2028"},"modified":"2010-08-06T20:42:15","modified_gmt":"2010-08-06T19:42:15","slug":"la-notte-bianca-delicetana-una-notte-da-brividi","status":"publish","type":"post","link":"http:\/\/www.prolocodeliceto.it\/zeroweb\/?p=2028","title":{"rendered":"La Notte Bianca Delicetana&#8230;una notte da brividi&#8230;"},"content":{"rendered":"<p><strong>\u00a0<\/strong><\/p>\n<p><strong>Iniziative private, presentazioni, apertura del Castello e Schiuma Party, per una notte indimenticabile<\/strong><\/p>\n<p>\u00a0<a href=\"http:\/\/www.prolocodeliceto.it\/zeroweb\/wp-content\/uploads\/IOSSA.jpg\"><img decoding=\"async\" loading=\"lazy\" class=\"alignnone size-medium wp-image-2029\" title=\"IOSSA\" src=\"http:\/\/www.prolocodeliceto.it\/zeroweb\/wp-content\/uploads\/IOSSA-142x300.jpg\" alt=\"\" width=\"114\" height=\"218\" \/><\/a><\/p>\n<p>E\u2019 ormai tutto pronto per la <strong>IV edizione <\/strong>della<strong> \u201cNotte Bianca<\/strong>\u201d a Deliceto, che si svolger\u00e0 <strong>sabato 7 agosto<\/strong> per le vie del paese tra canti, suoni, balli, shopping a sconti inimmaginabili, gonfiabili e animazioni per bambini, Schiuma Party e discoteche, il tutto con contorno di prodotti tipici gastronomici dall\u2019elevata genuinit\u00e0 e freschezza. Ma non solo la Notte Bianca Delicetana non \u00e8 solo musica e ballo, ma importanti sono anche le iniziative culturali.<\/p>\n<p>Tra tutte quella di assoluto rilievo \u00e8 l\u2019<strong>Omaggio ad un grande storico delicetano: Amedeo Iossa che si terr\u00e0 a partire dalle ore 17.30 presso il Castello Normanno-Svevo aperto al pubblico per il grande evento.<\/strong><\/p>\n<p>Deliceto si appresta quindi a commemorarne l\u2019evento, con lo scopo di<strong> <\/strong>ricordare, a cent\u2019anni dalla nascita, un grande maestro, che am\u00f2 tanto la sua terra da prodigarsi per renderne immortale la storia, resti, proprio come i suoi scritti, impresso nella memoria storica. Amedeo Iossa \u00e8, infatti, considerato uno fra i pi\u00f9 brillanti ed attenti storici, la cui dedizione ed intelligenza condussero alla realizzazione di grandi opere, come <strong><em>Deliceto &#8211; notizie storiche<\/em><\/strong> e <strong><em>Francesco<\/em> <em>De Matteo &#8211; musicista delicetano<\/em><\/strong>; inoltre, in quanto appassionato di ricerca e studio della toponomastica, elabor\u00f2 interessanti e confermate tesi sui culti diffusi nel nostro territorio in et\u00e0 precristiana. <strong>La cerimonia si svolger\u00e0 nel giorno 7 agosto<\/strong> con il patrocinio del Comune e con la collaborazione di vari enti: l\u2019Associazione Culturale di Deliceto, la Pro-loco, hanno risposto con vivo entusiasmo alla proposta e al programma presentato dal professor Luigi Iossa, figlio dello storico.<\/p>\n<p>Come un vero e proprio album fotografico, <strong>la manifestazione ripercorrer\u00e0 le tappe pi\u00f9 importanti della vita e della storia del maestro<\/strong>: la prima, presso \u201cCasa Iossa\u201d, luogo dei natali e della sua adolescenza, dove verr\u00e0 scoperta una targa in suo onore, quasi a sottolineare l\u2019attaccamento e l\u2019amore che lo tennero unito alla sua famiglia, alle sue origini e al suo adorato paese.<\/p>\n<p>La maestosit\u00e0 e l\u2019antica bellezza del castello normanno-svevo si prester\u00e0, poi, come scenario ideale ed incantevole per avvolgere un altro importante momento della cerimonia: <strong>la presentazione del libro <em>Amedeo Iossa educatore, storico e cultore delle tradizioni popolari<\/em>.<\/strong> Il volume, realizzato dal professor Luigi Iossa (di comune accordo con le sorelle Grazia e Mariannina), si mostra come una raccolta di testimonianze, ricca di foto e di notizie riguardanti la personalit\u00e0 e gli studi dell\u2019amato padre. Testimonianze che saranno poi supportate dalle parole \u201cdi chi l\u2019ha conosciuto\u201d: il direttore Alessandro Di Portogallo, collega del maestro; l\u2019avvocato Mattia Iossa, nelle vesti di moderatore della serata; il dottor Luciano Antonellis, ex funzionario della Biblioteca Provinciale di Foggia. Molto gradito giunger\u00e0, poi, l\u2019intervento del professor Lucio De Bortoli, docente e storico di Montebelluna (TV), il quale gi\u00e0 in precedenza aveva dichiarato: \u00abAmedeo Iossa rientra senza dubbio nel novero di coloro che si sono avvicinati alla \u201cstoria del paese\u201d con un approccio di grande correttezza nell\u2019uso delle fonti e della documentazione. In pratica uno degli ultimi attori della stagione colta, quella che va per l\u2019appunto distinta dal libello di campanile\u00bb.<\/p>\n<p>L\u2019ultima fase della ricca cerimonia si svolger\u00e0 presso la sede dell\u2019Associazione Culturale Delicetana, luogo in cui verr\u00e0 ricreata una <strong>mostra fotografica sulla vita di Amedeo Iossa<\/strong>, storico, brillante maestro, ma soprattutto un uomo che intrise la sua vita di un continuo amore per il suo paese, amore che oggi lo rende immortale nella coscienza e nel ricordo di intere generazioni.<strong><\/strong><\/p>\n<p>Questo \u00e8 solo uno degli appuntamenti culturali della Notte Bianca Delicetana, quindi oltre a divertimenti balli e animazioni sar\u00e0 anche una riscoperta del patrimonio di conoscenze e ricchezze storiche, culturali e umane che il piccolo borgo possiede.<\/p>\n<p>Oltre alle solite iniziative l\u2019evento clou della nottata, sar\u00e0 sicuramente lo <strong>\u201cSchiuma Party\u201d<\/strong>, organizzato da un gruppo di ragazzi, supportati dal Comune di Deliceto e dalla Provincia di Foggia, con la collaborazione di numerosi sponsor locali che hanno creduto nell\u2019iniziativa, unica nel suo genere per i Monti Dauni. L\u2019appuntamento, che avr\u00e0 inizio alle ore 23.00 di sabato 7 agosto e terminer\u00e0 fino alle prime ore dell\u2019alba di domenica 8 agosto, sar\u00e0 realizzato presso il <strong>Piazzale Belvedere<\/strong>, nel cuore del paese e della \u201cNotte Bianca\u201d, su una superficie di circa 600 mq rappresentando un\u2019esperienza unica divertentissima.<\/p>\n<p>Sabato 7 sar\u00e0 quindi una notte magica, con iniziative di ogni genere rivolte a tutte le fasce di et\u00e0 e a tutti gli interessati che potranno scoprire un paese, Deliceto, fatta di gente che ogni giorno lotta per la rinascita del piccolo borgo rendendolo uno dei pi\u00f9 intraprendenti dell\u2019intera provincia.<\/p>\n<p>Appuntamenti della Nottata:<\/p>\n<p>&#8211; Castello \u201cNormanno-Svevo\u201d: Omaggio all\u2019illustre delicetano Amedeo Iossa e degustazione prodotti tipici<\/p>\n<p>&#8211; C.so Regina Margherita c\/o Pub Il Normanno: Spettacoli vari<\/p>\n<p>&#8211; C.so Regina Margherita c\/o Bar Tropical: Karaoke con Luigi Esperanza<\/p>\n<p>&#8211; C.so Regina Margherita c\/o Forno Rea: Spettacolo e animazione<\/p>\n<p>&#8211; Piazza Europa: Spettacoli musicali vari, animazioni e degustazione dei prodotti tipici\u00a0\u00a0<\/p>\n<p>&#8211; Piazza Europa c\/o Bar Centrale: Gonfiabili e animazioni per bambini con la Ludoteca Trilly<\/p>\n<p>&#8211; C.so Umberto c\/o Pub New Country: Spettacolo musicale e \u201cFesta della Porchetta e Birra\u201d<\/p>\n<p>&#8211; C.so Umberto c\/o La Locandina: Spettacolo musicale, balli e degustazioni<\/p>\n<p>&#8211; C.so Umberto c\/o Bistrot: Spettacolo musicale, balli e degustazioni<\/p>\n<p>&#8211; C.so Umberto c\/o Bar Arcobaleno: Cocktail mania<\/p>\n<p>&#8211; Via Trieste: Spettacolo di Karate con esibizione e tornei<\/p>\n<p>&#8211; P.le Belvedere: Schiuma Party, discoteca e animazione con i migliori professionisti dell\u2019intera Provincia di Foggia.<\/p>\n<p>A queste iniziative vanno aggiunte quelle di carattere culturale, come apertura di alcuni monumenti; quelle di carattere gastronomico per i vari ristoranti; quelle di carattere commerciale, come shopping a prezzi stracciati.<\/p>\n","protected":false},"excerpt":{"rendered":"<p>\u00a0 Iniziative private, presentazioni, apertura del Castello e Schiuma Party, per una notte indimenticabile \u00a0 E\u2019 ormai tutto pronto per la IV edizione della \u201cNotte Bianca\u201d a Deliceto, che si svolger\u00e0 sabato 7 agosto per le vie del paese tra canti, suoni, balli, shopping a sconti inimmaginabili, gonfiabili e animazioni per bambini, Schiuma Party e [&hellip;]<\/p>\n","protected":false},"author":29,"featured_media":0,"comment_status":"open","ping_status":"open","sticky":false,"template":"","format":"standard","meta":[],"categories":[7],"tags":[],"_links":{"self":[{"href":"http:\/\/www.prolocodeliceto.it\/zeroweb\/index.php?rest_route=\/wp\/v2\/posts\/2028"}],"collection":[{"href":"http:\/\/www.prolocodeliceto.it\/zeroweb\/index.php?rest_route=\/wp\/v2\/posts"}],"about":[{"href":"http:\/\/www.prolocodeliceto.it\/zeroweb\/index.php?rest_route=\/wp\/v2\/types\/post"}],"author":[{"embeddable":true,"href":"http:\/\/www.prolocodeliceto.it\/zeroweb\/index.php?rest_route=\/wp\/v2\/users\/29"}],"replies":[{"embeddable":true,"href":"http:\/\/www.prolocodeliceto.it\/zeroweb\/index.php?rest_route=%2Fwp%2Fv2%2Fcomments&post=2028"}],"version-history":[{"count":2,"href":"http:\/\/www.prolocodeliceto.it\/zeroweb\/index.php?rest_route=\/wp\/v2\/posts\/2028\/revisions"}],"predecessor-version":[{"id":2038,"href":"http:\/\/www.prolocodeliceto.it\/zeroweb\/index.php?rest_route=\/wp\/v2\/posts\/2028\/revisions\/2038"}],"wp:attachment":[{"href":"http:\/\/www.prolocodeliceto.it\/zeroweb\/index.php?rest_route=%2Fwp%2Fv2%2Fmedia&parent=2028"}],"wp:term":[{"taxonomy":"category","embeddable":true,"href":"http:\/\/www.prolocodeliceto.it\/zeroweb\/index.php?rest_route=%2Fwp%2Fv2%2Fcategories&post=2028"},{"taxonomy":"post_tag","embeddable":true,"href":"http:\/\/www.prolocodeliceto.it\/zeroweb\/index.php?rest_route=%2Fwp%2Fv2%2Ftags&post=2028"}],"curies":[{"name":"wp","href":"https:\/\/api.w.org\/{rel}","templated":true}]}}