{"id":1996,"date":"2010-08-02T09:28:54","date_gmt":"2010-08-02T08:28:54","guid":{"rendered":"http:\/\/www.prolocodeliceto.it\/zeroweb\/?p=1996"},"modified":"2010-08-02T21:37:06","modified_gmt":"2010-08-02T20:37:06","slug":"la-notte-bianca-si-riempie-di-schiuma-2","status":"publish","type":"post","link":"http:\/\/www.prolocodeliceto.it\/zeroweb\/?p=1996","title":{"rendered":"La Notte Bianca si Riempie di Schiuma"},"content":{"rendered":"<p><strong>\u00a0<\/strong><\/p>\n<p><strong>Lo Schiuma Party un appuntamento travolgente<\/strong><\/p>\n<p>\u00a0<a href=\"http:\/\/www.prolocodeliceto.it\/zeroweb\/wp-content\/uploads\/schiuma-party.jpg\"><img decoding=\"async\" loading=\"lazy\" class=\"alignnone size-medium wp-image-1997\" title=\"schiuma-party\" src=\"http:\/\/www.prolocodeliceto.it\/zeroweb\/wp-content\/uploads\/schiuma-party-214x300.jpg\" alt=\"\" width=\"214\" height=\"300\" srcset=\"http:\/\/www.prolocodeliceto.it\/zeroweb\/wp-content\/uploads\/schiuma-party-214x300.jpg 214w, http:\/\/www.prolocodeliceto.it\/zeroweb\/wp-content\/uploads\/schiuma-party-731x1024.jpg 731w, http:\/\/www.prolocodeliceto.it\/zeroweb\/wp-content\/uploads\/schiuma-party.jpg 886w\" sizes=\"(max-width: 214px) 100vw, 214px\" \/><\/a><\/p>\n<p>Fervono i preparativi per l\u2019atteso appuntamento della <strong>IV edizione <\/strong>della<strong> \u201cNotte Bianca<\/strong>\u201d a Deliceto di <strong>sabato 7 agosto<\/strong> che rappresenter\u00e0 uno degli eventi pi\u00f9 importanti dell\u2019estate delicetana.<\/p>\n<p>I migliaia di turisti e visitatori che arriveranno nel piccolo borgo potranno trascorrere una notte ricca di allegria e divertimento, tra assaggi gastronomici, spettacoli musicali e intrattenimenti per tutti i gusti e tutte le et\u00e0, grazie alle varie iniziative pubbliche e private organizzate durante l\u2019evento; inoltre ci sar\u00e0 la possibilit\u00e0 di darsi anche allo shopping sfrenato, saranno infatti molte le attivit\u00e0 commerciali, dall\u2019abbigliamento alla ferramenta, che offriranno ai \u201cclienti della notte\u201d, sconti esagerati.<\/p>\n<p>Evento clou della nottata, alla sua prima edizione, sar\u00e0 sicuramente lo <strong>\u201cSchiuma Party\u201d<\/strong> organizzato da un gruppo di ragazzi, supportati dal Comune di Deliceto e dalla Provincia di Foggia, con la collaborazione di numerosi sponsor locali che hanno creduto nell\u2019iniziativa, unica nel suo genere per i Monti Dauni.<\/p>\n<p><em>\u00abL\u2019idea nasce dalla voglia di creare qualcosa di innovativo che possa attirare gente nel nostro paese<\/em> \u2013 affermano gli organizzatori \u2013 <em>un luogo ricco di storia, di tradizione e di monumenti da visitare, ma anche una cittadina viva, dove trascorrere la propria serata, non \u00e8 mai un errore\u00bb. \u00a0<\/em><\/p>\n<p>L\u2019evento, pi\u00f9 comune da trovare nelle lontane localit\u00e0 di mare, consister\u00e0 in una cascata di schiuma atossica per coinvolgere centinaia di persone che si scateneranno divertendosi in una \u201cDiscoteca all\u2019aperto\u201d con la partecipazione di DJ, vocalist, cubiste e animazioni delle migliori discoteche provinciali e regionali.<\/p>\n<p>L\u2019appuntamento, che avr\u00e0 inizio alle ore 23.00 di sabato 7 agosto e terminer\u00e0 fino alle prime ore dell\u2019alba di domenica 8 agosto, sar\u00e0 realizzato presso il <strong>Piazzale Belvedere<\/strong>, nel cuore del paese e della \u201cNotte Bianca\u201d, su una superficie di circa 600 mq rappresentando un\u2019esperienza unica divertentissima. Il binomio Notte Bianca e Schiuma Party, porter\u00e0 a Deliceto migliaia di persone per una notte magica, all\u2019insegna dell\u2019allegria e del divertimento.<\/p>\n","protected":false},"excerpt":{"rendered":"<p>\u00a0 Lo Schiuma Party un appuntamento travolgente \u00a0 Fervono i preparativi per l\u2019atteso appuntamento della IV edizione della \u201cNotte Bianca\u201d a Deliceto di sabato 7 agosto che rappresenter\u00e0 uno degli eventi pi\u00f9 importanti dell\u2019estate delicetana. I migliaia di turisti e visitatori che arriveranno nel piccolo borgo potranno trascorrere una notte ricca di allegria e divertimento, [&hellip;]<\/p>\n","protected":false},"author":29,"featured_media":0,"comment_status":"open","ping_status":"open","sticky":false,"template":"","format":"standard","meta":[],"categories":[7],"tags":[],"_links":{"self":[{"href":"http:\/\/www.prolocodeliceto.it\/zeroweb\/index.php?rest_route=\/wp\/v2\/posts\/1996"}],"collection":[{"href":"http:\/\/www.prolocodeliceto.it\/zeroweb\/index.php?rest_route=\/wp\/v2\/posts"}],"about":[{"href":"http:\/\/www.prolocodeliceto.it\/zeroweb\/index.php?rest_route=\/wp\/v2\/types\/post"}],"author":[{"embeddable":true,"href":"http:\/\/www.prolocodeliceto.it\/zeroweb\/index.php?rest_route=\/wp\/v2\/users\/29"}],"replies":[{"embeddable":true,"href":"http:\/\/www.prolocodeliceto.it\/zeroweb\/index.php?rest_route=%2Fwp%2Fv2%2Fcomments&post=1996"}],"version-history":[{"count":2,"href":"http:\/\/www.prolocodeliceto.it\/zeroweb\/index.php?rest_route=\/wp\/v2\/posts\/1996\/revisions"}],"predecessor-version":[{"id":2011,"href":"http:\/\/www.prolocodeliceto.it\/zeroweb\/index.php?rest_route=\/wp\/v2\/posts\/1996\/revisions\/2011"}],"wp:attachment":[{"href":"http:\/\/www.prolocodeliceto.it\/zeroweb\/index.php?rest_route=%2Fwp%2Fv2%2Fmedia&parent=1996"}],"wp:term":[{"taxonomy":"category","embeddable":true,"href":"http:\/\/www.prolocodeliceto.it\/zeroweb\/index.php?rest_route=%2Fwp%2Fv2%2Fcategories&post=1996"},{"taxonomy":"post_tag","embeddable":true,"href":"http:\/\/www.prolocodeliceto.it\/zeroweb\/index.php?rest_route=%2Fwp%2Fv2%2Ftags&post=1996"}],"curies":[{"name":"wp","href":"https:\/\/api.w.org\/{rel}","templated":true}]}}