{"id":1609,"date":"2010-05-06T21:55:28","date_gmt":"2010-05-06T20:55:28","guid":{"rendered":"http:\/\/www.prolocodeliceto.it\/zeroweb\/?p=1609"},"modified":"2010-05-08T20:01:40","modified_gmt":"2010-05-08T19:01:40","slug":"ricordi-di-guerra-comunicato-stampa","status":"publish","type":"post","link":"http:\/\/www.prolocodeliceto.it\/zeroweb\/?p=1609","title":{"rendered":"RICORDI DI GUERRA -Comunicato stampa"},"content":{"rendered":"<p>\u00a0\u00a0\u00a0\u00a0\u00a0\u00a0\u00a0\u00a0\u00a0\u00a0\u00a0\u00a0\u00a0\u00a0\u00a0\u00a0\u00a0\u00a0\u00a0\u00a0\u00a0\u00a0\u00a0\u00a0\u00a0\u00a0\u00a0\u00a0 \u00a0\u00a0\u00a0\u00a0\u00a0\u00a0\u00a0\u00a0\u00a0\u00a0\u00a0\u00a0\u00a0\u00a0\u00a0RICORDI DI GUERRA<\/p>\n<p>\u00a0<a href=\"http:\/\/www.prolocodeliceto.it\/zeroweb\/wp-content\/uploads\/santoro-1.jpg\"><img decoding=\"async\" loading=\"lazy\" class=\"alignnone size-medium wp-image-1610\" title=\"santoro 1\" src=\"http:\/\/www.prolocodeliceto.it\/zeroweb\/wp-content\/uploads\/santoro-1-200x300.jpg\" alt=\"\" width=\"200\" height=\"300\" srcset=\"http:\/\/www.prolocodeliceto.it\/zeroweb\/wp-content\/uploads\/santoro-1-200x300.jpg 200w, http:\/\/www.prolocodeliceto.it\/zeroweb\/wp-content\/uploads\/santoro-1-683x1024.jpg 683w, http:\/\/www.prolocodeliceto.it\/zeroweb\/wp-content\/uploads\/santoro-1.jpg 786w\" sizes=\"(max-width: 200px) 100vw, 200px\" \/><\/a><\/p>\n<p>Si svolger\u00e0 sabato 8 maggio 2010, con inizio alle ore 18,00, presso il Salone del Castello Normanno Svevo di Deliceto la presentazione del libro \u201cRicordi di Guerra\u201d di Alessandro Santoro. La manifestazione \u00e8 stata organizzata dal Comune di Deliceto in collaborazione dell\u2019Associazione Pro Loco \u201cA. Iossa\u201d di Deliceto per ricordare la figura di un intellettuale deportato e internato in un lager nazista e insignito con medaglia d\u2019onoro al valore militare. Alla cerimonia interverranno: il dott. Antonio Montanino-Sindaco di Deliceto; Tino Baldassarro-Presidente della Pro Loco, la prof.ssa Carmen Cinzia Santoro, il dott. Nicola Palombaro-storico, il gruppo teatrale \u201cIl Siparietto\u201d che proporr\u00e0 la lettura di alcuni brani tratti dal libro e il giornalista Michele Campanaro.<\/p>\n<p>Alessandro Santoro nasce a Deliceto, quarto di cinque figli, da una famiglia agiata. Ma il padre Pasquale e la madre Carmela Suriano morirono prematuramente, quando egli era ancora bambino.<\/p>\n<p>Cresciuto a Roccaraso (L\u2019Aquila), con la sorella Imperatrice e con il cognato Stanislao, consegu\u00ec la sua formazione scolastica e culturale nelle pi\u00f9 prestigiose Scuole e Universit\u00e0 di Napoli e Roma.<\/p>\n<p>Vincitore, molto giovane, di vari Concorsi a Cattedra, inizi\u00f2 una brillante carriera che lo port\u00f2 ad insegnare prima le materie letterarie, il latino, la pedagogia, l\u2019economia politica, poi definitivamente la filosofia e la storia presso molteplici, importanti Licei, da Foggia a Lucera, a Chieti, da Roma a Pescara, nonch\u00e9 ad avere il Corso di Storia dell\u2019educazione fisica presso la sede di Chieti. Sezione dell\u2019Istituto Universitario dell\u2019Educazione Fisica dell\u2019Aquila.\u00a0 Inserito nella graduatoria di merito del Concorso a Preside nei Licei, la morte lo colse prematuramente nel 1972 senza mai dimenticare la sua terra di origine. Egli, in realt\u00e0, non fu solo un sensibilissimo educatore e formatore di coscienze, come ancora oggi, con profonda commozione, i suoi discenti, amici, colleghi e collaboratori lo ricordano; fu anche un grande pensatore ed un profondo conoscitore della storia e del pensiero filosofico europeo, un acuto critico letterario ed in apprezzato latinista. Per la profondit\u00e0 delle riflessioni, possono essere ricordati i suoi studi su Bergson, Mickiewicz, Maturi, Dewey, oltre a numerosi interventi su riviste e giornali, ai quali prestava il suo intelletto e le sue competenze di critico, a volte anche particolarmente pungente. \u201cI suoi, per dirla in breve, erano i caratteri dell\u2019intellettuale a tutto tondo\u201d, (N. Palombaro, storico)\u00a0\u00a0\u00a0\u00a0\u00a0\u00a0\u00a0\u00a0\u00a0\u00a0\u00a0\u00a0\u00a0\u00a0\u00a0\u00a0\u00a0\u00a0\u00a0\u00a0\u00a0\u00a0\u00a0\u00a0\u00a0\u00a0\u00a0\u00a0\u00a0\u00a0 \u00a0\u00a0\u00a0\u00a0\u00a0\u00a0\u00a0\u00a0\u00a0\u00a0\u00a0\u00a0\u00a0\u00a0\u00a0\u00a0E, nella scuola, come nella vita, diede sempre prova del suo senso di abnegazione e del suo coraggio, fortemente legato a quegli ideali che gli fecero sopportare la feroce persecuzione da parte dell\u2019Ovra e la terribile odissea, quale allora ufficiale, dei campi di concentramento nazisti in Polonia, Germania e Russia.. Le riflessioni che egli stesso, attraverso un diario e alcuni saggi pubblicati anche dopo la sua scomparsa, matur\u00f2 durante la lunga e dolorosissima prigionia e negli anni successivi al suo rientro in patria, attengono al concetto universale e indispensabile di pace e anche di perdono, all\u2019abbattimento di ogni forma di violenza e sopruso, alla necessaria cooperazione tra gli Stati, alla ricerca di un equilibrio che possa garantire all\u2019uomo giustizia sociale, libert\u00e0, democrazia, per mantenere viva e grande l\u2019Umanit\u00e0, lontana dagli orrori, le brutalit\u00e0, le devastazioni propri di ogni guerra. Il suo testamento morale, dunque, fu amore per la famiglia, in modo particolare per la amatissima moglie, donna Anna Alio e per la figlia che lo hanno assistito fino agli ultimi momenti della sua vita terrena; per il prossimo, ma anche per una forte rettitudine morale e intellettuale e per la cultura: testamento che il 2 Dicembre 1972, con un sorriso, consegn\u00f2 alla sua adorata figlia Carmen Cinzia, prima di spirare fra le sue braccia.<\/p>\n<p>Il 27 Gennaio c.a. ai sensi della Legge 27 Dicembre 2006, n.296, gli \u00e8 stata conferita la Medaglia d\u2019Onore (alla memoria) dal Presidente della Repubblica, quale atto riconoscimento morale al valore e alla dignit\u00e0 di quei cittadini italiani, militari e civili, deportati e internati nei lager nazisti, tra l\u20198 settembre 1943 fino alla liberazione nel 1945; medaglia consegnata alla figlia Carmen Cinzia.<\/p>\n<p>\u00a0\u00a0\u00a0\u00a0\u00a0\u00a0\u00a0\u00a0\u00a0\u00a0\u00a0\u00a0\u00a0\u00a0\u00a0\u00a0\u00a0\u00a0\u00a0\u00a0\u00a0\u00a0\u00a0\u00a0\u00a0\u00a0\u00a0\u00a0\u00a0\u00a0\u00a0\u00a0\u00a0\u00a0\u00a0\u00a0\u00a0\u00a0\u00a0\u00a0\u00a0\u00a0\u00a0\u00a0\u00a0\u00a0\u00a0\u00a0\u00a0\u00a0\u00a0\u00a0\u00a0\u00a0\u00a0\u00a0\u00a0\u00a0\u00a0\u00a0\u00a0\u00a0\u00a0\u00a0\u00a0\u00a0 <strong><\/strong><\/p>\n","protected":false},"excerpt":{"rendered":"<p>\u00a0\u00a0\u00a0\u00a0\u00a0\u00a0\u00a0\u00a0\u00a0\u00a0\u00a0\u00a0\u00a0\u00a0\u00a0\u00a0\u00a0\u00a0\u00a0\u00a0\u00a0\u00a0\u00a0\u00a0\u00a0\u00a0\u00a0\u00a0 \u00a0\u00a0\u00a0\u00a0\u00a0\u00a0\u00a0\u00a0\u00a0\u00a0\u00a0\u00a0\u00a0\u00a0\u00a0RICORDI DI GUERRA \u00a0 Si svolger\u00e0 sabato 8 maggio 2010, con inizio alle ore 18,00, presso il Salone del Castello Normanno Svevo di Deliceto la presentazione del libro \u201cRicordi di Guerra\u201d di Alessandro Santoro. La manifestazione \u00e8 stata organizzata dal Comune di Deliceto in collaborazione dell\u2019Associazione Pro Loco \u201cA. Iossa\u201d di Deliceto per ricordare [&hellip;]<\/p>\n","protected":false},"author":29,"featured_media":0,"comment_status":"open","ping_status":"open","sticky":false,"template":"","format":"standard","meta":[],"categories":[7],"tags":[],"_links":{"self":[{"href":"http:\/\/www.prolocodeliceto.it\/zeroweb\/index.php?rest_route=\/wp\/v2\/posts\/1609"}],"collection":[{"href":"http:\/\/www.prolocodeliceto.it\/zeroweb\/index.php?rest_route=\/wp\/v2\/posts"}],"about":[{"href":"http:\/\/www.prolocodeliceto.it\/zeroweb\/index.php?rest_route=\/wp\/v2\/types\/post"}],"author":[{"embeddable":true,"href":"http:\/\/www.prolocodeliceto.it\/zeroweb\/index.php?rest_route=\/wp\/v2\/users\/29"}],"replies":[{"embeddable":true,"href":"http:\/\/www.prolocodeliceto.it\/zeroweb\/index.php?rest_route=%2Fwp%2Fv2%2Fcomments&post=1609"}],"version-history":[{"count":2,"href":"http:\/\/www.prolocodeliceto.it\/zeroweb\/index.php?rest_route=\/wp\/v2\/posts\/1609\/revisions"}],"predecessor-version":[{"id":1616,"href":"http:\/\/www.prolocodeliceto.it\/zeroweb\/index.php?rest_route=\/wp\/v2\/posts\/1609\/revisions\/1616"}],"wp:attachment":[{"href":"http:\/\/www.prolocodeliceto.it\/zeroweb\/index.php?rest_route=%2Fwp%2Fv2%2Fmedia&parent=1609"}],"wp:term":[{"taxonomy":"category","embeddable":true,"href":"http:\/\/www.prolocodeliceto.it\/zeroweb\/index.php?rest_route=%2Fwp%2Fv2%2Fcategories&post=1609"},{"taxonomy":"post_tag","embeddable":true,"href":"http:\/\/www.prolocodeliceto.it\/zeroweb\/index.php?rest_route=%2Fwp%2Fv2%2Ftags&post=1609"}],"curies":[{"name":"wp","href":"https:\/\/api.w.org\/{rel}","templated":true}]}}