{"id":1606,"date":"2010-05-05T15:00:06","date_gmt":"2010-05-05T14:00:06","guid":{"rendered":"http:\/\/www.prolocodeliceto.it\/zeroweb\/?p=1606"},"modified":"2010-05-06T15:39:59","modified_gmt":"2010-05-06T14:39:59","slug":"la-fondazione-banca-del-a-sostegno-del","status":"publish","type":"post","link":"http:\/\/www.prolocodeliceto.it\/zeroweb\/?p=1606","title":{"rendered":"La Fondazione Banca del&#8230; a Sostegno del&#8230;"},"content":{"rendered":"<p><strong>La Fondazione Banca<\/strong><strong> del Monte di Foggia a sostegno del progetto di restauro dell\u2019organo storico di S. Antonio<\/strong><\/p>\n<p>\u00a0<a href=\"http:\/\/www.prolocodeliceto.it\/zeroweb\/wp-content\/uploads\/organo.jpg\"><img decoding=\"async\" loading=\"lazy\" class=\"alignnone size-medium wp-image-1607\" title=\"organo\" src=\"http:\/\/www.prolocodeliceto.it\/zeroweb\/wp-content\/uploads\/organo-181x300.jpg\" alt=\"\" width=\"181\" height=\"300\" srcset=\"http:\/\/www.prolocodeliceto.it\/zeroweb\/wp-content\/uploads\/organo-181x300.jpg 181w, http:\/\/www.prolocodeliceto.it\/zeroweb\/wp-content\/uploads\/organo-620x1024.jpg 620w, http:\/\/www.prolocodeliceto.it\/zeroweb\/wp-content\/uploads\/organo.jpg 1407w\" sizes=\"(max-width: 181px) 100vw, 181px\" \/><\/a><\/p>\n<p>Con deliberazione del Consiglio di Amministrazione, la <strong>Fondazione Banca<\/strong><strong> del Monte Domenico Siniscalco Ceci<\/strong> di Foggia ha stabilito di dare un suo contributo al restauro dell\u2019organo settecentesco conservato nella Chiesa di S. Antonio di Deliceto.<\/p>\n<p>La Fondazione, particolarmente attiva nell\u2019ambito del Comune capoluogo, questa volta allarga il suo raggio d\u2019azione portandosi in Provincia, nella piena convinzione della validit\u00e0 del progetto che la Confraternita delicetana ha voluto e per la realizzazione del quale ha lanciato una sottoscrizione e costituito un apposito Comitato. Un grazie particolare va all\u2019avvocato <strong>Francesco Andretta<\/strong>, presidente della Fondazione, che ha accolto l\u2019iniziativa con immediata disponibilit\u00e0 ed entusiasmo.<\/p>\n<p>E come non ricordare, a questo punto, la figura di una donna straordinaria, alla cui munificenza si deve la nascita stessa della Fondazione? Il pensiero corre istintivamente a lei, alla vicenda umana di <strong>Rosa Del Vento,<\/strong> come per un ulteriore debito di riconoscenza. A distanza di tanto tempo, merita di essere ricordata anche per i suoi aspetti edificanti ed appassionanti. Nobildonna originaria di Cerignola, sposata con Cola Zuccaro, intraprendente benestante di una cittadina del Cilento, visse a Foggia dal 1536 e vi mor\u00ec nel 1587.\u00a0 Dopo anni di intensa carit\u00e0, giunta la pia donna alla soglia della sua esistenza terrena, su consiglio dei frati Cappuccini, mamma Rosa, ( cos\u00ec era chiamata dagli stessi frati ) si determin\u00f2 a \u201c<em>erigere un <strong>Monte di Piet\u00e0 <\/strong>a pro de\u2019 bisognosi, a fine che potessero impegnare senz\u2019interesse alcuno, con farne di pi\u00f9 qualche maritaggio di povere zitelle honeste et virtuose ogn\u2019anno, e costituire una cappellania d\u2019una messa il giorno per l\u2019anima propria e dei defunti suoi\u201d<\/em>.<\/p>\n<p>A distanza di secoli la fondazione da lei istituita, pur evolutasi nel tempo, \u00e8 ancora viva e, accanto alle opere di beneficenza, si distingue per il sostegno che d\u00e0 alla cultura e all\u2019 arte<strong><sup>1<\/sup><\/strong>. Grazie, mamma Rosa, grazie anche per questo.<\/p>\n<p><strong>Raffaele Ieffa<\/strong><\/p>\n<p><strong><sup>1 <\/sup><\/strong>Con riferimento agli scopi della Fondazione, l\u2019art. 2 dell\u2019attuale Statuto cos\u00ec recita:<\/p>\n<p><em>1. La Fondazione persegue esclusivamente scopi di utilit\u00e0 sociale e di promozione dello sviluppo economico, nel rispetto delle tradizioni originarie, intervenendo nei settori di cui all&#8217;Art. 1, comma 1, lett. c-bis del d.lgs. n. 153 del 17 maggio 1999, orientando la propria attivit\u00e0 prevalentemente nei seguenti settori rilevanti: arte, attivit\u00e0 e beni culturali; ricerca scientifica e tecnologica; educazione, istruzione e formazione; volontariato, filantropia e beneficenza; salute pubblica, medicina preventiva e riabilitativa.<\/em><\/p>\n<p><em>2. La Fondazione, tenuto conto delle risorse prevedibilmente disponibili tempo per tempo, al fine di rendere pi\u00f9 efficace la propria azione e sovvenire in maniera pi\u00f9 organica le esigenze del territorio, transitoriamente e per periodi di tempo definiti pu\u00f2 limitare la propria attivit\u00e0 ad uno o pi\u00f9 dei settori sopra indicati, nell&#8217;ambito della definizione periodica di programmi pluriennali.<\/em><\/p>\n<p><em>3. La Fondazione agisce nel territorio della provincia di Foggia.<\/em><\/p>\n<p><em>\u00a0<\/em><\/p>\n<p><strong>Tesori da salvare<\/strong><\/p>\n<p><strong>\u00a0<\/strong><\/p>\n<p>Continua la raccolta fondi per il restauro del prezioso organo settecentesco della Chiesa di S. Antonio. Donare la propria offerta rappresenta un piccolo impegno ma un grande gesto di sensibilit\u00e0 e amore per il nostro paese. Anche il giornale ELCE, come avvenuto in altre occasioni, ha offerto il proprio sostegno, mettendo a disposizione la sede della Redazione: un collaboratore appositamente delegato dal comitato promotore ricever\u00e0 le vostre offerte.<\/p>\n<p><em>\u00a0<\/em><\/p>\n","protected":false},"excerpt":{"rendered":"<p>La Fondazione Banca del Monte di Foggia a sostegno del progetto di restauro dell\u2019organo storico di S. Antonio \u00a0 Con deliberazione del Consiglio di Amministrazione, la Fondazione Banca del Monte Domenico Siniscalco Ceci di Foggia ha stabilito di dare un suo contributo al restauro dell\u2019organo settecentesco conservato nella Chiesa di S. Antonio di Deliceto. La [&hellip;]<\/p>\n","protected":false},"author":29,"featured_media":0,"comment_status":"open","ping_status":"open","sticky":false,"template":"","format":"standard","meta":[],"categories":[7],"tags":[],"_links":{"self":[{"href":"http:\/\/www.prolocodeliceto.it\/zeroweb\/index.php?rest_route=\/wp\/v2\/posts\/1606"}],"collection":[{"href":"http:\/\/www.prolocodeliceto.it\/zeroweb\/index.php?rest_route=\/wp\/v2\/posts"}],"about":[{"href":"http:\/\/www.prolocodeliceto.it\/zeroweb\/index.php?rest_route=\/wp\/v2\/types\/post"}],"author":[{"embeddable":true,"href":"http:\/\/www.prolocodeliceto.it\/zeroweb\/index.php?rest_route=\/wp\/v2\/users\/29"}],"replies":[{"embeddable":true,"href":"http:\/\/www.prolocodeliceto.it\/zeroweb\/index.php?rest_route=%2Fwp%2Fv2%2Fcomments&post=1606"}],"version-history":[{"count":1,"href":"http:\/\/www.prolocodeliceto.it\/zeroweb\/index.php?rest_route=\/wp\/v2\/posts\/1606\/revisions"}],"predecessor-version":[{"id":1608,"href":"http:\/\/www.prolocodeliceto.it\/zeroweb\/index.php?rest_route=\/wp\/v2\/posts\/1606\/revisions\/1608"}],"wp:attachment":[{"href":"http:\/\/www.prolocodeliceto.it\/zeroweb\/index.php?rest_route=%2Fwp%2Fv2%2Fmedia&parent=1606"}],"wp:term":[{"taxonomy":"category","embeddable":true,"href":"http:\/\/www.prolocodeliceto.it\/zeroweb\/index.php?rest_route=%2Fwp%2Fv2%2Fcategories&post=1606"},{"taxonomy":"post_tag","embeddable":true,"href":"http:\/\/www.prolocodeliceto.it\/zeroweb\/index.php?rest_route=%2Fwp%2Fv2%2Ftags&post=1606"}],"curies":[{"name":"wp","href":"https:\/\/api.w.org\/{rel}","templated":true}]}}