{"id":16,"date":"2008-03-04T16:13:27","date_gmt":"2008-03-04T15:13:27","guid":{"rendered":"http:\/\/www.prolocodeliceto.it\/zeroweb\/?p=16"},"modified":"2008-03-12T09:54:17","modified_gmt":"2008-03-12T08:54:17","slug":"in-ricordo-di-tannoia","status":"publish","type":"post","link":"http:\/\/www.prolocodeliceto.it\/zeroweb\/?p=16","title":{"rendered":"IN RICORDO DI TANNOIA"},"content":{"rendered":"<p class=\"MsoNormal\" style=\"text-align: center\" align=\"center\"><strong><span style=\"font-size: 16pt\"><br \/>\n<\/span><\/strong><strong><span style=\"font-size: 16pt\"><o:p><\/o:p><\/span><\/strong><\/p>\n<p class=\"MsoBodyText\"><span style=\"font-size: 14pt\"><o:p><\/o:p><\/span><a href=\"http:\/\/www.alessandrogisoldiadv.it\/zeroweb\/wp-content\/quadro-e-reliquiario-tannoj.jpg\" rel=\"lightbox\" title=\"quadro-e-reliquiario-tannoj.jpg\"><img decoding=\"async\" loading=\"lazy\" src=\"http:\/\/www.alessandrogisoldiadv.it\/zeroweb\/wp-content\/quadro-e-reliquiario-tannoj.jpg\" title=\"quadro-e-reliquiario-tannoj.jpg\" alt=\"quadro-e-reliquiario-tannoj.jpg\" align=\"left\" height=\"133\" width=\"92\" \/><\/a><strong><span style=\"font-size: 14pt\">Sabato 23 Febbraio 2008<\/span><\/strong><span style=\"font-size: 14pt\"> presso il <strong>Santuario di S. Maria della Consolazione di Deliceto<\/strong> si \u00e8 svolta una cerimonia religiosa in memoria di Padre Antonio Maria Tannoja (Corato 1727 \u2013 Deliceto 1808) sacerdote della congregazione del SS. Redentore.<o:p><\/o:p><\/span><\/p>\n<p class=\"MsoBodyText\"><span style=\"font-size: 14pt\">Egli scrisse la prima biografia di S. Alfonso de\u2019Liguori, f\u00f9 maestro dei Novizi e Rettore della Consolazione oltre che procuratore Generale della Congregazione; Socio corrispondente della Prestigiosa Accademia dei Georgofili di Firenze.<\/span><span id=\"more-95\"><\/span><\/p>\n<p class=\"MsoBodyText\"><span style=\"font-size: 14pt\">Ampli\u00f2 <st1:personname productid=\"la Consolazione\" w:st=\"on\">la Consolazione<\/st1:personname> per favorirne i ritiri spirituali, e scrisse le prime Memorie su Deliceto divenendone di fatto il primo vero storico. <o:p><\/o:p><\/span><\/p>\n<p class=\"MsoNormal\" style=\"text-align: justify\"><span style=\"font-size: 14pt\">Il buon Padre Tannoja, confratello fidato del Santo Dottore della Chiesa Alfonso Maria de\u2019Liguori, \u00e8 sepolto nel Santuario della Consolazione, dove mor\u00ec in odore di santit\u00e0.<o:p><\/o:p><\/span><\/p>\n<p class=\"MsoBodyText2\"><span style=\"font-size: 14pt\">L\u2019evento organizzato dal Centro di Storia Antonio Maria Tannoja<\/span><span style=\"font-size: 14pt\"> nell\u2019ambito dell\u2019Anno Tannojano, si \u00e8 aperto con un intervento del dott. Vincenzo Mazzei, responsabile del CentroTannoja, in cui ha parlato<span>  <\/span>oltre che della figura di P. Tannoja soprattutto della estrema sensibilit\u00e0 della Comunit\u00e0 Mariana Oasi della Pace nei riguardi della Storia del Santuario che custodiscono. E\u2019 seguito un saluto del Sindaco di Deliceto, Benvenuto Nigro, che ha espresso la disponibilit\u00e0 dell\u2019Amministrazione Comunale nel supportare le iniziative volte alla valorizzazione della figura di Padre Tannoja in particolare, e della storia locale in generale; il sindaco ha poi ricordato come la riconoscenza<span>  <\/span>dell\u2019Amminsitrazione Comunale nei riguardi del Tannoja verr\u00e0 ufficializzata il prossimo <strong>12 Marzo con il riconoscimento della cittadinanza onoraria<\/strong>. In rappresentanza dell\u2019Amministrazione Comunale \u00e8 degna di nota la presenza dell\u2019Assessore alla Cultura Rocco Pacella (sostenitore dell\u2019Anno Tannojano), e dell\u2019Assessore delegato al Patrimonio Michele Sannella.<o:p><\/o:p><\/span><\/p>\n<p class=\"MsoNormal\" style=\"text-align: justify\"><span style=\"font-size: 14pt\">Poi \u00e8 stata la volta del Rettore del Santuario Padre Hananias Klaban (della Comunit\u00e0 Mariana Oasi della Pace) che ha espresso come la sua Comunit\u00e0 nutra un profondo rispetto nei riguardi della Storia della Consolazione, essendo consapevoli che nell\u2019immediato hanno il dovere di valorizzare le peculiarit\u00e0 del Santuario.<o:p><\/o:p><\/span><\/p>\n<p class=\"MsoNormal\" style=\"text-align: justify\"><span style=\"font-size: 14pt\">La celebrazione Eucaristica \u00e8 stata presieduta dal M.R.P. Redentoristi Silvestro Lafasciano (concittadino del Tannoja) della Parrocchia S. Alfonso Maria de\u2019Liguori di Foggia, e da Padre Ciro Avella della Parrocchia di S. Gerardo Majella di Corato, proprio a testimoniare il legame ed il rispetto nei riguardi di un \u201cloro confratello\u201d.<o:p><\/o:p><\/span><\/p>\n<p class=\"MsoNormal\" style=\"text-align: justify\"><strong><span style=\"font-size: 14pt\">La celebrazione \u00e8 stata toccante per la passione con cui \u00e8 stata vissuta dai celebranti e dai fedeli<\/span><\/strong><span style=\"font-size: 14pt\">, molti i riferimenti al Padre Tannoja ed alla sua grande personalit\u00e0.<o:p><\/o:p><\/span><\/p>\n<p class=\"MsoNormal\" style=\"text-align: justify\"><span style=\"font-size: 14pt\">Alla cerimonia hanno partecipato 25 fedeli Coratini che hanno donato al Centro di Storia Tannoja: una lampada con olio (a testimonianza della loro presenza), un\u2019immagine della Madonna Greca protettrice di Corato e una gigantografia di P. Tannoja, inoltre hanno donato anche una Pisside in legno proveniente dal Madagascar. Inoltre i Coratini hanno offerto alla Comunit\u00e0 Mariana Oasi della Pace un Cesto di prodotti tipici di Corato.<o:p><\/o:p><\/span><\/p>\n<p class=\"MsoNormal\" style=\"text-align: justify\"><span style=\"font-size: 14pt\">Il Sindaco ha poi ricordato, come la valorizzazione della Consolazione sar\u00e0 favorita dai lavori di ristrutturazione del Santuario, gi\u00e0 appaltati per circa 1.500.000 di \u20ac.<o:p><\/o:p><\/span><\/p>\n<p class=\"MsoBodyText\"><span style=\"font-size: 14pt\">Dopo <st1:personname productid=\"la Comunione\" w:st=\"on\">la Comunione<\/st1:personname> \u00e8 stato portato sull\u2019altare un Reliquiario contenente un pezzo di Veste Talare e di Lenzuolo appartenuti a Padre Tannoja. Il reliquiario \u00e8 stato inserito in un portareliquiario in ciliegio massello, donato da Vincenzo MAZZEI e fatto realizzare dall\u2019artigiano locale Giuseppe Di Francesco.<o:p><\/o:p><\/span><\/p>\n<p class=\"MsoNormal\" style=\"text-align: justify\"><strong><span style=\"font-size: 14pt\">Questi oggetti<\/span><\/strong><span style=\"font-size: 14pt\">, tra quelli custoditi nel Santuario, <strong><span>restano gli unici al momento attribuili con certezza al Servo di Dio Padre Tannoja <\/span><\/strong>visto che i resti mortali del Buon Padre Antonio riposano confusi con quelli dei suoi confratelli. <o:p><\/o:p><\/span><\/p>\n<p class=\"MsoNormal\" style=\"text-align: justify\"><span style=\"font-size: 14pt\">Padre Silvestro Lafasciano ha inoltre elogiato <st1:personname productid=\"la Comunit? Mariana\" w:st=\"on\">la Comunit\u00e0 Mariana<\/st1:personname> Oasi della Pace per la cura e l\u2019attenzione con cui custodisce il Santuario di Maria SS. Della Consolazione; che \u00e8 stata una delle prime Case Storiche Redentoriste; Sant\u2019Alfonso vi dimor\u00f2 dal 1744 al 1747 e qui San Gerardo Majella fece il suo ingresso in Congregazione nel 1749 e vi risiedette sino al 1754, mor\u00ec poi nel <st1:metricconverter productid=\"1755 a\" w:st=\"on\">1755 a<\/st1:metricconverter> Materdomini dove riposa nell\u2019omonimo Santuario.<o:p><\/o:p><\/span><\/p>\n<p class=\"MsoNormal\" style=\"text-align: justify\"><span style=\"font-size: 14pt\">Alla cerimonia hanno inoltre partecipato Fedeli dei paesi limitrofi ed in particolare di Foggia e di Sant\u2019Agata di Puglia, cittadina in cui \u00e8 forte l\u2019attaccamento per il Santuario della Consolazione.<o:p><\/o:p><\/span><\/p>\n<p class=\"MsoNormal\" style=\"text-align: justify\"><span style=\"font-size: 14pt\">Il prossimo evento per le celebrazione dell\u2019Anno Tannojano \u00e8 fissato al 12 Marzo prossimo.<o:p><\/o:p><\/span><\/p>\n<p class=\"MsoNormal\" style=\"text-align: justify\"><span style=\"font-size: 14pt\"><o:p> <\/o:p><\/span><\/p>\n<p><strong><span style=\"font-size: 14pt\">Centro di Storia Tannoja<\/span><\/strong><\/p>\n","protected":false},"excerpt":{"rendered":"<p>Sabato 23 Febbraio 2008 presso il Santuario di S. Maria della Consolazione di Deliceto si \u00e8 svolta una cerimonia religiosa in memoria di Padre Antonio Maria Tannoja (Corato 1727 \u2013 Deliceto 1808) sacerdote della congregazione del SS. Redentore. Egli scrisse la prima biografia di S. Alfonso de\u2019Liguori, f\u00f9 maestro dei Novizi e Rettore della Consolazione [&hellip;]<\/p>\n","protected":false},"author":1,"featured_media":0,"comment_status":"closed","ping_status":"closed","sticky":false,"template":"","format":"standard","meta":[],"categories":[3],"tags":[],"_links":{"self":[{"href":"http:\/\/www.prolocodeliceto.it\/zeroweb\/index.php?rest_route=\/wp\/v2\/posts\/16"}],"collection":[{"href":"http:\/\/www.prolocodeliceto.it\/zeroweb\/index.php?rest_route=\/wp\/v2\/posts"}],"about":[{"href":"http:\/\/www.prolocodeliceto.it\/zeroweb\/index.php?rest_route=\/wp\/v2\/types\/post"}],"author":[{"embeddable":true,"href":"http:\/\/www.prolocodeliceto.it\/zeroweb\/index.php?rest_route=\/wp\/v2\/users\/1"}],"replies":[{"embeddable":true,"href":"http:\/\/www.prolocodeliceto.it\/zeroweb\/index.php?rest_route=%2Fwp%2Fv2%2Fcomments&post=16"}],"version-history":[{"count":0,"href":"http:\/\/www.prolocodeliceto.it\/zeroweb\/index.php?rest_route=\/wp\/v2\/posts\/16\/revisions"}],"wp:attachment":[{"href":"http:\/\/www.prolocodeliceto.it\/zeroweb\/index.php?rest_route=%2Fwp%2Fv2%2Fmedia&parent=16"}],"wp:term":[{"taxonomy":"category","embeddable":true,"href":"http:\/\/www.prolocodeliceto.it\/zeroweb\/index.php?rest_route=%2Fwp%2Fv2%2Fcategories&post=16"},{"taxonomy":"post_tag","embeddable":true,"href":"http:\/\/www.prolocodeliceto.it\/zeroweb\/index.php?rest_route=%2Fwp%2Fv2%2Ftags&post=16"}],"curies":[{"name":"wp","href":"https:\/\/api.w.org\/{rel}","templated":true}]}}