{"id":1584,"date":"2010-05-05T14:46:56","date_gmt":"2010-05-05T13:46:56","guid":{"rendered":"http:\/\/www.prolocodeliceto.it\/zeroweb\/?p=1584"},"modified":"2010-05-05T14:46:56","modified_gmt":"2010-05-05T13:46:56","slug":"comunicato-stampa-gal-meridaunia-3","status":"publish","type":"post","link":"http:\/\/www.prolocodeliceto.it\/zeroweb\/?p=1584","title":{"rendered":"COMUNICATO STAMPA&#8230;GAL Meridaunia"},"content":{"rendered":"<p><strong>Delegazione di assessori internazionali in visita al GAL Meridaunia<\/strong><\/p>\n<p><strong>\u00a0<\/strong><\/p>\n<p>Ha fatto tappa anche presso il <strong>GAL Meridaunia<\/strong> la delegazione formata da assessori internazionali che dal 3 al 5 marzo ha partecipato al workshop \u201cComunit\u00e0 che apprendono\u201d incentrato sui nuovi rapporti tra Universit\u00e0 ed Enti Locali, fondati sulla partecipazione.<\/p>\n<p>Un momento di approfondimento questo, previsto dal progetto PURE della Rete Pascal network tra Regioni ed Universit\u00e0 di dimensione mondiale, che promuove l&#8217;apprendimento collettivo, attraverso la partecipazione attiva. Un progetto che ha visto la partecipazione della <strong>Regione Puglia<\/strong> e dell\u2019<strong>Universit\u00e0 degli Studi di Foggia<\/strong>.<\/p>\n<p>La visita ha rappresentato un momento di confronto tra referenti pubblico-privati dei territori (mondo accademico, amministrazioni, associazioni e cittadinanza attiva), interessati a fare un focus sul contesto pugliese in relazione a tre tematiche precise: sostenibilit\u00e0, cittadinanza attiva e sviluppo delle comunit\u00e0 remote<\/p>\n<p>Gli assessori internazionali, in particolare, hanno voluto conoscere da vicino le attivit\u00e0 svolte e i risultati raggiunti, per comprendere in dettaglio le iniziative intraprese dalle<strong> Universit\u00e0 pugliesi per lo sviluppo locale<\/strong>.<\/p>\n<p>Dopo l\u2019incontro avuto presso l\u2019Universit\u00e0 degli Studi di Foggia, e la visita al centro di ricerca interdipartimentale <strong>Bioagromed<\/strong>, legato all\u2019attivit\u00e0 di ricerca in campo agroalimentari e al <strong>sito archeologico di Faragola<\/strong> ad Ascoli Satriano, la delegazione si \u00e8 spostata a Bovino, sede del GAL Meridaunia, dove ha conosciuto la realt\u00e0 e le attivit\u00e0 dell\u2019agenzia territoriale dei Monti Dauni apprezzandone la capacit\u00e0 di promuovere e generare sviluppo locale. Accompagnati dal direttore del GAL, Daniele Borrelli e dallo staff tecnico, gli ospiti hanno fatto visita alla <strong>Masseria Salecchia<\/strong>, un\u2019azienda agroalimentare di Bovino, che grazie a finanziamenti del GAL e alla capacit\u00e0 imprenditoriale del suo titolare, Francesco D\u2019Innocenzio, \u00e8 riuscita a differenziale la sua attivit\u00e0 agricola, convertendo parte dell\u2019azienda in masseria didattica visitata ogni anno da centinaia di studenti della provincia.<\/p>\n<p>Molto interesse \u00e8 stato mostrato da parte della delegazione al rapporto e alle sinergie sviluppate tra Universit\u00e0 e Gruppo di Azione Locale Meridaunia, una relazione positiva finalizzata alla crescita del territorio. Molto costruttiva, ai loro occhi, \u00e8 stata la collaborazione sviluppatasi in occasione di importanti progettazioni territoriali, quali la pianificazione strategica di Area Vasta dei Monti Dauni e la stesura del Piano di Sviluppo Locale, la programmazione che investir\u00e0 il GAL a partire dai prossimi mesi.<\/p>\n<p>Antonella Caggese<\/p>\n<p>Ufficio Comunicazione Gal Meridaunia<\/p>\n<p>Loc. Tiro a Segno<\/p>\n<p>71023 Bovino (FG)<\/p>\n<p>Tel. 0881.966557 &#8211; 0881.912007<\/p>\n<p>Fax. 0881.912921<\/p>\n<p>web: <a href=\"http:\/\/www.meridaunia.it\/\" target=\"_BLANK\">www.meridaunia.it<\/a><\/p>\n<p>mail: a.caggese@meridaunia.it<\/p>\n<p><strong>LiberoVideo<\/strong> &#8211; Video presenti in questa mail Caricamento &#8230; Si \u00e8 verificato un errore contattando il server. Riprovare pi\u00f9 tardi.<\/p>\n","protected":false},"excerpt":{"rendered":"<p>Delegazione di assessori internazionali in visita al GAL Meridaunia \u00a0 Ha fatto tappa anche presso il GAL Meridaunia la delegazione formata da assessori internazionali che dal 3 al 5 marzo ha partecipato al workshop \u201cComunit\u00e0 che apprendono\u201d incentrato sui nuovi rapporti tra Universit\u00e0 ed Enti Locali, fondati sulla partecipazione. Un momento di approfondimento questo, previsto [&hellip;]<\/p>\n","protected":false},"author":29,"featured_media":0,"comment_status":"open","ping_status":"open","sticky":false,"template":"","format":"standard","meta":[],"categories":[7],"tags":[],"_links":{"self":[{"href":"http:\/\/www.prolocodeliceto.it\/zeroweb\/index.php?rest_route=\/wp\/v2\/posts\/1584"}],"collection":[{"href":"http:\/\/www.prolocodeliceto.it\/zeroweb\/index.php?rest_route=\/wp\/v2\/posts"}],"about":[{"href":"http:\/\/www.prolocodeliceto.it\/zeroweb\/index.php?rest_route=\/wp\/v2\/types\/post"}],"author":[{"embeddable":true,"href":"http:\/\/www.prolocodeliceto.it\/zeroweb\/index.php?rest_route=\/wp\/v2\/users\/29"}],"replies":[{"embeddable":true,"href":"http:\/\/www.prolocodeliceto.it\/zeroweb\/index.php?rest_route=%2Fwp%2Fv2%2Fcomments&post=1584"}],"version-history":[{"count":2,"href":"http:\/\/www.prolocodeliceto.it\/zeroweb\/index.php?rest_route=\/wp\/v2\/posts\/1584\/revisions"}],"predecessor-version":[{"id":1588,"href":"http:\/\/www.prolocodeliceto.it\/zeroweb\/index.php?rest_route=\/wp\/v2\/posts\/1584\/revisions\/1588"}],"wp:attachment":[{"href":"http:\/\/www.prolocodeliceto.it\/zeroweb\/index.php?rest_route=%2Fwp%2Fv2%2Fmedia&parent=1584"}],"wp:term":[{"taxonomy":"category","embeddable":true,"href":"http:\/\/www.prolocodeliceto.it\/zeroweb\/index.php?rest_route=%2Fwp%2Fv2%2Fcategories&post=1584"},{"taxonomy":"post_tag","embeddable":true,"href":"http:\/\/www.prolocodeliceto.it\/zeroweb\/index.php?rest_route=%2Fwp%2Fv2%2Ftags&post=1584"}],"curies":[{"name":"wp","href":"https:\/\/api.w.org\/{rel}","templated":true}]}}