{"id":154,"date":"2008-04-01T17:49:15","date_gmt":"2008-04-01T16:49:15","guid":{"rendered":"http:\/\/www.prolocodeliceto.it\/zeroweb\/?p=154"},"modified":"2008-04-05T11:03:48","modified_gmt":"2008-04-05T10:03:48","slug":"premio-mazza-2008","status":"publish","type":"post","link":"http:\/\/www.prolocodeliceto.it\/zeroweb\/?p=154","title":{"rendered":"Premio Mazza 2008"},"content":{"rendered":"<p><strong><span style=\"font-size: 16pt; font-family: 'Times New Roman'\"><\/span><\/strong> <span style=\"font-size: 14pt; font-family: 'Times New Roman'\"> <\/span><span style=\"font-size: 14pt; font-family: 'Times New Roman'\"> <\/span><span style=\"font-size: 14pt; font-family: 'Times New Roman'\"><a href=\"http:\/\/www.prolocodeliceto.it\/zeroweb\/wp-content\/alessandro-mazza.jpg\" title=\"alessandro-mazza.jpg\"><img decoding=\"async\" loading=\"lazy\" vspace=\"10\" align=\"left\" width=\"97\" src=\"http:\/\/www.prolocodeliceto.it\/zeroweb\/wp-content\/alessandro-mazza.jpg\" hspace=\"10\" alt=\"alessandro-mazza.jpg\" height=\"131\" style=\"width: 97px; height: 131px\" title=\"alessandro-mazza.jpg\" \/><\/a>Personaggio illustre, nonch\u00e9 memorabile benefattore del nostro paese, \u00e8 stato il dott. Alessandro Mazza. Nato a Deliceto il 30\/11\/1868, consegu\u00ec la laurea in Medicina e Chirurgia. Sempre magnanimo nell\u2019aiutare il prossimo, mise a repentaglio la propria vita nella cura dei terremotati di Messina (1908) e dei malati di peste spagnola, epidemia che colp\u00ec Deliceto nel 1918. Mor\u00ec il 25 novembre di quello stesso anno. Ma il suo ricordo, indelebile, tra noi concittadini, \u00e8 l\u2019istituzione, costituita con pubblico testamento nel 1915 alla presenza del Notar Giuseppe Maffei, di premi in denaro a favore degli alunni delle scuole elementari pi\u00f9 validi nello studio. Tant\u2019\u00e8 vero che, prima di diventare Istituto Comprensivo, l\u2019edificio scolastico era intitolato a lui. \u201cConsiderando che molti hanno denaro e pochi hanno coscienza di doverne fare buon uso\u201d, riportando le sue parole, fu suo espresso desiderio lasciare i propri averi all\u2019istruzione elementare. Nominando come erede universale il Comune di Deliceto alla morte di Giuseppina Varo, sua domestica ed usufruttuaria, nell\u2019anno scolastico 1957\/1958 si diede inizio alla distribuzione del premio. I soldi messi in palio sono il netto ricavato dalla rendita dei suoi beni immobili. Ogni anno si distribuiscono questi \u201criconoscimenti\u201d di cui 3\/5 destinati alle prime tre classi elementari e 2\/5 per la IV e\n<personname ProductID=\"la V\" w:st=\"on\"><\/personname>la V, di valore doppio. Le somme aumentano di anno in anno grazie all\u2019ottima gestione che si ha dei possedimenti e alla concessione per mezzo di appalto pubblico.<a href=\"http:\/\/www.prolocodeliceto.it\/zeroweb\/wp-content\/diploma-mazza.jpg\" title=\"diploma-mazza.jpg\"><img decoding=\"async\" loading=\"lazy\" vspace=\"10\" align=\"right\" width=\"180\" src=\"http:\/\/www.prolocodeliceto.it\/zeroweb\/wp-content\/diploma-mazza.jpg\" hspace=\"10\" alt=\"diploma-mazza.jpg\" height=\"98\" style=\"width: 180px; height: 98px\" title=\"diploma-mazza.jpg\" \/><\/a><\/span><span style=\"font-size: 14pt; font-family: 'Times New Roman'\">Anche quest\u2019anno, relativamente all\u2019A.S. 2007\/2008, sono state assegnate le \u201cborse di studio\u201d, che, per l\u2019attuale edizione, hanno raggiunto quote considerevoli: come premio minore la somma di 300 euro e come premio maggiore ben 600 euro. A sottolineare questo aspetto e, con esso, il ricordo del benefattore delicetano, sono intervenute le parole del sindaco di Deliceto Benvenuto Nigro, mattatore dell\u2019evento: \u201cLa gestione delle propriet\u00e0 di Alessandro Mazza, da quando avviene direttamente dal Comune di Deliceto, porta sempre maggiori profitti; come ogni anno, nel rispetto del volere testamentario del nostro caro benefattore, viene mantenuta la promessa delle classi elementari di visitare la sua tomba\u201d. Prima di lui aveva introdotto alla giornata il Preside dell\u2019Istituto Comprensivo di Deliceto, Giovanni Castrucci, precisando il regolamento della manifestazione e come esso sia stato adattato ai tempi moderni: \u201cOggi il sistema di giudizio dato agli alunni \u00e8 diverso rispetto a circa 50 anni fa, quando il voto veniva espresso numericamente; oggi si d\u00e0 un giudizio complessivo e dovendo premiare idealmente i meritevoli che avessero raggiunto il \u201c<metricconverter ProductID=\"7 in\" w:st=\"on\"><\/metricconverter>7 in pagella\u201d, si \u00e8 trovato l\u2019equivalente nel giudizio di \u201cDistinto\u201d\u201d. Il Preside ha poi voluto esortare piccoli e grandi al rispetto delle regole, in particolare invitando le mamme presenti ad offrire il proprio sorriso ed affetto ai ragazzi, anche e soprattutto, nel caso non ricevessero un premio, dato che il sistema di premiazione \u00e8 il sorteggio.<\/span><span style=\"font-size: 14pt; font-family: 'Times New Roman'\">  <\/span><span style=\"font-size: 14pt; font-family: 'Times New Roman'\"><span style=\"font-size: 14pt; font-family: 'Times New Roman'\">Vincitori <\/span><span style=\"font-size: 14pt; font-family: 'Times New Roman'\">Premi minori: Capano Giuseppe, Ippolito Fedele, Strazzella Francesco, D\u2019Agnello Francesca (per le prime); Chinni Laura, Conte Alfonso, Biondi Chiara, Petrella Mariapina (per le seconde); Mazzei Margherita, Rampino Lucia, Suriano Domenico, Inneo Annamaria (per le terze).<\/span><span style=\"font-size: 14pt; font-family: 'Times New Roman'\">Premi maggiori: Rea Filomena, Di Francesco Mariagrazia, D\u2019Agnello Marialucia, Natale Gerarda, Sciarrillo Fabio, Catenazzo Chiara (per le quarte); D\u2019Onofrio Angela, Di Taranto Romilda, Chiusano Federica,\n<personname ProductID=\"La Vista Martina\" w:st=\"on\"><\/personname>La Vista Martina, Mazzei Claudia Pia, Talia Chiara (per le quinte).<\/span><\/p>\n<p><\/span><\/p>\n","protected":false},"excerpt":{"rendered":"<p>Personaggio illustre, nonch\u00e9 memorabile benefattore del nostro paese, \u00e8 stato il dott. Alessandro Mazza. Nato a Deliceto il 30\/11\/1868, consegu\u00ec la laurea in Medicina e Chirurgia. Sempre magnanimo nell\u2019aiutare il prossimo, mise a repentaglio la propria vita nella cura dei terremotati di Messina (1908) e dei malati di peste spagnola, epidemia che colp\u00ec Deliceto nel [&hellip;]<\/p>\n","protected":false},"author":2,"featured_media":0,"comment_status":"open","ping_status":"open","sticky":false,"template":"","format":"standard","meta":[],"categories":[7],"tags":[],"_links":{"self":[{"href":"http:\/\/www.prolocodeliceto.it\/zeroweb\/index.php?rest_route=\/wp\/v2\/posts\/154"}],"collection":[{"href":"http:\/\/www.prolocodeliceto.it\/zeroweb\/index.php?rest_route=\/wp\/v2\/posts"}],"about":[{"href":"http:\/\/www.prolocodeliceto.it\/zeroweb\/index.php?rest_route=\/wp\/v2\/types\/post"}],"author":[{"embeddable":true,"href":"http:\/\/www.prolocodeliceto.it\/zeroweb\/index.php?rest_route=\/wp\/v2\/users\/2"}],"replies":[{"embeddable":true,"href":"http:\/\/www.prolocodeliceto.it\/zeroweb\/index.php?rest_route=%2Fwp%2Fv2%2Fcomments&post=154"}],"version-history":[{"count":0,"href":"http:\/\/www.prolocodeliceto.it\/zeroweb\/index.php?rest_route=\/wp\/v2\/posts\/154\/revisions"}],"wp:attachment":[{"href":"http:\/\/www.prolocodeliceto.it\/zeroweb\/index.php?rest_route=%2Fwp%2Fv2%2Fmedia&parent=154"}],"wp:term":[{"taxonomy":"category","embeddable":true,"href":"http:\/\/www.prolocodeliceto.it\/zeroweb\/index.php?rest_route=%2Fwp%2Fv2%2Fcategories&post=154"},{"taxonomy":"post_tag","embeddable":true,"href":"http:\/\/www.prolocodeliceto.it\/zeroweb\/index.php?rest_route=%2Fwp%2Fv2%2Ftags&post=154"}],"curies":[{"name":"wp","href":"https:\/\/api.w.org\/{rel}","templated":true}]}}