{"id":131,"date":"2008-03-22T10:15:47","date_gmt":"2008-03-22T09:15:47","guid":{"rendered":"http:\/\/www.prolocodeliceto.it\/zeroweb\/?p=131"},"modified":"2008-03-22T10:15:47","modified_gmt":"2008-03-22T09:15:47","slug":"deliceto-salotto-del-festival-letterario-diari-meridiani","status":"publish","type":"post","link":"http:\/\/www.prolocodeliceto.it\/zeroweb\/?p=131","title":{"rendered":"Deliceto salotto del festival letterario &#8220;Diari Meridiani&#8221;"},"content":{"rendered":"<p><span><strong>Ospiti illustri: il giornalista Raffaele Nigro e l\u2019attore Rocco Papaleo<\/strong><\/span><span style=\"font-size: 14pt; font-family: 'Times New Roman'\"> <\/p>\n<p><\/span><span style=\"font-size: 14pt; font-family: 'Times New Roman'\"><a href=\"http:\/\/www.prolocodeliceto.it\/zeroweb\/wp-content\/i-due-prtagonisti.jpg\" title=\"i-due-prtagonisti.jpg\"><img decoding=\"async\" loading=\"lazy\" vspace=\"10\" align=\"left\" width=\"162\" src=\"http:\/\/www.prolocodeliceto.it\/zeroweb\/wp-content\/i-due-prtagonisti.jpg\" hspace=\"10\" alt=\"i-due-prtagonisti.jpg\" height=\"268\" style=\"width: 162px; height: 268px\" title=\"i-due-prtagonisti.jpg\" \/><\/a>Continua il viaggio di \u201cDiari Meridiani\u201d, coinvolgente festival della letteratura che, gioved\u00ec 6 marzo <metricconverter ProductID=\"2008, ha\" w:st=\"on\">2008, ha<\/metricconverter> segnato una delle importanti tappe del suo tour proprio nella nostra cittadina.<\/span><span style=\"font-size: 14pt; font-family: 'Times New Roman'\">Coinvolgere, ampliare gli orizzonti della cultura e della conoscenza perch\u00e9 la sete di sapere, l\u2019interesse verso la storia nostra e dei nostri popoli, spinga sempre pi\u00f9 all\u2019interazione, alla partecipazione, allo scambio d\u2019idee; questo lo scopo fondamentale dell\u2019ambizioso progetto che, alla sua prima edizione, sta producendo gi\u00e0 i buoni frutti che una programmazione arguta ed intelligente poteva aspettarsi. Ideato dall\u2019Assessore alle Politiche Giovanili della Provincia di Foggia, Marianna Anastasia, il festival si combina di vari appuntamenti letterari dislocati nel tempo e soprattutto nei luoghi: \u00abPer non fare &#8211; come ribadito dall\u2019assessore &#8211; della citt\u00e0 di Foggia l\u2019unico fulcro accentratore della cultura, bens\u00ec ricercare, apprezzare e condividere la storia e le tradizioni in quei piccoli luoghi, ancor pi\u00f9 saldamente legati a questi valori\u00bb.<\/span><span style=\"font-size: 14pt; font-family: 'Times New Roman'\">Come una conversazione fra amici, un dibattito, uno scambio di opinioni, come un salotto pomeridiano, cos\u00ec si presenta la sala consiliare di Deliceto quando si \u201caccomodano\u201d i graditi ospiti. Lo scenario sulle pareti, ricreato ad arricchire e circondare l\u2019ambiente, gi\u00e0 catapulta lo spettatore in quel mondo che, nel corso della chiacchierata, sembrer\u00e0 sempre pi\u00f9 farsi reale davanti ai suoi occhi. S\u00ec, perch\u00e9 lo scambio di opinioni, di pensieri, di idee, si impreziosisce di particolare significato quando si instaura fra \u201cartisti\u201d di talento, raffinati ed eloquenti testimoni della letteratura, dell\u2019arte e della cultura, come: il giornalista, scrittore, caporedattore della sede regionale del tg3 Raffaele Nigro e Rocco Papaleo, talentuoso, a dir poco eccezionale attore di cinema e teatro.<\/span><span style=\"font-size: 14pt; font-family: 'Times New Roman'\">I Fuochi dei Briganti, da Robin Hood a Che Guevara: da qui comincia la conversazione, fra le battute iniziali che presentano il brigante, cercando di ripercorrere nel tempo questa figura (partendo dalle ballate medioevali e analizzando tutti i secoli di scritture, racconti, poemi che l\u2019hanno visto protagonista). Giustiziateli sul campo: cos\u00ec s\u2019intitola l\u2019ultima opera letteraria del giornalista Raffaele Nigro, il quale, accanto al suo \u201cmestiere\u201d di attento, vero, arguto ed appassionato spettatore e \u201ccommentatore\u201d del presente e della cronaca di tutti i giorni, ben lega lo spirito critico ed appassionato di chi guarda al passato come ad una fonte inesauribile di conoscenza e di cultura. Il contenuto del libro, infatti, non si limita a narrarci le storie pubbliche e private del brigante ma, come spiegato dall\u2019avvocato Mattia Iossa, intervenuto nel dibattito come recensore del libro: \u00abL\u2019obiettivo di Nigro va ben oltre: non solo contestualizzare il brigante nella politica, nella societ\u00e0 del suo tempo, ma analizzare come gli scrittori del passato si siano approcciati e abbiano esaminato il fenomeno del brigantaggio\u00bb. Un intento, a mio personale avviso, sagace e pungente che fa venir fuori tante e diverse verit\u00e0: le varie sfaccettature, \u201cl\u2019ideologia\u201d di quest\u2019avvincente e travolgente figura che nel tempo ha assunto varie vesti: di eroe, poi di trasgressore, di impavido guerriero, o di sovversivo, ed ancora di affascinante e magica figura romantica, di altruista, di egoista\u2026 infine, rapportato ai nostri giorni, quella di terrorista.<\/span><span style=\"font-size: 14pt; font-family: 'Times New Roman'\">E cos\u00ec se l\u2019impegno degli studiosi si sforza di andare oltre la poesia, viene fuori la vera magia della letteratura: velare ed occultare le brutture del tempo, trasformando la realt\u00e0 in una vera favola. Ed allora, l\u2019immortale figura di Robin Hood \u00e8 \u201cmortalmente\u201d riportata, nella realt\u00e0 vera, e il brigante che \u201crubava ai ricchi per dare ai poveri\u201d, \u00e8, in realt\u00e0, il brigantello che ruba a ricchi e poveri per dare a se stesso. In quest\u2019atmosfera di vera energia e magia, la pittrice Lucia Stefanetti riproduce un\u2019opera sulla tela (vedi foto) mentre il dibattito incalza attraverso gli interventi e la brillante mediazione e conduzione del regista Cosimo Damiano Damato. Ad impreziosire l\u2019evento di una forte carica espressiva e travolgente, \u00e8 l\u2019impetuosa presenza di Rocco Papaleo, grandioso attore dalla particolare mimica facciale, capace di adeguarsi, anzi di rivestire con assoluta perfezione, i diversi ruoli che durante la sua vita artistica gli hanno conferito plausi e ammirazione. \u00c8 lui il vero brigante della serata, capace di quella raffinatezza ed arguzia dell\u2019attore che \u201cvive\u201d le sceneggiature e che, mentre interpreta passi tratti dal libro di Raffaele Nigro, fa nascere e trasmette nel pubblico silenzioso ed appassionato, le emozioni che ancor oggi \u201cun Buon Libro\u201d, il caro vecchio libro, meglio di qualsiasi altro strumento tecnologico, riesce a dare.<\/span><span style=\"font-size: 14pt; font-family: 'Times New Roman'\">Serata davvero ben riuscita, risultato sperato dal Comune di Deliceto che, nella persona del sindaco Benvenuto Nigro ha espresso la soddisfazione e il compiacimento, nonch\u00e9 i sentiti ringraziamenti per chi si \u00e8 fortemente impegnato affinch\u00e9 l\u2019itinerario di questa avventura letteraria toccasse Deliceto: il concittadino e Assessore Provinciale Benvenuto Grisorio.<\/span><span style=\"font-size: 14pt; font-family: 'Times New Roman'\"> <\/p>\n<p><\/span><span style=\"font-size: 14pt; font-family: 'Times New Roman'\" lang=\"EN-US\">Teresa Bizzarro<\/span><span style=\"font-size: 14pt; font-family: 'Times New Roman'\"> <\/p>\n<p><\/span><\/p>\n","protected":false},"excerpt":{"rendered":"<p>Ospiti illustri: il giornalista Raffaele Nigro e l\u2019attore Rocco Papaleo Continua il viaggio di \u201cDiari Meridiani\u201d, coinvolgente festival della letteratura che, gioved\u00ec 6 marzo 2008, ha segnato una delle importanti tappe del suo tour proprio nella nostra cittadina.Coinvolgere, ampliare gli orizzonti della cultura e della conoscenza perch\u00e9 la sete di sapere, l\u2019interesse verso la storia [&hellip;]<\/p>\n","protected":false},"author":2,"featured_media":0,"comment_status":"open","ping_status":"open","sticky":false,"template":"","format":"standard","meta":[],"categories":[7],"tags":[],"_links":{"self":[{"href":"http:\/\/www.prolocodeliceto.it\/zeroweb\/index.php?rest_route=\/wp\/v2\/posts\/131"}],"collection":[{"href":"http:\/\/www.prolocodeliceto.it\/zeroweb\/index.php?rest_route=\/wp\/v2\/posts"}],"about":[{"href":"http:\/\/www.prolocodeliceto.it\/zeroweb\/index.php?rest_route=\/wp\/v2\/types\/post"}],"author":[{"embeddable":true,"href":"http:\/\/www.prolocodeliceto.it\/zeroweb\/index.php?rest_route=\/wp\/v2\/users\/2"}],"replies":[{"embeddable":true,"href":"http:\/\/www.prolocodeliceto.it\/zeroweb\/index.php?rest_route=%2Fwp%2Fv2%2Fcomments&post=131"}],"version-history":[{"count":0,"href":"http:\/\/www.prolocodeliceto.it\/zeroweb\/index.php?rest_route=\/wp\/v2\/posts\/131\/revisions"}],"wp:attachment":[{"href":"http:\/\/www.prolocodeliceto.it\/zeroweb\/index.php?rest_route=%2Fwp%2Fv2%2Fmedia&parent=131"}],"wp:term":[{"taxonomy":"category","embeddable":true,"href":"http:\/\/www.prolocodeliceto.it\/zeroweb\/index.php?rest_route=%2Fwp%2Fv2%2Fcategories&post=131"},{"taxonomy":"post_tag","embeddable":true,"href":"http:\/\/www.prolocodeliceto.it\/zeroweb\/index.php?rest_route=%2Fwp%2Fv2%2Ftags&post=131"}],"curies":[{"name":"wp","href":"https:\/\/api.w.org\/{rel}","templated":true}]}}