{"id":1295,"date":"2010-03-02T21:14:07","date_gmt":"2010-03-02T20:14:07","guid":{"rendered":"http:\/\/www.prolocodeliceto.it\/zeroweb\/?p=1295"},"modified":"2010-03-11T21:16:01","modified_gmt":"2010-03-11T20:16:01","slug":"il-progetto-scuola-vangelo-della-vita","status":"publish","type":"post","link":"http:\/\/www.prolocodeliceto.it\/zeroweb\/?p=1295","title":{"rendered":"Il Progetto Scuola Vangelo della Vita&#8230;"},"content":{"rendered":"<p><strong><span style=\"font-size: 9pt; font-family: Verdana\">Associazione ONLUS \u201cVangelo Da Vida\u201d<\/span><\/strong><strong><span style=\"font-size: 9pt; font-family: Verdana\">Torniamo a parlare di un\u2019associazione con la quale, in passato, il giornale ELCE ha condiviso tante iniziative benefiche<\/span><\/strong><strong><span style=\"font-size: 9pt; font-family: Verdana\">\u00a0<\/p>\n<p><\/span><\/strong><strong><span style=\"font-size: 9pt; font-family: Verdana\">Il progetto \u201cScuola Vangelo della Vita\u201d<\/span><\/strong><strong><span style=\"font-size: 9pt; font-family: Verdana\">Oggi una realt\u00e0<\/span><\/strong><span style=\"font-size: 9pt; font-family: Verdana\">\u00a0<\/p>\n<p><\/span><span style=\"font-size: 9pt; font-family: Verdana\"><a href=\"http:\/\/www.prolocodeliceto.it\/zeroweb\/wp-content\/gruppo1.jpg\" title=\"gruppo1.jpg\"><img decoding=\"async\" src=\"http:\/\/www.prolocodeliceto.it\/zeroweb\/wp-content\/gruppo1.thumbnail.jpg\" alt=\"gruppo1.jpg\" \/><\/a>\u00a0<\/p>\n<p><\/span><span style=\"font-size: 9pt; font-family: Verdana\"><\/span>\u00a0<strong><span style=\"font-size: 9pt; font-family: Verdana\">Teresa Bizzarro<\/span><\/strong><span style=\"font-size: 9pt; font-family: Verdana\"><\/span><span style=\"font-size: 9pt; font-family: Verdana\">\u00a0<\/p>\n<p><\/span><span style=\"font-size: 9pt; font-family: Verdana\">\u00abSoccorri il tuo vicino, altrimenti il suo lamento non ti permetter\u00e0 di dormire\u00bb.<\/span><span style=\"font-size: 9pt; font-family: Verdana\">Con questo vecchio proverbio della Guinea Bissau, ritorniamo a parlare di un\u2019associazione che \u201cdell\u2019altro\u201d ha fatto la sua ragione di vita. La fitta corrispondenza fra il nostro giornale e l\u2019associazione <strong>\u201cVangelo da Vida\u201d<\/strong> ha permesso, in questi anni, di seguire con interesse e sempre viva ammirazione le iniziative e i progetti che questo gruppo di volontari sta portando avanti, non senza fatiche, a Lubango, citt\u00e0 africana dello stato dell\u2019Angola. Attraverso la testimonianza della presidentessa dell\u2019associazione, la signora Dora De Palma (nostro contatto diretto), arricchita dalla pubblicazione di varie foto (vedi numero ottobre 2006), ci eravamo immersi in una realt\u00e0 geograficamente lontana, eppure pi\u00f9 che mai vicina se solo lasciamo spazio agli occhi della coscienza.<\/span><span style=\"font-size: 9pt; font-family: Verdana\">L\u2019associazione opera da diversi anni in una delle terre pi\u00f9 povere dell\u2019Africa, confrontandosi con popolazioni che, come dice la presidentessa, \u00absono abituate a subire e non a pensare\u00bb, ed appunto, \u00abspronata da questa triste constatazione, \u00e8 nato, qualche anno fa, il progetto della costruzione della scuola \u201cCasa del Vangelo della vita\u201d<em>\u00bb. <\/em>Le ultime immagini pubblicate mostravano \u201ci lavori in corso\u201d nei quali vedevamo impegnati, al fianco dei volontari, la gente del posto (numero di Marzo 2007). A tal proposito ricordiamo la collaborazione della comunit\u00e0 delicetana che raccolse un contributo di oltre 1000 euro destinati al progetto.<\/span><strong><span style=\"font-size: 9pt; font-family: Verdana\">Oggi \u201cla Casa del Vangelo della vita\u201d \u00e8 una realt\u00e0 e ne mostriamo le nuove foto.<\/span><\/strong><em><span style=\"font-size: 9pt; font-family: Verdana\"><\/span><\/em><span style=\"font-size: 9pt; font-family: Verdana\">\u201cScuola\u201d significa recupero, formazione, libert\u00e0 di pensare e di crescere e del recupero e della formazione, di oltre 500 alunni, si occupa quotidianamente P. Benedicto Kapingala, sacerdote angolano della diocesi di Lubango. Nella \u201ccasa\u201d i bambini trovano affetto, cibo, tetto, educazione civile e morale, per poter diventare \u201cgli uomini del domani\u201d maturi e responsabili.<\/span><span style=\"font-size: 9pt; font-family: Verdana\">Lasciando spazio alle eloquenti immagini, vorrei solo soffermarmi sulle parole della signora Dora De Palma, che sentitamente racchiudono \u201cil perch\u00e9\u201d dell\u2019associazione: \u00abLa nostra vita, che giustamente viviamo adempiendo ai nostri doveri famigliari e lavorativi, non pu\u00f2 comunque essere soltanto questo. Il senso della vita \u00e8 fare qualcosa per gli altri, non possiamo stare fermi sapendo che c\u2019\u00e8 anche un solo essere umano che ha perso la propria umanit\u00e0\u00bb.<\/span><span style=\"font-size: 9pt; font-family: Verdana\">\u00a0<\/p>\n<p><\/span><span style=\"font-size: 9pt; font-family: Verdana\">\u00a0<\/p>\n<p><\/span><strong><span style=\"font-size: 9pt; font-family: Verdana\">Una visita importante\u2026<\/span><\/strong><strong><span style=\"font-size: 9pt; font-family: Verdana\">\u00a0<\/p>\n<p><\/span><\/strong><span style=\"font-size: 9pt; font-family: Verdana\">A testimonianza del grande successo, che anche il progetto della scuola ha rappresentato per la popolazione della cittadina africana, ad ottobre scorso l\u2019associazione ha ricevuto una visita significativa: <em>l\u2019arcivescovo di<\/em> <em>Lubango, <strong>Mons. Gabriel Mbilingi<\/strong><\/em> (giunto in Italia in occasione del sinodo dei vescovi) <em>ha raggiunto Foggia per conoscere e ringraziare personalmente l\u2019associazione e i sostenitori che da anni offrono la propria solidariet\u00e0<\/em>.<\/span><span style=\"font-size: 9pt; font-family: Verdana\">L\u2019accoglienza della popolazione e dei sostenitori dell\u2019organizzazione ha sigillato il forte entusiasmo che, dentro e fuori l\u2019associazione, si \u00e8 creato. Durante i 3 giorni della visita, i volontari hanno mostrato i vari altri progetti, primo fra tutti: \u201cLa scuola e il lavoro per costruire il futuro\u201d, sostenuto in collaborazione con l\u2019associazione <em>Sistema Sviluppo<\/em> e con l\u2019aiuto di alcune aziende partner che ospiteranno 4 ragazzi dall\u2019Angola per formarli come meccanici autoriparatori. <strong>(Teresa Bizzarro)<\/strong><\/span><strong><span style=\"font-size: 9pt; font-family: Verdana\">\u00a0<\/p>\n<p><\/span><\/strong><strong><span style=\"font-size: 9pt; font-family: Verdana\">Dai un sostegno<\/span><\/strong><strong><span style=\"font-size: 9pt; font-family: Verdana\"><span>\u00a0\u00a0\u00a0\u00a0\u00a0\u00a0\u00a0\u00a0\u00a0\u00a0\u00a0\u00a0\u00a0\u00a0\u00a0 <\/span><\/span><\/strong><span style=\"font-size: 9pt; font-family: Verdana\">L\u2019associazione \u201cil Vangelo della Vita &#8211; onlus\u201d nasce per salvaguardare il diritto alla vita; non ha scopo di lucro, ma \u00e8 mossa solo da finalit\u00e0 sociali. Particolare attenzione \u00e8 data al \u201cdiritto del bambino, l\u2019uomo di domani\u201d, sostegno diretto che consiste nel salvaguardare il diritto alla vita, all\u2019unione familiare, all\u2019alimentazione, allo studio, al gioco.<\/span><span style=\"font-size: 9pt; font-family: Verdana\">L\u2019associazione \u00e8 aperta a chiunque si senta pronto a tendere una mano verso il prossimo, sia in maniera \u201cdiretta\u201d (volontari in Angola), sia con gesti di solidariet\u00e0 e vicinanza che passano attraverso donazioni o la devoluzione del 5xmille per il sostegno dei progetti dell\u2019associazione.<\/span><span style=\"font-size: 9pt; font-family: Verdana\">Per ulteriori informazioni visita il sito <strong><a href=\"http:\/\/www.ilvangelodellavita.org\/\"><span style=\"color: windowtext\">www.ilvangelodellavita.org<\/span><\/a><\/strong><\/span><strong><span style=\"font-size: 9pt; font-family: Verdana\">(Teresa Bizzarro)<\/span><\/strong><strong><span style=\"font-size: 9pt; font-family: Verdana\">\u00a0<\/p>\n<p><\/span><\/strong><\/p>\n","protected":false},"excerpt":{"rendered":"<p>Associazione ONLUS \u201cVangelo Da Vida\u201dTorniamo a parlare di un\u2019associazione con la quale, in passato, il giornale ELCE ha condiviso tante iniziative benefiche\u00a0 Il progetto \u201cScuola Vangelo della Vita\u201dOggi una realt\u00e0\u00a0 \u00a0 \u00a0Teresa Bizzarro\u00a0 \u00abSoccorri il tuo vicino, altrimenti il suo lamento non ti permetter\u00e0 di dormire\u00bb.Con questo vecchio proverbio della Guinea Bissau, ritorniamo a parlare [&hellip;]<\/p>\n","protected":false},"author":29,"featured_media":0,"comment_status":"open","ping_status":"open","sticky":false,"template":"","format":"standard","meta":[],"categories":[7],"tags":[],"_links":{"self":[{"href":"http:\/\/www.prolocodeliceto.it\/zeroweb\/index.php?rest_route=\/wp\/v2\/posts\/1295"}],"collection":[{"href":"http:\/\/www.prolocodeliceto.it\/zeroweb\/index.php?rest_route=\/wp\/v2\/posts"}],"about":[{"href":"http:\/\/www.prolocodeliceto.it\/zeroweb\/index.php?rest_route=\/wp\/v2\/types\/post"}],"author":[{"embeddable":true,"href":"http:\/\/www.prolocodeliceto.it\/zeroweb\/index.php?rest_route=\/wp\/v2\/users\/29"}],"replies":[{"embeddable":true,"href":"http:\/\/www.prolocodeliceto.it\/zeroweb\/index.php?rest_route=%2Fwp%2Fv2%2Fcomments&post=1295"}],"version-history":[{"count":0,"href":"http:\/\/www.prolocodeliceto.it\/zeroweb\/index.php?rest_route=\/wp\/v2\/posts\/1295\/revisions"}],"wp:attachment":[{"href":"http:\/\/www.prolocodeliceto.it\/zeroweb\/index.php?rest_route=%2Fwp%2Fv2%2Fmedia&parent=1295"}],"wp:term":[{"taxonomy":"category","embeddable":true,"href":"http:\/\/www.prolocodeliceto.it\/zeroweb\/index.php?rest_route=%2Fwp%2Fv2%2Fcategories&post=1295"},{"taxonomy":"post_tag","embeddable":true,"href":"http:\/\/www.prolocodeliceto.it\/zeroweb\/index.php?rest_route=%2Fwp%2Fv2%2Ftags&post=1295"}],"curies":[{"name":"wp","href":"https:\/\/api.w.org\/{rel}","templated":true}]}}