{"id":1275,"date":"2010-03-02T20:44:59","date_gmt":"2010-03-02T19:44:59","guid":{"rendered":"http:\/\/www.prolocodeliceto.it\/zeroweb\/?p=1275"},"modified":"2010-03-06T08:42:39","modified_gmt":"2010-03-06T07:42:39","slug":"s-mattia-una-serata-di-fuochi","status":"publish","type":"post","link":"http:\/\/www.prolocodeliceto.it\/zeroweb\/?p=1275","title":{"rendered":"S. MATTIA. UNA SERATA DI FUOCHI"},"content":{"rendered":"<h1 style=\"margin: 0cm 0cm 0pt\"><\/h1>\n<h1 style=\"margin: 0cm 0cm 0pt\"><span style=\"font-size: 8pt\"><font face=\"Times New Roman\">A cura di Antonella Catenazzo<\/font><\/span><\/h1>\n<p><font face=\"Times New Roman\"><a href=\"http:\/\/www.prolocodeliceto.it\/zeroweb\/wp-content\/falo.JPG\" title=\"falo.JPG\"><img decoding=\"async\" loading=\"lazy\" width=\"118\" src=\"http:\/\/www.prolocodeliceto.it\/zeroweb\/wp-content\/falo.JPG\" alt=\"falo.JPG\" height=\"97\" style=\"width: 118px; height: 97px\" \/><\/a>\u00a0\u00a0\u00a0\u00a0\u00a0\u00a0\u00a0\u00a0\u00a0\u00a0 <a href=\"http:\/\/www.prolocodeliceto.it\/zeroweb\/wp-content\/premi.JPG\" title=\"premi.JPG\"><img decoding=\"async\" loading=\"lazy\" width=\"140\" src=\"http:\/\/www.prolocodeliceto.it\/zeroweb\/wp-content\/premi.JPG\" alt=\"premi.JPG\" height=\"97\" style=\"width: 140px; height: 97px\" \/><\/a><\/font><\/p>\n<p>\u00a0\u00a0<span style=\"font-size: 10pt\"><font face=\"Times New Roman\">Se devo dire la verit\u00e0, non ho mai seguito molto la festivit\u00e0 di S. Mattia, ormai identificata, qui a Deliceto, semplicemente come \u201ci fal\u00f2\u201d.<\/font><\/span><span style=\"font-size: 10pt\"><font face=\"Times New Roman\">Vuoi perch\u00e9 spesso capitava in mezzo alla settimana e il giorno dopo c\u2019era scuola, vuoi perch\u00e9 si \u00e8 pur sempre a fine febbraio e il tempo, tra freddo e vento, un po\u2019 mi scoraggiava.<\/font><\/span><span style=\"font-size: 10pt\"><font face=\"Times New Roman\">Quest\u2019anno, risolto ogni problema: il santo, generoso, per permetterci di onorare la sua festa, ha chiuso protettivamente le sue mani a cupola sul paese, regalando a tutti una serata serena e quasi primaverile; e la Pro-Loco, per darGli una mano (si dice \u201caiutati che il ciel ti aiuta\u201d) ha previdentemente spostato la data di un paio di giorni, da mercoled\u00ec 24 (data ufficiale) a sabato 27 (data non ufficiale ma, sinceramente, pi\u00f9 comoda).<\/font><\/span><span style=\"font-size: 10pt\"><font face=\"Times New Roman\">L\u2019anno scorso partecipai all\u2019evento al seguito della commissione esaminatrice, il gruppo che si occupava di giudicare i vari fal\u00f2 in concorso.<\/font><\/span><span style=\"font-size: 10pt\"><font face=\"Times New Roman\">Quest\u2019anno, incoraggiata dalla bella serata che quasi invitava a lunghe passeggiate a piedi, mi sono detta: voglio cercare di vedere tutto con gli occhi di un turista.<\/font><\/span><span style=\"font-size: 10pt\"><font face=\"Times New Roman\">Cos\u00ec,in compagnia di due amiche, alle sette, con il primo buio della sera e con le prime vaghe spire di fumo che gi\u00e0 si scorgevano in lontananza nel cielo, ho iniziato il mio giro.<\/font><\/span><span style=\"font-size: 10pt\"><font face=\"Times New Roman\">La voce del sacerdote, don Leonard, risuonava esotica nella benedizione del primo fal\u00f2, quello della Pro-Loco presso il Monumento, mentre noi eravamo ancora per strada; una volta giunte sul posto, il fal\u00f2, appena acceso, cominciava lentamente a scoppiettare, invitando ad avvicinarsi i primi affezionati, gi\u00e0 presenti sul posto.<\/font><\/span><span style=\"font-size: 10pt\"><font face=\"Times New Roman\">Ci siamo trattenute finch\u00e8 il fuoco non ha divampato pi\u00f9 sicuro, e abbiamo proseguito verso il secondo fal\u00f2 in ordine di vicinanza del nostro percorso: il fal\u00f2 di S. Antonio, organizzato dal gruppo Skaria. <\/font><\/span><span style=\"font-size: 10pt\"><font face=\"Times New Roman\">Avanzando lungo la salita di S. Antonio, verso la sommit\u00e0 su cui \u00e8 costruita la chiesa, veniamo avvolte, ma mano che ci avviciniamo, da un odore pungente che si mescola con quello del fumo: \u00e8 l\u2019odore del legno, verde<span>\u00a0 <\/span>e resinoso.<\/font><\/span><span style=\"font-size: 10pt\"><font face=\"Times New Roman\">Giunte sullo spiazzo antistante la chiesa, il fuoco si tende verso il cielo senza nulla che ne ostacoli la vista, e noi ci ritroviamo immerse in un atmosfera di altri tempi: donne e ragazze nei tipici costumi della tradizione contadina che corrono affaccendate per preparare gli assaggi gastronomici, uomini con lunghi tabarri scuri che sorvegliano il fuoco.<\/font><\/span><span style=\"font-size: 10pt\"><font face=\"Times New Roman\">Ci allontaniamo a malincuore mentre arrivano i fagioli e scendiamo verso la prossima destinazione: il fal\u00f2 di S. Rocco.<\/font><\/span><span style=\"font-size: 10pt\"><font face=\"Times New Roman\">Quando arriviamo \u00e8 ancora spento, e possiamo studiarne l\u2019allegorico messaggio: sulla catasta di legno, tra il verdeggiare di rami frondosi, c\u2019\u00e8 un fantoccio rappresentante Eva che si lascia tentare dal serpente, con tanto di mela rossa.<\/font><\/span><\/p>\n<p style=\"margin: 0cm 0cm 0pt\" class=\"MsoBodyText\"><font size=\"2\" face=\"Times New Roman\">Lo spiazzo di Largo Giovanni XXIII \u00e8 pieno di gente e di stand: artigianato locale, enogastronomia, e la Casa Canonica con le porte aperte da cui i ragazzi dell\u2019Oratorio S. Domenico Savio, organizzatori del fal\u00f2, fanno avanti e indietro per offrire ai visitatori le prime pizzette fritte, calde e profumate.<\/font><\/p>\n<p style=\"margin: 0cm 0cm 0pt\" class=\"MsoBodyText\"><font size=\"2\" face=\"Times New Roman\">Scendiamo ancora, lungo la strada della Fontana. L\u00ec sono due i fal\u00f2 che ci attendono, preparati su due stradine parallele: via Donizetti e via Arena Cavata. <\/font><\/p>\n<p style=\"margin: 0cm 0cm 0pt\" class=\"MsoBodyText\"><font size=\"2\" face=\"Times New Roman\">Il primo \u00e8 un fal\u00f2 tradizionale, e accoglie i visitatori con una salve di fuochi di artificio.<\/font><\/p>\n<p style=\"margin: 0cm 0cm 0pt\" class=\"MsoBodyText\"><font size=\"2\" face=\"Times New Roman\">Richiama quasi subito l\u2019attenzione di tutti il secondo fal\u00f2, allestito nello spiazzo davanti alla ASL: gli organizzatori hanno dato sfogo eccellente alla vena artistica: la catasta di legno \u00e8 disposta a ricreare l\u2019immagine della Fontana Monumentale Mariamalia, con tanto di statua torreggiante in cima e tre fantocci vestiti da contadini che prendono l\u2019acqua dalla fontana. Il tutto prende lentamente fuoco con lo studiato lancio di altri fuochi d\u2019artificio, tra il vorticare di scintillanti girandole colorate.<\/font><\/p>\n<p style=\"margin: 0cm 0cm 0pt\" class=\"MsoBodyText\"><font size=\"2\" face=\"Times New Roman\">Ci resta ancora un fal\u00f2 da vedere: \u00e8 quello di Borgo Gavitelle.<\/font><\/p>\n<p style=\"margin: 0cm 0cm 0pt\" class=\"MsoBodyText\"><font size=\"2\" face=\"Times New Roman\">Ci avviamo, passando per la piazza: sono ormai le nove e mezza, la folla \u00e8 aumentata e il chiacchiericcio si sparge festoso, mescolandosi con le varie colonne sonore dei fal\u00f2 che vanno dai balli da balera alle musiche pi\u00f9 folkloristiche di pizziche e tarantelle.<\/font><\/p>\n<p style=\"margin: 0cm 0cm 0pt\" class=\"MsoBodyText\"><font size=\"2\" face=\"Times New Roman\">Passato il monumento, ci lasciamo alle spalle i suoni della piazza e, sulla strada delle Gavitelle, lentamente ci avvolge il periferico silenzio della serata inoltrata. L\u2019ubicazione dell\u2019ultimo fal\u00f2 \u00e8 un po\u2019 fuori mano, appena alle porte del paese.<\/font><\/p>\n<p style=\"margin: 0cm 0cm 0pt\" class=\"MsoBodyText\"><font size=\"2\" face=\"Times New Roman\">Sar\u00e0 anche per questo che quando arriviamo l\u2019atmosfera che troviamo \u00e8 pi\u00f9 raccolta, pi\u00f9 familiare: gli abitanti del quartiere sono riuniti intorno ad una grande tavolata, nel cortile di un palazzo, e il fuoco del fal\u00f2 rosseggia accogliente.<\/font><\/p>\n<p style=\"margin: 0cm 0cm 0pt\" class=\"MsoBodyText\"><font size=\"2\" face=\"Times New Roman\">Passa qualche sparuto gruppetto di gente, e gli organizzatori invitano, cortesi, ad entrare.<\/font><\/p>\n<p style=\"margin: 0cm 0cm 0pt\" class=\"MsoBodyText\"><font size=\"2\" face=\"Times New Roman\">Il nostro giro \u00e8 finito. <\/font><\/p>\n<p style=\"margin: 0cm 0cm 0pt\" class=\"MsoBodyText\"><font size=\"2\" face=\"Times New Roman\">Ritorniamo nella piazza chiassosa dove i soliti luculli assediano i tavoli dei vari fal\u00f2 per<span>\u00a0 <\/span>\u2026un pezzo di salsiccia, me ne da due? \u2026 e due pizzette fritte, \u2026 mi d\u00e0 un piatto di fagioli?<\/font><\/p>\n<p style=\"margin: 0cm 0cm 0pt\" class=\"MsoBodyText\"><font size=\"2\" face=\"Times New Roman\">Presso lo stand della Pro-Loco ci annunciano i vincitori: il primo premio all\u2019estro artistico del fal\u00f2 di via Arena Cavata (vedi foto), il secondo al fal\u00f2 di S. Rocco, il terzo a quello di via Donizetti.<\/font><\/p>\n<p style=\"margin: 0cm 0cm 0pt\" class=\"MsoBodyText\"><font size=\"2\" face=\"Times New Roman\">Ho riportato tutto, la mia serata da inviata si chiude cos\u00ec. Ora chiudo gli occhi del turista e vado a farmi un giro con i miei amici, un gruppo di delicetani tra tanti.<\/font><\/p>\n","protected":false},"excerpt":{"rendered":"<p>A cura di Antonella Catenazzo \u00a0\u00a0\u00a0\u00a0\u00a0\u00a0\u00a0\u00a0\u00a0\u00a0 \u00a0\u00a0Se devo dire la verit\u00e0, non ho mai seguito molto la festivit\u00e0 di S. Mattia, ormai identificata, qui a Deliceto, semplicemente come \u201ci fal\u00f2\u201d.Vuoi perch\u00e9 spesso capitava in mezzo alla settimana e il giorno dopo c\u2019era scuola, vuoi perch\u00e9 si \u00e8 pur sempre a fine febbraio e il tempo, [&hellip;]<\/p>\n","protected":false},"author":29,"featured_media":0,"comment_status":"open","ping_status":"open","sticky":false,"template":"","format":"standard","meta":[],"categories":[7],"tags":[],"_links":{"self":[{"href":"http:\/\/www.prolocodeliceto.it\/zeroweb\/index.php?rest_route=\/wp\/v2\/posts\/1275"}],"collection":[{"href":"http:\/\/www.prolocodeliceto.it\/zeroweb\/index.php?rest_route=\/wp\/v2\/posts"}],"about":[{"href":"http:\/\/www.prolocodeliceto.it\/zeroweb\/index.php?rest_route=\/wp\/v2\/types\/post"}],"author":[{"embeddable":true,"href":"http:\/\/www.prolocodeliceto.it\/zeroweb\/index.php?rest_route=\/wp\/v2\/users\/29"}],"replies":[{"embeddable":true,"href":"http:\/\/www.prolocodeliceto.it\/zeroweb\/index.php?rest_route=%2Fwp%2Fv2%2Fcomments&post=1275"}],"version-history":[{"count":1,"href":"http:\/\/www.prolocodeliceto.it\/zeroweb\/index.php?rest_route=\/wp\/v2\/posts\/1275\/revisions"}],"predecessor-version":[{"id":1699,"href":"http:\/\/www.prolocodeliceto.it\/zeroweb\/index.php?rest_route=\/wp\/v2\/posts\/1275\/revisions\/1699"}],"wp:attachment":[{"href":"http:\/\/www.prolocodeliceto.it\/zeroweb\/index.php?rest_route=%2Fwp%2Fv2%2Fmedia&parent=1275"}],"wp:term":[{"taxonomy":"category","embeddable":true,"href":"http:\/\/www.prolocodeliceto.it\/zeroweb\/index.php?rest_route=%2Fwp%2Fv2%2Fcategories&post=1275"},{"taxonomy":"post_tag","embeddable":true,"href":"http:\/\/www.prolocodeliceto.it\/zeroweb\/index.php?rest_route=%2Fwp%2Fv2%2Ftags&post=1275"}],"curies":[{"name":"wp","href":"https:\/\/api.w.org\/{rel}","templated":true}]}}