{"id":1264,"date":"2010-02-12T22:00:00","date_gmt":"2010-02-12T21:00:00","guid":{"rendered":"http:\/\/www.prolocodeliceto.it\/zeroweb\/?p=1264"},"modified":"2010-02-26T07:50:04","modified_gmt":"2010-02-26T06:50:04","slug":"comunicato-stampa-lucera-porte-aperte","status":"publish","type":"post","link":"http:\/\/www.prolocodeliceto.it\/zeroweb\/?p=1264","title":{"rendered":"COMUNICATO STAMPA- Lucera, porte aperte&#8230;"},"content":{"rendered":"<p><font size=\"2\" face=\"Courier New\"><span style=\"font-size: 10pt; font-family: 'Courier New'\">\u00a0<\/p>\n<p><\/span><\/font><\/p>\n<p class=\"MsoNormal\"><strong><font size=\"3\" face=\"Garamond\"><span style=\"font-weight: bold; font-size: 12pt; font-family: Garamond\"><\/span><\/font><\/strong><\/p>\n<p><font size=\"3\" face=\"Garamond\"><span style=\"font-size: 12pt; font-family: Garamond\">\u00a0<\/p>\n<p><\/span><\/font><\/p>\n<p align=\"center\" style=\"text-align: center\" class=\"MsoNormal\"><font size=\"3\" face=\"Garamond\"><span style=\"font-size: 12pt; font-family: Garamond\">L\u2019associazione culturale Integrimi di Lucera inaugura il Circolo Multietnico per immigrati<font color=\"#000080\"><span style=\"color: navy\"><\/span><\/font><\/span><\/font><\/p>\n<p align=\"center\" style=\"text-align: center\" class=\"MsoNormal\"><strong><font size=\"3\" face=\"Garamond\"><span style=\"font-weight: bold; font-size: 12pt; font-family: Garamond\">Lucera, porte aperte agli immigrati<\/span><\/font><\/strong><\/p>\n<p align=\"center\" style=\"text-align: center\" class=\"MsoNormal\"><em><font size=\"3\" face=\"Garamond\"><span style=\"font-size: 12pt; font-style: italic; font-family: Garamond\">Un luogo di ritrovo ed integrazione per stranieri di diversa provenienza ed italiani. Presto attivi corsi di italiano, informatica ed educazione alla legalit\u00e0<\/span><\/font><\/em><\/p>\n<p><font size=\"3\" face=\"Garamond\"><span style=\"font-size: 12pt; font-family: Garamond\">\u00a0<\/p>\n<p><\/span><\/font><\/p>\n<p style=\"text-align: justify\" class=\"MsoNormal\"><strong><font size=\"3\" face=\"Garamond\"><span style=\"font-weight: bold; font-size: 12pt; font-family: Garamond\">Sabato 27 febbraio 2010 alle ore <metricconverter w:st=\"on\" ProductID=\"18,00 l\">18,00<span style=\"font-weight: normal\"> l<\/span><\/metricconverter><span style=\"font-weight: normal\">&#8216;Associazione Socio Culturale Multietnica INTEGRIMI ONLUS inaugurer\u00e0 il suo <\/span>Primo circolo Multietnico nella Citt\u00e0 di Lucera<\/span><\/font><\/strong><font face=\"Garamond\"><span style=\"font-family: Garamond\"> (via Amendola, 90). All\u2019evento saranno presenti il sindaco del Comune di Lucera, <strong><span style=\"font-weight: bold\">Pasquale Dotoli<\/span><\/strong>, gli assessori ai Servizi sociali e alla Cultura del Comune di Lucera, <strong><span style=\"font-weight: bold\">Antonio Fortunato <\/span><\/strong>e<strong><span style=\"font-weight: bold\">\n<personname w:st=\"on\" ProductID=\"Germano Benincaso\">Germano Benincaso<\/personname><\/span><\/strong>, <strong><span style=\"font-weight: bold\">Giuseppe De Sabato,<\/span><\/strong> Dirigente dell\u2019Ufficio Scolastico Provinciale di Foggia, che affronter\u00e0 il tema della integrazione scolastica degli alunni immigrati, il presidente dell\u2019Associazione Integrimi, <strong><font color=\"#000000\"><span style=\"font-weight: bold; color: black\">Bienvenu Moumbe<\/span><\/font><\/strong><\/span><\/font><font color=\"#000000\" face=\"Arial\"><span style=\"color: black; font-family: Arial\"> <\/span><\/font><font face=\"Garamond\"><span style=\"font-family: Garamond\">e l\u2019intera comunit\u00e0 straniera insieme ai cittadini di Lucera.<\/span><\/font><\/p>\n<p style=\"text-align: justify\" class=\"MsoNormal\"><font size=\"3\" face=\"Garamond\"><span style=\"font-size: 12pt; font-family: Garamond\">Il Circolo Multietnico nasce con l\u2019idea di offrire agli immigrati presenti sul territorio lucerino un luogo fisico dove potersi incontrare, passare del tempo insieme, confrontarsi e al tempo stesso migliorare la loro qualit\u00e0 di vita ed integrazione sul territorio. Con questo obiettivo, saranno attivati corsi di formazione finalizzati alla conoscenza della lingua italiana, di elementi di informatica di base e di cultura italiana, partendo dall\u2019educazione alla legalit\u00e0 fino al modo di vivere locale, usi, costumi e tradizioni del territorio.<\/span><\/font><\/p>\n<p style=\"text-align: justify\" class=\"MsoNormal\"><font size=\"3\" face=\"Garamond\"><span style=\"font-size: 12pt; font-family: Garamond\">Ma il circolo vuole prima di tutto essere un luogo aperto di incontro per cittadini italiani e stranieri, dove possa concretizzarsi l\u2019idea di una reciproca conoscenza e scambio multiculturale che tanto sta a cuore agli operatori dei servizi rivolti agli immigrati e che \u00e8 l\u2019unico modo per una serena e pacifica convivenza e integrazione tra diverse culture. <\/span><\/font><\/p>\n<p style=\"text-align: justify\" class=\"MsoNormal\"><font size=\"3\" face=\"Garamond\"><span style=\"font-size: 12pt; font-family: Garamond\">Il circolo sar\u00e0 attivo gi\u00e0 da sabato 27 febbraio, sar\u00e0 aperto tutti i giorni dalle prime ore pomeridiane fino a tarda sera (intorno alle ore 22) e sar\u00e0 dotato di 10 computer, un televisore con accesso ai canali satellitari e un internet point per agevolare gli immigrati nei contatti con i familiari residenti in altre parti del mondo.<\/span><\/font><\/p>\n<p><font size=\"3\" face=\"Garamond\"><span style=\"font-size: 12pt; font-family: Garamond\">\u00a0<\/p>\n<p><\/span><\/font><strong><font size=\"3\" face=\"Garamond\"><span style=\"font-weight: bold; font-size: 12pt; font-family: Garamond\">\u00a0<\/p>\n<p><\/span><\/font><\/strong><\/p>\n<p style=\"text-align: justify\" class=\"MsoNormal\"><strong><font size=\"3\" face=\"Garamond\"><span style=\"font-weight: bold; font-size: 12pt; font-family: Garamond\">Dati sul fenomeno migratorio a Lucera<\/span><\/font><\/strong><\/p>\n<p style=\"text-align: justify\" class=\"MsoNormal\"><font size=\"3\" face=\"Garamond\"><span style=\"font-size: 12pt; font-family: Garamond\">Gli immigrati residenti nel Comune di Lucera sono 745, di cui 179, ovvero il 24% dell\u2019intera comunit\u00e0 straniera, \u00e8 \u00a0nella fascia d\u2019et\u00e0 tra 0 e 24 anni (e tra questi 120 sono soggetti in et\u00e0 scolare, fino a 14 anni), il 60% ha tra i 25 e i 50 anni, e il restante 16% ha tra 51 ed ad 85 anni. La maggior parte degli stranieri \u00e8 di origine rumena, a seguire ci sono albanesi e cittadini dell\u2019 Europa dell\u2019est, infine, numericamente, abbiamo gli stranieri provenienti dal continente africano. Il motivo della loro presenza \u00e8 legato esclusivamente al lavoro: infatti, circa il 60% della comunit\u00e0 straniera si occupa dell\u2019assistenza agli anziani e alle persone in difficolt\u00e0; un\u2019altra parte, che si aggira attorno al 20% \u00e8 impiegata nel settore dell\u2019edilizia e la restante parte nei lavori agricoli, specie quelli regionali. <\/span><\/font><\/p>\n<p style=\"text-align: justify\" class=\"MsoNormal\"><em><font size=\"3\" face=\"Garamond\"><span style=\"font-size: 12pt; font-style: italic; font-family: Garamond\">(Dati aggiornati al febbraio 2010, forniti dal Comune di Lucera)<font color=\"#000080\"><span style=\"color: navy\">.<\/span><\/font><\/span><\/font><\/em><\/p>\n<p><font size=\"2\" face=\"Arial\"><span style=\"font-size: 10pt; font-family: Arial\">\u00a0<\/p>\n<p><\/span><\/font><\/p>\n<p class=\"MsoNormal\"><font size=\"3\" face=\"Garamond\"><span style=\"font-size: 12pt; font-family: Garamond\">Bovino, 25 febbraio 2010<\/span><\/font><\/p>\n<p><font size=\"2\" face=\"Arial\"><span style=\"font-size: 10pt; font-family: Arial\">\u00a0<\/p>\n<p><\/span><\/font><\/p>\n<p align=\"right\" style=\"text-align: right\" class=\"MsoNormal\"><font size=\"3\" face=\"Times New Roman\"><span style=\"font-size: 12pt\">Antonella Caggese<\/span><\/font><\/p>\n<p align=\"right\" style=\"text-align: right\" class=\"MsoNormal\"><font size=\"3\" face=\"Times New Roman\"><span style=\"font-size: 12pt\">Ufficio Comunicazione Gal Meridaunia<\/span><\/font><\/p>\n<p align=\"right\" style=\"text-align: right\" class=\"MsoNormal\"><font size=\"3\" face=\"Times New Roman\"><span style=\"font-size: 12pt\">Loc. Tiro a Segno<\/span><\/font><\/p>\n<p align=\"right\" style=\"text-align: right\" class=\"MsoNormal\"><font size=\"3\" face=\"Times New Roman\"><span style=\"font-size: 12pt\">71023 Bovino (FG)<\/span><\/font><\/p>\n<p align=\"right\" style=\"text-align: right\" class=\"MsoNormal\"><font size=\"3\" face=\"Times New Roman\"><span style=\"font-size: 12pt\" lang=\"EN-GB\">Tel. 0881.966557 &#8211; 0881.912007<\/span><\/font><\/p>\n<p align=\"right\" style=\"text-align: right\" class=\"MsoNormal\"><font size=\"3\" face=\"Times New Roman\"><span style=\"font-size: 12pt\" lang=\"EN-GB\">Fax. 0881.912921<\/span><\/font><\/p>\n","protected":false},"excerpt":{"rendered":"<p>\u00a0 \u00a0 L\u2019associazione culturale Integrimi di Lucera inaugura il Circolo Multietnico per immigrati Lucera, porte aperte agli immigrati Un luogo di ritrovo ed integrazione per stranieri di diversa provenienza ed italiani. Presto attivi corsi di italiano, informatica ed educazione alla legalit\u00e0 \u00a0 Sabato 27 febbraio 2010 alle ore 18,00 l&#8216;Associazione Socio Culturale Multietnica INTEGRIMI ONLUS [&hellip;]<\/p>\n","protected":false},"author":29,"featured_media":0,"comment_status":"open","ping_status":"open","sticky":false,"template":"","format":"standard","meta":[],"categories":[7],"tags":[],"_links":{"self":[{"href":"http:\/\/www.prolocodeliceto.it\/zeroweb\/index.php?rest_route=\/wp\/v2\/posts\/1264"}],"collection":[{"href":"http:\/\/www.prolocodeliceto.it\/zeroweb\/index.php?rest_route=\/wp\/v2\/posts"}],"about":[{"href":"http:\/\/www.prolocodeliceto.it\/zeroweb\/index.php?rest_route=\/wp\/v2\/types\/post"}],"author":[{"embeddable":true,"href":"http:\/\/www.prolocodeliceto.it\/zeroweb\/index.php?rest_route=\/wp\/v2\/users\/29"}],"replies":[{"embeddable":true,"href":"http:\/\/www.prolocodeliceto.it\/zeroweb\/index.php?rest_route=%2Fwp%2Fv2%2Fcomments&post=1264"}],"version-history":[{"count":0,"href":"http:\/\/www.prolocodeliceto.it\/zeroweb\/index.php?rest_route=\/wp\/v2\/posts\/1264\/revisions"}],"wp:attachment":[{"href":"http:\/\/www.prolocodeliceto.it\/zeroweb\/index.php?rest_route=%2Fwp%2Fv2%2Fmedia&parent=1264"}],"wp:term":[{"taxonomy":"category","embeddable":true,"href":"http:\/\/www.prolocodeliceto.it\/zeroweb\/index.php?rest_route=%2Fwp%2Fv2%2Fcategories&post=1264"},{"taxonomy":"post_tag","embeddable":true,"href":"http:\/\/www.prolocodeliceto.it\/zeroweb\/index.php?rest_route=%2Fwp%2Fv2%2Ftags&post=1264"}],"curies":[{"name":"wp","href":"https:\/\/api.w.org\/{rel}","templated":true}]}}