{"id":1261,"date":"2010-02-12T21:00:13","date_gmt":"2010-02-12T20:00:13","guid":{"rendered":"http:\/\/www.prolocodeliceto.it\/zeroweb\/?p=1261"},"modified":"2010-02-24T21:29:08","modified_gmt":"2010-02-24T20:29:08","slug":"importanteprevenzione-e-diagnosi","status":"publish","type":"post","link":"http:\/\/www.prolocodeliceto.it\/zeroweb\/?p=1261","title":{"rendered":"IMPORTANTE&#8230;PREVENZIONE E DIAGNOSI"},"content":{"rendered":"<p style=\"margin: 0cm 0cm 0pt; text-align: justify\" class=\"MsoNormal\"><strong><span style=\"font-size: 9pt; font-family: Verdana\"><\/span><\/strong><\/p>\n<p><strong><span style=\"font-size: 9pt; font-family: Verdana\">\u00a0<\/p>\n<p><\/span><\/strong><strong><span style=\"font-size: 9pt; font-family: Verdana\">Programma regionale di screening per la prevenzione e la diagnosi precoce del tumore del colon-retto<\/span><\/strong><strong><span style=\"font-size: 9pt; font-family: Verdana\">\u00a0<\/p>\n<p><\/span><\/strong><strong><span style=\"font-size: 9pt; font-family: Verdana\">\u00a0<\/p>\n<p><\/span><\/strong><strong><span style=\"font-size: 9pt; font-family: Verdana\">Michele Roselli<\/span><\/strong><strong><span style=\"font-size: 9pt; font-family: Verdana\">\u00a0<\/p>\n<p><\/span><\/strong><span style=\"font-size: 9pt; font-family: Verdana\">Dal mese di <strong>Novembre 2009<\/strong> \u00e8 partito il programma regionale di screening per la prevenzione e la diagnosi precoce del tumore del colon-retto. Lo screening \u00e8 rivolto a <strong>uomini e donne di et\u00e0 compresa tra i 40 e i 69 anni<\/strong>; sono circa 80.000 i residenti nella nostra Provincia di Foggia in questa fascia d\u2019et\u00e0. Il programma prevede l\u2019esecuzione di un esame endoscopico (<strong>Pancolonscopia<\/strong>) nei soggetti a rischio. I fattori di rischio sono rappresentati da: <strong>Familiarit\u00e0 per cancro del colon &#8211; Et\u00e0 compresa tra i 40 e i 69 anni &#8211; Ricerca del sangue occulto positivo<\/strong>.<\/span><span style=\"font-size: 9pt; font-family: Verdana\">Il tumore del colon-retto costituisce oggi, in Italia e in Puglia, la seconda causa di morte, sia negli uomini (dopo il tumore al polmone) che nelle donne (dopo il tumore alla mammella). Il suo sviluppo \u00e8 di solito preceduto dalla comparsa di lesioni benigne dell\u2019intestino (polipi o adenomi); uno dei segni precoci della presenza di un polipo o di un tumore del colon-retto, anche nelle sue prime fasi di sviluppo, \u00e8 il sanguinamento non visibile a occhio nudo. Il test proposto dal programma di screening permette di identificare casi di malattia in fase asintomatica e alterazioni che predispongono alla malattia e, permettendo l\u2019identificazione della presenza di \u201cpolipi\u201d benigni o di tumori nelle loro prime fasi di sviluppo, fornisce la possibilit\u00e0 di un tempestivo intervento terapeutico. Questo screening andr\u00e0 ad affiancare quelli gi\u00e0 attivi (mammella, utero) rivolgendosi per la prima volta anche alla popolazione maschile. Grande merito dell\u2019iniziativa va all\u2019impegno e all\u2019interessamento del <strong>Dott. Vincenzo Stoppino,<\/strong> direttore dell\u2019Unit\u00e0 Operativa di Gastroenterologia dell\u2019Azienda Ospedaliero Universitaria \u201cOspedali Riuniti\u201d di Foggia, che con il suo staff medico e paramedico sta curando l\u2019attuazione del programma. <\/span><strong><em><span style=\"font-size: 9pt; font-family: Verdana\">Per le informazioni e le prenotazioni, telefonare al numero 0881\/732021 o recarsi personalmente in reparto, il Marted\u00ec ed il Gioved\u00ec dalle ore 15.00 alle ore 19.00.<\/span><\/em><\/strong><\/p>\n","protected":false},"excerpt":{"rendered":"<p>\u00a0 Programma regionale di screening per la prevenzione e la diagnosi precoce del tumore del colon-retto\u00a0 \u00a0 Michele Roselli\u00a0 Dal mese di Novembre 2009 \u00e8 partito il programma regionale di screening per la prevenzione e la diagnosi precoce del tumore del colon-retto. Lo screening \u00e8 rivolto a uomini e donne di et\u00e0 compresa tra i [&hellip;]<\/p>\n","protected":false},"author":29,"featured_media":0,"comment_status":"open","ping_status":"open","sticky":false,"template":"","format":"standard","meta":[],"categories":[7],"tags":[],"_links":{"self":[{"href":"http:\/\/www.prolocodeliceto.it\/zeroweb\/index.php?rest_route=\/wp\/v2\/posts\/1261"}],"collection":[{"href":"http:\/\/www.prolocodeliceto.it\/zeroweb\/index.php?rest_route=\/wp\/v2\/posts"}],"about":[{"href":"http:\/\/www.prolocodeliceto.it\/zeroweb\/index.php?rest_route=\/wp\/v2\/types\/post"}],"author":[{"embeddable":true,"href":"http:\/\/www.prolocodeliceto.it\/zeroweb\/index.php?rest_route=\/wp\/v2\/users\/29"}],"replies":[{"embeddable":true,"href":"http:\/\/www.prolocodeliceto.it\/zeroweb\/index.php?rest_route=%2Fwp%2Fv2%2Fcomments&post=1261"}],"version-history":[{"count":0,"href":"http:\/\/www.prolocodeliceto.it\/zeroweb\/index.php?rest_route=\/wp\/v2\/posts\/1261\/revisions"}],"wp:attachment":[{"href":"http:\/\/www.prolocodeliceto.it\/zeroweb\/index.php?rest_route=%2Fwp%2Fv2%2Fmedia&parent=1261"}],"wp:term":[{"taxonomy":"category","embeddable":true,"href":"http:\/\/www.prolocodeliceto.it\/zeroweb\/index.php?rest_route=%2Fwp%2Fv2%2Fcategories&post=1261"},{"taxonomy":"post_tag","embeddable":true,"href":"http:\/\/www.prolocodeliceto.it\/zeroweb\/index.php?rest_route=%2Fwp%2Fv2%2Ftags&post=1261"}],"curies":[{"name":"wp","href":"https:\/\/api.w.org\/{rel}","templated":true}]}}